{"id":10131,"date":"2026-01-28T14:23:27","date_gmt":"2026-01-28T13:23:27","guid":{"rendered":"https:\/\/bazilikabudapest.hu\/?p=10131"},"modified":"2026-02-19T14:22:29","modified_gmt":"2026-02-19T13:22:29","slug":"k-a-r-i-t-a-s-z-k-l-u-b-n-a-p-2","status":"publish","type":"post","link":"https:\/\/bazilikabudapest.hu\/en\/2026\/01\/28\/k-a-r-i-t-a-s-z-k-l-u-b-n-a-p-2\/","title":{"rendered":"Karit\u00e1sz\u00a0klubnap"},"content":{"rendered":"<p><\/p>\n\n\n\n<p>Szeretettel megh\u00edvjuk klubnapunkra!<\/p>\n\n\n\n<p>Time: <strong>2026. janu\u00e1r 31. szombat 15 <\/strong>\u00f3ra<\/p>\n\n\n\n<p><strong><em>El\u0151ad\u00f3:<\/em> <\/strong><strong>B\u00c1DI ANIK\u00d3<\/strong><\/p>\n\n\n\n<p><em>a Belv\u00e1ros-Lip\u00f3tv\u00e1ros Eg\u00e9szs\u00e9g\u00fcgyi Szolg\u00e1lat (BLESZ) f\u0151igazgat\u00f3ja<\/em><strong><\/strong><\/p>\n\n\n\n<p><strong><em>T\u00e9ma<\/em><\/strong><\/p>\n\n\n\n<p><strong>V\u00e9d\u0151olt\u00e1sok, aktualit\u00e1sok az eg\u00e9szs\u00e9g\u00fcgyben<\/strong><\/p>\n\n\n\n<p>Helysz\u00edn: Szent Istv\u00e1n Bazilika M\u00e1ria terem<br>C\u00edm: Bp. Szent Istv\u00e1n t\u00e9r 1.<br>(Bej\u00e1rat a Bajcsy-Zsilinszky \u00fat fel\u0151l)<\/p>\n\n\n\n<p><\/p>","protected":false},"excerpt":{"rendered":"<p>Szeretettel megh\u00edvjuk klubnapunkra! Id\u0151pont: 2026. janu\u00e1r 31. szombat 15 \u00f3ra El\u0151ad\u00f3: B\u00c1DI ANIK\u00d3 a Belv\u00e1ros-Lip\u00f3tv\u00e1ros Eg\u00e9szs\u00e9g\u00fcgyi Szolg\u00e1lat (BLESZ) f\u0151igazgat\u00f3ja T\u00e9ma V\u00e9d\u0151olt\u00e1sok, aktualit\u00e1sok az eg\u00e9szs\u00e9g\u00fcgyben Helysz\u00edn: Szent Istv\u00e1n Bazilika M\u00e1ria teremC\u00edm: Bp. Szent Istv\u00e1n t\u00e9r 1.(Bej\u00e1rat a Bajcsy-Zsilinszky \u00fat fel\u0151l)<\/p>","protected":false},"author":6,"featured_media":7970,"comment_status":"closed","ping_status":"closed","sticky":false,"template":"","format":"standard","meta":{"_price":"","_stock":"","_tribe_ticket_header":"","_tribe_default_ticket_provider":"","_tribe_ticket_capacity":"0","_ticket_start_date":"","_ticket_end_date":"","_tribe_ticket_show_description":"","_tribe_ticket_show_not_going":false,"_tribe_ticket_use_global_stock":"","_tribe_ticket_global_stock_level":"","_global_stock_mode":"","_global_stock_cap":"","_tribe_rsvp_for_event":"","_tribe_ticket_going_count":"","_tribe_ticket_not_going_count":"","_tribe_tickets_list":"[]","_tribe_ticket_has_attendee_info_fields":false,"footnotes":""},"categories":[17],"tags":[],"class_list":["post-10131","post","type-post","status-publish","format-standard","has-post-thumbnail","hentry","category-informacio"],"_links":{"self":[{"href":"https:\/\/bazilikabudapest.hu\/en\/wp-json\/wp\/v2\/posts\/10131","targetHints":{"allow":["GET"]}}],"collection":[{"href":"https:\/\/bazilikabudapest.hu\/en\/wp-json\/wp\/v2\/posts"}],"about":[{"href":"https:\/\/bazilikabudapest.hu\/en\/wp-json\/wp\/v2\/types\/post"}],"author":[{"embeddable":true,"href":"https:\/\/bazilikabudapest.hu\/en\/wp-json\/wp\/v2\/users\/6"}],"replies":[{"embeddable":true,"href":"https:\/\/bazilikabudapest.hu\/en\/wp-json\/wp\/v2\/comments?post=10131"}],"version-history":[{"count":2,"href":"https:\/\/bazilikabudapest.hu\/en\/wp-json\/wp\/v2\/posts\/10131\/revisions"}],"predecessor-version":[{"id":10159,"href":"https:\/\/bazilikabudapest.hu\/en\/wp-json\/wp\/v2\/posts\/10131\/revisions\/10159"}],"wp:featuredmedia":[{"embeddable":true,"href":"https:\/\/bazilikabudapest.hu\/en\/wp-json\/wp\/v2\/media\/7970"}],"wp:attachment":[{"href":"https:\/\/bazilikabudapest.hu\/en\/wp-json\/wp\/v2\/media?parent=10131"}],"wp:term":[{"taxonomy":"category","embeddable":true,"href":"https:\/\/bazilikabudapest.hu\/en\/wp-json\/wp\/v2\/categories?post=10131"},{"taxonomy":"post_tag","embeddable":true,"href":"https:\/\/bazilikabudapest.hu\/en\/wp-json\/wp\/v2\/tags?post=10131"}],"curies":[{"name":"wp","href":"https:\/\/api.w.org\/{rel}","templated":true}]}}