{"id":10200,"date":"2026-03-02T07:00:06","date_gmt":"2026-03-02T06:00:06","guid":{"rendered":"https:\/\/bazilikabudapest.hu\/2026\/03\/02\/2026-marcius-2-hetfo\/"},"modified":"2026-03-02T07:00:06","modified_gmt":"2026-03-02T06:00:06","slug":"2026-marcius-2-hetfo","status":"publish","type":"post","link":"https:\/\/bazilikabudapest.hu\/en\/2026\/03\/02\/2026-marcius-2-hetfo\/","title":{"rendered":"2026. m\u00e1rcius 2. \u2013 H\u00e9tf\u0151"},"content":{"rendered":"<p>A hegyi besz\u00e9dben J\u00e9zus \u00edgy sz\u00f3lt tan\u00edtv\u00e1nyaihoz: \u201eLegyetek irgalmasok, amint mennyei Aty\u00e1tok is irgalmas. Ne mondjatok \u00edt\u00e9letet senki f\u00f6l\u00f6tt, s akkor f\u00f6l\u00f6ttetek sem \u00edt\u00e9lkeznek. Ne \u00edt\u00e9ljetek el senkit, s akkor titeket sem \u00edt\u00e9lnek el. Bocs\u00e1ssatok meg, \u00e9s nektek is megbocs\u00e1tanak. Adjatok, \u00e9s akkor ti is kaptok. J\u00f3, t\u00f6m\u00f6tt, megr\u00e1zott \u00e9s t\u00falcsordul\u00f3 m\u00e9rt\u00e9kkel m\u00e9rnek \u00f6letekbe. Mert amilyen m\u00e9rt\u00e9kkel ti m\u00e9rtek, olyannal m\u00e9rnek majd nektek is.\u201d  \n \nLk 6,36-38<\/p>\r\n\r\n\r\n\r\n<p>Elm\u00e9lked\u00e9s: A megbocs\u00e1t\u00e1s gyakorl\u00e1s\u00e1ra \u00edgy sz\u00f3l\u00edt fel J\u00e9zus a mai evang\u00e9liumban: \u201eLegyetek irgalmasok, amint mennyei Aty\u00e1tok is irgalmas.\u201d A nagyb\u00f6jt elej\u00e9n J\u00e9zus nem egyszer\u0171en cselekv\u00e9si utas\u00edt\u00e1st ad, hanem egy \u00e9letform\u00e1ra h\u00edv minket, k\u00f6vet\u0151it. Az irgalmass\u00e1g nem erk\u00f6lcsi teljes\u00edtm\u00e9ny, hanem v\u00e1lasz arra, amit Istent\u0151l magunk is megtapasztalunk. \u0150 nem m\u00e9ricsk\u00e9lve ad, hanem t\u00fal\u00e1rad\u00f3 szeretettel.\r\n J\u00e9zus ma h\u00e1rom konkr\u00e9t felsz\u00f3l\u00edt\u00e1st mond: \u201eNe \u00edt\u00e9lkezzetek!\u201d, \u201eBocs\u00e1ssatok meg!\u201d, \u201eAdjatok!\u201d \u2013 mindh\u00e1rom k\u00e9r\u00e9s emberi kapcsolataink alapj\u00e1t \u00e9rinti. Aki igaz\u00e1n irgalmas, az nem saj\u00e1t igaz\u00e1hoz ragaszkodik, hanem figyelembe veszi a m\u00e1sik ember \u00e9rdekeit, lehet\u0151s\u00e9geit. Aki megbocs\u00e1t, az nem a gyenges\u00e9g jel\u00e9t mutatja, hanem azt, hogy szabad. Az \u00edt\u00e9lkez\u00e9s nem egyszer\u0171en csak hibakeres\u00e9s, hanem egyfajta v\u00e1gy, hogy mindent az ir\u00e1ny\u00edt\u00e1sunk al\u00e1 vonjunk. Aki irgalmas, az \u00e1tengedi Istennek az \u00edt\u00e9let jog\u00e1t.\r\n Engedj\u00fck, hogy Isten irgalma meg\u00e9rintse sebeinket, hogy mi is k\u00e9pesek legy\u00fcnk irgalmat gyakorolni. Ne m\u00e1sok hib\u00e1ira figyelj\u00fcnk, hanem a saj\u00e1t sz\u00edv\u00fcnk kem\u00e9nys\u00e9g\u00e9t aj\u00e1nljuk Isten gy\u00f3gy\u00edt\u00f3 szeretet\u00e9be. Az igazi irgalom mindig bel\u00fclr\u0151l fakad, abb\u00f3l, amit Istennel val\u00f3 kapcsolatunkban megtapasztalunk. \u00d6r\u00fclj\u00fcnk annak, ha Isten megbocs\u00e1t nek\u00fcnk a szentgy\u00f3n\u00e1sban \u00e9s \u00f6r\u00fclj\u00fcnk annak, ha mi is megbocs\u00e1tunk felebar\u00e1tainknak. A megbocs\u00e1t\u00e1s b\u00e9k\u00e9t hoz kapcsolatainkba.\r\n&copy; Horv\u00e1th Istv\u00e1n S\u00e1ndor<\/p>\r\n\r\n\r\n<!-- \/wp:post-content -->\r\n\r\n<!-- wp:paragraph -->\r\n<p>Im\u00e1ds\u00e1g:\n\n \nIrgalmas Istenem! Tan\u00edts engem l\u00e1tni \u00fagy, ahogy te l\u00e1tsz, nem a hib\u00e1kat \u00e9s a gyenges\u00e9geket, hanem a j\u00f3t \u00e9szre v\u00e9ve az embert\u00e1rsban! Oly sokszor \u00edt\u00e9lkezem kimondva vagy magamban, szabad\u00edts meg ett\u0151l a szolgas\u00e1gt\u00f3l! Add, hogy sz\u00edvemet \u00e1tj\u00e1rja a te k\u00f6ny\u00f6r\u00fcleted, \u00e9s tov\u00e1bb tudjam adni m\u00e1soknak is, sz\u00edvb\u0151l megbocs\u00e1tva, mindenkinek, aki b\u00e1nt! Seg\u00edts, hogy ne a m\u00falt hib\u00e1i, hanem a megbocs\u00e1t\u00e1s form\u00e1lja kapcsolataimat! Uram, seg\u00edts, hogy irgalmas sz\u00edv\u0171 legyek!<\/p>\r\n<!-- \/wp:paragraph -->","protected":false},"excerpt":{"rendered":"<p>A hegyi besz\u00e9dben J\u00e9zus \u00edgy sz\u00f3lt tan\u00edtv\u00e1nyaihoz: \u201eLegyetek irgalmasok, amint mennyei Aty\u00e1tok is irgalmas. Ne mondjatok \u00edt\u00e9letet senki f\u00f6l\u00f6tt, s akkor f\u00f6l\u00f6ttetek sem \u00edt\u00e9lkeznek. Ne \u00edt\u00e9ljetek el senkit, s akkor titeket sem \u00edt\u00e9lnek el. Bocs\u00e1ssatok meg, \u00e9s nektek is megbocs\u00e1tanak. Adjatok, \u00e9s akkor ti is kaptok. J\u00f3, t\u00f6m\u00f6tt, megr\u00e1zott \u00e9s t\u00falcsordul\u00f3 m\u00e9rt\u00e9kkel m\u00e9rnek \u00f6letekbe. Mert amilyen m\u00e9rt\u00e9kkel ti m\u00e9rtek, olyannal m\u00e9rnek majd nektek is.\u201d Lk 6,36-38 Elm\u00e9lked\u00e9s: A megbocs\u00e1t\u00e1s gyakorl\u00e1s\u00e1ra \u00edgy sz\u00f3l\u00edt fel J\u00e9zus a mai evang\u00e9liumban: \u201eLegyetek irgalmasok, amint mennyei Aty\u00e1tok is irgalmas.\u201d A nagyb\u00f6jt elej\u00e9n J\u00e9zus nem egyszer\u0171en&#8230;<\/p>","protected":false},"author":1,"featured_media":3695,"comment_status":"","ping_status":"","sticky":false,"template":"","format":"standard","meta":{"_price":"","_stock":"","_tribe_ticket_header":"","_tribe_default_ticket_provider":"","_tribe_ticket_capacity":"0","_ticket_start_date":"","_ticket_end_date":"","_tribe_ticket_show_description":"","_tribe_ticket_show_not_going":false,"_tribe_ticket_use_global_stock":"","_tribe_ticket_global_stock_level":"","_global_stock_mode":"","_global_stock_cap":"","_tribe_rsvp_for_event":"","_tribe_ticket_going_count":"","_tribe_ticket_not_going_count":"","_tribe_tickets_list":"[]","_tribe_ticket_has_attendee_info_fields":false,"footnotes":""},"categories":[42],"tags":[],"class_list":["post-10200","post","type-post","status-publish","format-standard","has-post-thumbnail","hentry","category-napi-evangelium"],"_links":{"self":[{"href":"https:\/\/bazilikabudapest.hu\/en\/wp-json\/wp\/v2\/posts\/10200","targetHints":{"allow":["GET"]}}],"collection":[{"href":"https:\/\/bazilikabudapest.hu\/en\/wp-json\/wp\/v2\/posts"}],"about":[{"href":"https:\/\/bazilikabudapest.hu\/en\/wp-json\/wp\/v2\/types\/post"}],"author":[{"embeddable":true,"href":"https:\/\/bazilikabudapest.hu\/en\/wp-json\/wp\/v2\/users\/1"}],"replies":[{"embeddable":true,"href":"https:\/\/bazilikabudapest.hu\/en\/wp-json\/wp\/v2\/comments?post=10200"}],"version-history":[{"count":0,"href":"https:\/\/bazilikabudapest.hu\/en\/wp-json\/wp\/v2\/posts\/10200\/revisions"}],"wp:featuredmedia":[{"embeddable":true,"href":"https:\/\/bazilikabudapest.hu\/en\/wp-json\/wp\/v2\/media\/3695"}],"wp:attachment":[{"href":"https:\/\/bazilikabudapest.hu\/en\/wp-json\/wp\/v2\/media?parent=10200"}],"wp:term":[{"taxonomy":"category","embeddable":true,"href":"https:\/\/bazilikabudapest.hu\/en\/wp-json\/wp\/v2\/categories?post=10200"},{"taxonomy":"post_tag","embeddable":true,"href":"https:\/\/bazilikabudapest.hu\/en\/wp-json\/wp\/v2\/tags?post=10200"}],"curies":[{"name":"wp","href":"https:\/\/api.w.org\/{rel}","templated":true}]}}