{"id":10201,"date":"2026-03-03T07:00:03","date_gmt":"2026-03-03T06:00:03","guid":{"rendered":"https:\/\/bazilikabudapest.hu\/2026\/03\/03\/2026-marcius-3-kedd\/"},"modified":"2026-03-03T07:00:03","modified_gmt":"2026-03-03T06:00:03","slug":"2026-marcius-3-kedd","status":"publish","type":"post","link":"https:\/\/bazilikabudapest.hu\/en\/2026\/03\/03\/2026-marcius-3-kedd\/","title":{"rendered":"2026. m\u00e1rcius 3. \u2013 Kedd"},"content":{"rendered":"<p>Egy alkalommal J\u00e9zus e szavakkal fordult a n\u00e9phez \u00e9s tan\u00edtv\u00e1nyaihoz: \u201eM\u00f3zes tan\u00edt\u00f3sz\u00e9k\u00e9ben az \u00edr\u00e1stud\u00f3k \u00e9s a farizeusok \u00fclnek. Tegyetek meg \u00e9s tartsatok meg ez\u00e9rt mindent, amit mondanak nektek, de tetteikben ne k\u00f6vess\u00e9tek \u0151ket, mert tan\u00edtj\u00e1k ugyan, de maguk nem teszik azt. S\u00falyos, s\u0151t elviselhetetlen terheket k\u00f6t\u00f6znek \u00f6ssze \u00e9s helyeznek az emberek v\u00e1ll\u00e1ra, de maguk egy ujjal sem hajland\u00f3k mozd\u00edtani rajta. Amit tesznek, az\u00e9rt teszik, hogy l\u00e1ss\u00e1k \u0151ket az emberek. Sz\u00e9lesre szabj\u00e1k imasz\u00edjukat, \u00e9s k\u00f6nt\u00f6s\u00fck\u00f6n megnagyobb\u00edtj\u00e1k a bojtokat. Vend\u00e9gs\u00e9gben szeretnek a f\u0151helyekre \u00fclni, a zsinag\u00f3g\u00e1ban pedig az els\u0151 sz\u00e9kekbe. Elv\u00e1rj\u00e1k, hogy az emberek k\u00f6sz\u00f6njenek nekik a f\u0151tereken, \u00e9s hogy rabbinak, azaz mesternek sz\u00f3l\u00edts\u00e1k \u0151ket. Ti ne h\u00edvass\u00e1tok magatokat mesternek, mert egy a ti Mesteretek, ti pedig mindny\u00e1jan testv\u00e9rek vagytok. De aty\u00e1nak se h\u00edvjatok senkit a f\u00f6ld\u00f6n, mert egy a ti Aty\u00e1tok, a mennyei. \u00c9s tan\u00edt\u00f3nak se h\u00edvass\u00e1tok magatokat, hisz egy a ti tan\u00edt\u00f3tok: Krisztus. Aki a legnagyobb k\u00f6ztetek, az legyen a t\u00f6bbi szolg\u00e1ja. Aki \u00f6nmag\u00e1t magasztalja, azt megal\u00e1zz\u00e1k, \u00e9s aki \u00f6nmag\u00e1t megal\u00e1zza, azt felmagasztalj\u00e1k.\u201d  \n \nMt 23,1-12<\/p>\r\n\r\n\r\n\r\n<p>Elm\u00e9lked\u00e9s: J\u00e9zus a farizeusok \u00e9s \u00edr\u00e1stud\u00f3k magatart\u00e1s\u00e1r\u00f3l besz\u00e9l a mai evang\u00e9liumban, de nem az \u0151 megb\u00e9lyegz\u00e9s\u00fck a c\u00e9lja, hanem a tan\u00edtv\u00e1nyok figyelmeztet\u00e9se. A legnagyobb k\u00eds\u00e9rt\u00e9s ugyanis az, amikor az Istennek tetsz\u0151 \u00e9let l\u00e1tszata fontosabb lesz, mint annak val\u00f3s\u00e1ga. A nagyb\u00f6jt alkalmas id\u0151 arra, hogy megvizsg\u00e1ljuk: milyen szerepeket j\u00e1tszunk, milyen elv\u00e1r\u00e1sokhoz igaz\u00edtjuk a hit\u00fcnket.\r\n \u201eAki a legnagyobb k\u00f6ztetek, az legyen a szolg\u00e1tok\u201d \u2013 olvassuk J\u00e9zus szavait, aki nem puszt\u00e1n figyelmess\u00e9gre buzd\u00edt, hanem szembe \u00e1ll\u00edtja az evang\u00e9lium logik\u00e1j\u00e1t a vil\u00e1g gondolkod\u00e1s\u00e1val. A szolg\u00e1lat nem m\u00e1sodrend\u0171s\u00e9g, hanem a szeretet legm\u00e9lyebb kifejez\u00e9se. A szolg\u00e1lat nem megal\u00e1z\u00f3, hanem felemel\u0151. J\u00e9zus maga is ezt az utat j\u00e1rta, \u0151 megv\u00e1lt\u00e1sunk szolg\u00e1ja.\r\n Egyre vil\u00e1gosabban l\u00e1thatjuk, hogy a b\u00f6jti \u00fat l\u00e9nyege a sz\u00edv sz\u00e1nd\u00e9kainak megtiszt\u00edt\u00e1sa. Kevesebb szerepj\u00e1tsz\u00e1s, de t\u00f6bb \u0151szintes\u00e9g. Kevesebb k\u00fcls\u0151s\u00e9g, de t\u00f6bb bels\u0151 figyelem. Kevesebb k\u00e9pmutat\u00e1s \u00e9s k\u00e9tsz\u00edn\u0171s\u00e9g, de t\u00f6bb tan\u00fas\u00e1gt\u00e9tel. Az igazi al\u00e1zat nem \u00f6nle\u00e9rt\u00e9kel\u00e9s, hanem annak felismer\u00e9se, hogy minden, amit kaptam, aj\u00e1nd\u00e9k. \u00c9s nem birtokolni kell ezt az aj\u00e1nd\u00e9kot, hanem szolg\u00e1lni vele.\r\n&copy; Horv\u00e1th Istv\u00e1n S\u00e1ndor<\/p>\r\n\r\n\r\n<!-- \/wp:post-content -->\r\n\r\n<!-- wp:paragraph -->\r\n<p>Im\u00e1ds\u00e1g:\n\n \nUram, J\u00e9zus Krisztus! Te az emberi sz\u00edvek m\u00e9ly\u00e9re l\u00e1tsz, j\u00f3l ismered sz\u00e1nd\u00e9kainkat \u00e9s \u00e9rz\u00e9seinket. Tiszt\u00edts meg minden k\u00e9pmutat\u00f3 szerepj\u00e1tsz\u00e1st\u00f3l, amely elv\u00e1laszt t\u0151led \u00e9s embert\u00e1rsaimt\u00f3l! Tan\u00edts igazi al\u00e1zatra, hogy ne \u00f6nmagam \u00e9rv\u00e9nyes\u00fcl\u00e9se legyen a l\u00e9nyeges, hanem a te k\u00f6vet\u00e9sed! Add, hogy a szolg\u00e1lat ne teher vagy k\u00e9nyszer, hanem \u00f6r\u00f6m legyen sz\u00e1momra! T\u00e9gy szabadd\u00e1, hogy egyed\u00fcl a te igazs\u00e1god vezessen \u00e9letemben!<\/p>\r\n<!-- \/wp:paragraph -->","protected":false},"excerpt":{"rendered":"<p>Egy alkalommal J\u00e9zus e szavakkal fordult a n\u00e9phez \u00e9s tan\u00edtv\u00e1nyaihoz: \u201eM\u00f3zes tan\u00edt\u00f3sz\u00e9k\u00e9ben az \u00edr\u00e1stud\u00f3k \u00e9s a farizeusok \u00fclnek. Tegyetek meg \u00e9s tartsatok meg ez\u00e9rt mindent, amit mondanak nektek, de tetteikben ne k\u00f6vess\u00e9tek \u0151ket, mert tan\u00edtj\u00e1k ugyan, de maguk nem teszik azt. S\u00falyos, s\u0151t elviselhetetlen terheket k\u00f6t\u00f6znek \u00f6ssze \u00e9s helyeznek az emberek v\u00e1ll\u00e1ra, de maguk egy ujjal sem hajland\u00f3k mozd\u00edtani rajta. Amit tesznek, az\u00e9rt teszik, hogy l\u00e1ss\u00e1k \u0151ket az emberek. Sz\u00e9lesre szabj\u00e1k imasz\u00edjukat, \u00e9s k\u00f6nt\u00f6s\u00fck\u00f6n megnagyobb\u00edtj\u00e1k a bojtokat. Vend\u00e9gs\u00e9gben szeretnek a f\u0151helyekre \u00fclni, a zsinag\u00f3g\u00e1ban pedig az els\u0151 sz\u00e9kekbe. Elv\u00e1rj\u00e1k, hogy&#8230;<\/p>","protected":false},"author":1,"featured_media":3695,"comment_status":"","ping_status":"","sticky":false,"template":"","format":"standard","meta":{"_price":"","_stock":"","_tribe_ticket_header":"","_tribe_default_ticket_provider":"","_tribe_ticket_capacity":"0","_ticket_start_date":"","_ticket_end_date":"","_tribe_ticket_show_description":"","_tribe_ticket_show_not_going":false,"_tribe_ticket_use_global_stock":"","_tribe_ticket_global_stock_level":"","_global_stock_mode":"","_global_stock_cap":"","_tribe_rsvp_for_event":"","_tribe_ticket_going_count":"","_tribe_ticket_not_going_count":"","_tribe_tickets_list":"[]","_tribe_ticket_has_attendee_info_fields":false,"footnotes":""},"categories":[42],"tags":[],"class_list":["post-10201","post","type-post","status-publish","format-standard","has-post-thumbnail","hentry","category-napi-evangelium"],"_links":{"self":[{"href":"https:\/\/bazilikabudapest.hu\/en\/wp-json\/wp\/v2\/posts\/10201","targetHints":{"allow":["GET"]}}],"collection":[{"href":"https:\/\/bazilikabudapest.hu\/en\/wp-json\/wp\/v2\/posts"}],"about":[{"href":"https:\/\/bazilikabudapest.hu\/en\/wp-json\/wp\/v2\/types\/post"}],"author":[{"embeddable":true,"href":"https:\/\/bazilikabudapest.hu\/en\/wp-json\/wp\/v2\/users\/1"}],"replies":[{"embeddable":true,"href":"https:\/\/bazilikabudapest.hu\/en\/wp-json\/wp\/v2\/comments?post=10201"}],"version-history":[{"count":0,"href":"https:\/\/bazilikabudapest.hu\/en\/wp-json\/wp\/v2\/posts\/10201\/revisions"}],"wp:featuredmedia":[{"embeddable":true,"href":"https:\/\/bazilikabudapest.hu\/en\/wp-json\/wp\/v2\/media\/3695"}],"wp:attachment":[{"href":"https:\/\/bazilikabudapest.hu\/en\/wp-json\/wp\/v2\/media?parent=10201"}],"wp:term":[{"taxonomy":"category","embeddable":true,"href":"https:\/\/bazilikabudapest.hu\/en\/wp-json\/wp\/v2\/categories?post=10201"},{"taxonomy":"post_tag","embeddable":true,"href":"https:\/\/bazilikabudapest.hu\/en\/wp-json\/wp\/v2\/tags?post=10201"}],"curies":[{"name":"wp","href":"https:\/\/api.w.org\/{rel}","templated":true}]}}