{"id":10203,"date":"2026-03-05T07:00:10","date_gmt":"2026-03-05T06:00:10","guid":{"rendered":"https:\/\/bazilikabudapest.hu\/2026\/03\/05\/2026-marcius-5-csutortok\/"},"modified":"2026-03-05T07:00:10","modified_gmt":"2026-03-05T06:00:10","slug":"2026-marcius-5-csutortok","status":"publish","type":"post","link":"https:\/\/bazilikabudapest.hu\/en\/2026\/03\/05\/2026-marcius-5-csutortok\/","title":{"rendered":"2026. m\u00e1rcius 5. \u2013 Cs\u00fct\u00f6rt\u00f6k"},"content":{"rendered":"<p>Egy alkalommal J\u00e9zus ezt a p\u00e9ldabesz\u00e9det mondta el a farizeusoknak: \u201eVolt egy gazdag ember. B\u00edborba \u00e9s patyolatba \u00f6lt\u00f6zk\u00f6d\u00f6tt, \u00e9s mindennap d\u00fasan lakm\u00e1rozott. Volt egy L\u00e1z\u00e1r nev\u0171 koldus is, ez ott fek\u00fcdt a gazdag kapuja el\u0151tt, tele fek\u00e9llyel. Sz\u00edvesen j\u00f3llakott volna az \u00e9telmarad\u00e9kb\u00f3l, amely a gazdag ember asztal\u00e1r\u00f3l lehullott, de abb\u00f3l sem adtak neki. Csak a kuty\u00e1k j\u00f6ttek, \u00e9s nyalogatt\u00e1k a sebeit. Meghalt a koldus, \u00e9s az angyalok \u00c1brah\u00e1m kebel\u00e9re vitt\u00e9k. A gazdag is meghalt, \u00e9s eltemett\u00e9k. A pokolban, amikor nagy k\u00ednjai k\u00f6zt feltekintett, megl\u00e1tta messzir\u0151l \u00c1brah\u00e1mot \u00e9s a kebl\u00e9n L\u00e1z\u00e1rt. Felki\u00e1ltott: Aty\u00e1m, \u00c1brah\u00e1m! K\u00f6ny\u00f6r\u00fclj rajtam! K\u00fcldd el L\u00e1z\u00e1rt, hogy ujja hegy\u00e9t v\u00edzbe m\u00e1rtva h\u0171s\u00edtse nyelvemet. Iszony\u00faan gy\u00f6tr\u0151d\u00f6m ezekben a l\u00e1ngokban. Fiam \u2013 felelte \u00c1brah\u00e1m \u2013, eml\u00e9kezz\u00e9l r\u00e1, hogy milyen j\u00f3 dolgod volt \u00e9letedben, L\u00e1z\u00e1rnak meg mennyi jutott a rosszb\u00f3l. Most \u0151 itt vigasztal\u00f3dik, te pedig oda\u00e1t gy\u00f6tr\u0151d\u00f6l. Azonfel\u00fcl k\u00f6zt\u00fcnk \u00e9s k\u00f6ztetek nagy szakad\u00e9k t\u00e1tong, hogy aki inn\u00e9t \u00e1t akarna menni hozz\u00e1tok, ne tudjon, se onn\u00e9t ne tudjon hozz\u00e1nk \u00e1tj\u00f6nni senki. Akkor arra k\u00e9rlek, aty\u00e1m \u2013 ki\u00e1ltotta \u00fajra \u2013, k\u00fcldd el \u0151t atyai h\u00e1zunkba, ahol m\u00e9g \u00f6t testv\u00e9rem \u00e9l. Tegyen bizonys\u00e1got el\u0151tt\u00fck, nehogy \u0151k is ide jussanak a gy\u00f6trelmek hely\u00e9re. \u00c1brah\u00e1m ezt felelte: Van M\u00f3zes\u00fck \u00e9s vannak pr\u00f3f\u00e9t\u00e1ik. Azokra hallgassanak. \u00c1m az er\u0151sk\u00f6d\u00f6tt: Nem teszik, aty\u00e1m, \u00c1brah\u00e1m! De ha valaki, a halottak k\u00f6z\u00fcl elmenne hozz\u00e1juk, b\u0171nb\u00e1natot tartan\u00e1nak. \u0150 azonban \u00edgy felelt: Ha M\u00f3zesre \u00e9s a pr\u00f3f\u00e9t\u00e1kra nem hallgatnak, akkor m\u00e9g ha a halottak k\u00f6z\u00fcl t\u00e1mad is fel valaki, annak sem hisznek.\u201d  \n \nLk 16,19-31<\/p>\r\n\r\n\r\n\r\n<p>Elm\u00e9lked\u00e9s: A k\u00f6z\u00f6mb\u00f6ss\u00e9g szakad\u00e9ka t\u00e1rul el\u00e9nk a mai evang\u00e9liumban, de ha az \u00e9letben ker\u00fcl el\u00e9nk, vigy\u00e1zzunk, nehogy beleess\u00fcnk! A gazdag ember \u00e9s L\u00e1z\u00e1r t\u00f6rt\u00e9nete els\u0151sorban nem szoci\u00e1lis ki\u00e1ltv\u00e1ny, hanem lelki diagn\u00f3zis. A b\u0171n nem abban \u00e1ll, hogy a gazdag b\u00e1ntotta volna L\u00e1z\u00e1rt, hanem hogy nem l\u00e1tta meg nyomor\u00fas\u00e1gos \u00e9lethelyzet\u00e9t. Elment mellette, nap mint nap, \u00fagy, hogy k\u00f6zben nem vette embersz\u00e1mba. A legnagyobb szakad\u00e9k nem a vil\u00e1gban van, hanem a k\u00f6z\u00f6ny miatt az emberi sz\u00edvek k\u00f6z\u00f6tt.\r\n A nagyb\u00f6jt seg\u00edt minket, hogy \u00e9szrevegy\u00fck azokat, akikre m\u00e1skor tal\u00e1n nem figyel\u00fcnk. Tal\u00e1n \u00e9ppen a h\u00e1zunk el\u0151tt fekszik a sz\u00fcks\u00e9get szenved\u0151 ember, \u00e9s ha ma nem halljuk meg seg\u00edts\u00e9gk\u00e9r\u00e9s\u00e9t, holnap m\u00e1r lehet, hogy nem lesz kinek seg\u00edten\u00fcnk. Az evang\u00e9liumi t\u00f6rt\u00e9netben ezt olvassuk: \u201ek\u00f6zt\u00fcnk \u00e9s k\u00f6ztetek nagy szakad\u00e9k t\u00e1tong.\u201d Ez a kijelent\u00e9s a f\u00f6ldi \u00e9s a mennyei vil\u00e1g t\u00e1vols\u00e1g\u00e1ra, az \u00e9l\u0151k \u00e9s a halottak k\u00f6zti t\u00e1vols\u00e1gra utal. De m\u00e1sra is! A gazdag ember \u00e9s L\u00e1z\u00e1r k\u00f6zti t\u00e1vols\u00e1gra, amikor m\u00e9g mindketten \u00e9lnek. \u201eK\u00f6zt\u00fcnk \u00e9s k\u00f6ztetek nagy szakad\u00e9k t\u00e1tong\u201d \u2013 ez a k\u00f6z\u00f6mb\u00f6ss\u00e9g, a k\u00f6z\u00f6ny pontos \u00e9s f\u00e1jdalmas le\u00edr\u00e1sa.\r\n A gazdag ember szeretne m\u00e1sokat figyelmeztetni, de m\u00e1r k\u00e9s\u0151. Mi azonban m\u00e9g ma halljuk meg Isten szav\u00e1t! Ma m\u00e9g odal\u00e9phet\u00fcnk a L\u00e1z\u00e1rokhoz. Seg\u00edtsen minket a nagyb\u00f6jti id\u0151szak, hogy \u00fajra figyelmesek \u00e9s \u00e9rz\u00e9keny sz\u00edv\u0171ek legy\u00fcnk! Ahol a szeretet cselekszik, ott a szakad\u00e9kok elt\u0171nnek.\r\n&copy; Horv\u00e1th Istv\u00e1n S\u00e1ndor<\/p>\r\n\r\n\r\n<!-- \/wp:post-content -->\r\n\r\n<!-- wp:paragraph -->\r\n<p>Im\u00e1ds\u00e1g:\n\n \nUram, J\u00e9zus Krisztus! Add, hogy ne menjek el k\u00f6z\u00f6mb\u00f6sen a szeg\u00e9nyek, a kitasz\u00edtottak, az elfeledettek mellett! Nyisd meg szememet, hogy \u00e9szrevegyem, hol van r\u00e1m sz\u00fcks\u00e9g! \u0150rizd meg sz\u00edvemet att\u00f3l a rideg z\u00e1rts\u00e1gt\u00f3l, amely elfordul a m\u00e1sik embert\u0151l \u00e9s \u00edgy t\u0151led is! Seg\u00edts, hogy merjek lehajolni, seg\u00edteni, szolg\u00e1lni! Tedd \u00e9rz\u00e9kenny\u00e9 a lelkemet, hogy a te egy\u00fctt\u00e9rz\u0151 sz\u00edved t\u00fckr\u00f6z\u0151dj\u00f6n bennem!<\/p>\r\n<!-- \/wp:paragraph -->","protected":false},"excerpt":{"rendered":"<p>Egy alkalommal J\u00e9zus ezt a p\u00e9ldabesz\u00e9det mondta el a farizeusoknak: \u201eVolt egy gazdag ember. B\u00edborba \u00e9s patyolatba \u00f6lt\u00f6zk\u00f6d\u00f6tt, \u00e9s mindennap d\u00fasan lakm\u00e1rozott. Volt egy L\u00e1z\u00e1r nev\u0171 koldus is, ez ott fek\u00fcdt a gazdag kapuja el\u0151tt, tele fek\u00e9llyel. Sz\u00edvesen j\u00f3llakott volna az \u00e9telmarad\u00e9kb\u00f3l, amely a gazdag ember asztal\u00e1r\u00f3l lehullott, de abb\u00f3l sem adtak neki. Csak a kuty\u00e1k j\u00f6ttek, \u00e9s nyalogatt\u00e1k a sebeit. Meghalt a koldus, \u00e9s az angyalok \u00c1brah\u00e1m kebel\u00e9re vitt\u00e9k. A gazdag is meghalt, \u00e9s eltemett\u00e9k. A pokolban, amikor nagy k\u00ednjai k\u00f6zt feltekintett, megl\u00e1tta messzir\u0151l \u00c1brah\u00e1mot \u00e9s a kebl\u00e9n L\u00e1z\u00e1rt&#8230;.<\/p>","protected":false},"author":1,"featured_media":3695,"comment_status":"","ping_status":"","sticky":false,"template":"","format":"standard","meta":{"_price":"","_stock":"","_tribe_ticket_header":"","_tribe_default_ticket_provider":"","_tribe_ticket_capacity":"0","_ticket_start_date":"","_ticket_end_date":"","_tribe_ticket_show_description":"","_tribe_ticket_show_not_going":false,"_tribe_ticket_use_global_stock":"","_tribe_ticket_global_stock_level":"","_global_stock_mode":"","_global_stock_cap":"","_tribe_rsvp_for_event":"","_tribe_ticket_going_count":"","_tribe_ticket_not_going_count":"","_tribe_tickets_list":"[]","_tribe_ticket_has_attendee_info_fields":false,"footnotes":""},"categories":[42],"tags":[],"class_list":["post-10203","post","type-post","status-publish","format-standard","has-post-thumbnail","hentry","category-napi-evangelium"],"_links":{"self":[{"href":"https:\/\/bazilikabudapest.hu\/en\/wp-json\/wp\/v2\/posts\/10203","targetHints":{"allow":["GET"]}}],"collection":[{"href":"https:\/\/bazilikabudapest.hu\/en\/wp-json\/wp\/v2\/posts"}],"about":[{"href":"https:\/\/bazilikabudapest.hu\/en\/wp-json\/wp\/v2\/types\/post"}],"author":[{"embeddable":true,"href":"https:\/\/bazilikabudapest.hu\/en\/wp-json\/wp\/v2\/users\/1"}],"replies":[{"embeddable":true,"href":"https:\/\/bazilikabudapest.hu\/en\/wp-json\/wp\/v2\/comments?post=10203"}],"version-history":[{"count":0,"href":"https:\/\/bazilikabudapest.hu\/en\/wp-json\/wp\/v2\/posts\/10203\/revisions"}],"wp:featuredmedia":[{"embeddable":true,"href":"https:\/\/bazilikabudapest.hu\/en\/wp-json\/wp\/v2\/media\/3695"}],"wp:attachment":[{"href":"https:\/\/bazilikabudapest.hu\/en\/wp-json\/wp\/v2\/media?parent=10203"}],"wp:term":[{"taxonomy":"category","embeddable":true,"href":"https:\/\/bazilikabudapest.hu\/en\/wp-json\/wp\/v2\/categories?post=10203"},{"taxonomy":"post_tag","embeddable":true,"href":"https:\/\/bazilikabudapest.hu\/en\/wp-json\/wp\/v2\/tags?post=10203"}],"curies":[{"name":"wp","href":"https:\/\/api.w.org\/{rel}","templated":true}]}}