{"id":10204,"date":"2026-03-06T07:00:03","date_gmt":"2026-03-06T06:00:03","guid":{"rendered":"https:\/\/bazilikabudapest.hu\/2026\/03\/06\/2026-marcius-6-pentek\/"},"modified":"2026-03-06T07:00:03","modified_gmt":"2026-03-06T06:00:03","slug":"2026-marcius-6-pentek","status":"publish","type":"post","link":"https:\/\/bazilikabudapest.hu\/en\/2026\/03\/06\/2026-marcius-6-pentek\/","title":{"rendered":"2026. m\u00e1rcius 6. \u2013 P\u00e9ntek"},"content":{"rendered":"<p>Abban az id\u0151ben J\u00e9zus ezt mondta a f\u0151papoknak \u00e9s a n\u00e9p v\u00e9neinek: \u201eHallgassatok meg egy m\u00e1sik p\u00e9ldabesz\u00e9det! Volt egy gazdaember, aki sz\u0151l\u0151t telep\u00edtett, beker\u00edtette s\u00f6v\u00e9nnyel, bel\u00fcl pedig tapos\u00f3g\u00f6dr\u00f6t \u00e1sott, \u00e9s \u0151rtornyot \u00e9p\u00edtett. Azt\u00e1n r\u00e1b\u00edzta a sz\u0151l\u0151t a munk\u00e1sokra, \u00e9s elutazott. Amikor elj\u00f6tt a sz\u00fcret ideje, elk\u00fcldte szolg\u00e1it a sz\u0151l\u0151munk\u00e1sokhoz, hogy a term\u00e9st \u00e1tvegy\u00e9k. \u00c1m a sz\u0151l\u0151munk\u00e1sok megragadt\u00e1k a szolg\u00e1it, s az egyiket \u00f6sszevert\u00e9k, a m\u00e1sikat meg\u00f6lt\u00e9k, a harmadikat pedig megk\u00f6vezt\u00e9k. Erre m\u00e1s szolg\u00e1kat k\u00fcld\u00f6tt, t\u00f6bbet, mint el\u0151sz\u00f6r, de ezekkel is ugyan\u00fagy b\u00e1ntak. V\u00e9g\u00fcl a fi\u00e1t k\u00fcldte el hozz\u00e1juk, mondv\u00e1n: \u201eA fiamat csak megbecs\u00fclik!\u201d Amikor azonban a sz\u0151l\u0151munk\u00e1sok megl\u00e1tt\u00e1k a fi\u00fat, \u00edgy sz\u00f3ltak egym\u00e1shoz: \u201eEz itt az \u00f6r\u00f6k\u00f6s! Gyertek, \u00f6lj\u00fck meg, \u00e9s mi\u00e9nk lesz az \u00f6r\u00f6ks\u00e9ge!\u201d Meg is ragadt\u00e1k \u0151t, kidobt\u00e1k a sz\u0151l\u0151b\u0151l, \u00e9s meg\u00f6lt\u00e9k. Amikor megj\u00f6n a sz\u0151l\u0151skert ura, ugyan mit tesz majd ezekkel a sz\u0151l\u0151munk\u00e1sokkal?\u201d Ezt v\u00e1laszolt\u00e1k: \u201eGonoszul elb\u00e1nik a gonoszokkal, a sz\u0151l\u0151t pedig m\u00e1s munk\u00e1sokra b\u00edzza, akik idej\u00e9ben \u00e1tadj\u00e1k neki a term\u00e9st.\u201d\r\n J\u00e9zus \u00edgy folytatta: \u201eNem olvast\u00e1tok soha az \u00edr\u00e1sokban: \u201eA k\u0151, melyet az \u00e9p\u00edt\u0151k elvetettek, m\u00e9gis szegletk\u0151v\u00e9 lett, az \u00dar tette azz\u00e1, \u00e9s szem\u00fcnkben csod\u00e1latos ez!\u201d Ez\u00e9rt mondom nektek: Az Isten orsz\u00e1g\u00e1t elveszik t\u0151letek, \u00e9s olyan n\u00e9pnek adj\u00e1k, amely majd megtermi annak gy\u00fcm\u00f6lcs\u00e9t.\u201d A f\u0151papok \u00e9s a farizeusok hallott\u00e1k a p\u00e9ldabesz\u00e9det, \u00e9s meg\u00e9rtett\u00e9k, hogy J\u00e9zus r\u00f3luk besz\u00e9l. El akart\u00e1k fogni, de f\u00e9ltek a n\u00e9pt\u0151l, mert mindenki pr\u00f3f\u00e9t\u00e1nak tartotta.  \n \nMt 21,33-43.45-46<\/p>\r\n\r\n\r\n\r\n<p>Elm\u00e9lked\u00e9s: A mai evang\u00e9liumi t\u00f6rt\u00e9net nem csup\u00e1n Izrael n\u00e9p\u00e9nek m\u00faltj\u00e1t id\u00e9zi fel, hanem r\u00f3lunk is sz\u00f3l. Isten mindny\u00e1junknak aj\u00e1nd\u00e9kozott egy \u201esz\u0151l\u0151skertet\u201d, az \u00e9letet, a kapcsolatainkat, a k\u00fcldet\u00e9s\u00fcnket. Mindent megadott, amire sz\u00fcks\u00e9g\u00fcnk van. Hogyan b\u00e1nunk ezzel a t\u0151le kapott \u00e9let\u00fcnkkel?\r\n A sz\u0151l\u0151munk\u00e1sok trag\u00e9di\u00e1ja nem a t\u00e9ves gondolkod\u00e1sukban, hanem teljes szerept\u00e9veszt\u00e9s\u00fckben rejlik. Nem akarnak elsz\u00e1molni, nem ismerik el, hogy az, amit m\u0171velnek, val\u00f3j\u00e1ban nem az \u00f6v\u00e9k. Nem akarj\u00e1k tudom\u00e1sul venni, hogy \u0151k b\u00e9rl\u0151k \u00e9s nem \u00f6r\u00f6k\u00f6s\u00f6k. A kapzsis\u00e1g, az \u00f6nz\u00e9s \u00e9s a birtokl\u00e1si v\u00e1gy vezeti \u0151ket, v\u00e9g\u00fcl pedig m\u00e9g a gazda fi\u00e1t is meg\u00f6lik, amivel J\u00e9zus m\u00e1r a r\u00e1 v\u00e1r\u00f3 sorsra utal. A p\u00e9ld\u00e1zat r\u00e1vil\u00e1g\u00edt Isten v\u00e9gtelen t\u00fcrelm\u00e9re is, aki nem azonnal b\u00fcntet, hanem id\u0151t ad az embernek a v\u00e1ltoz\u00e1sra. De meddig lehet vissza\u00e9lni a \u0151 t\u00fcrelm\u00e9vel?\r\n \u00c9letemmel, tetteimmel, id\u0151mmel \u00e9s k\u00e9pess\u00e9geimmel vajon Isten orsz\u00e1g\u00e1t \u00e9p\u00edtem vagy \u00f6nz\u0151 m\u00f3don saj\u00e1t hasznomra akarom ford\u00edtani a r\u00e1m b\u00edzott sz\u0151l\u0151t? Elfogadom-e, hogy amit kaptam, az aj\u00e1nd\u00e9k, amit felel\u0151ss\u00e9ggel kell visszaadnom?\r\n Minden, amit Isten r\u00e1m b\u00edzott, a hivat\u00e1som, a kapcsolataim, a hitem egy nagyobb terv, Isten r\u00e1m vonatkoz\u00f3 terv\u00e9nek r\u00e9sze. Isten megv\u00e1lt\u00f3 \u00e9s \u00fcdv\u00f6z\u00edt\u0151 terve akkor val\u00f3sul meg bennem, ha elfogadom, hogy J\u00e9zus az \u00f6r\u00f6k\u00f6s, az Atya Fia.\r\n&copy; Horv\u00e1th Istv\u00e1n S\u00e1ndor<\/p>\r\n\r\n\r\n<!-- \/wp:post-content -->\r\n\r\n<!-- wp:paragraph -->\r\n<p>Im\u00e1ds\u00e1g:\n\n \nUrunk, J\u00e9zus Krisztus! Te vagy az Atya szeretett Fia, akit hozz\u00e1nk k\u00fcld\u00f6tt, hogy megmutasd az \u0151 irgalmas arc\u00e1t. Bocs\u00e1sd meg, ha sokszor vissza\u00e9lek azzal, amit r\u00e1m b\u00edzt\u00e1l! Ha \u00fagy \u00e9lek, mintha minden az eny\u00e9m lenne, s nem kellene elsz\u00e1molnom k\u00e9pess\u00e9geimmel el\u0151tted. Tan\u00edts felel\u0151ss\u00e9ggel, h\u00e1l\u00e1val \u00e9s al\u00e1zattal \u00e9lni! Nyisd meg a sz\u00edvemet, hogy benned ne \u00edt\u00e9lkez\u0151 \u00e9s b\u00fcntet\u0151 b\u00edr\u00f3t, hanem megv\u00e1lt\u00f3mat l\u00e1ssam! Adj b\u00e1tors\u00e1got a megt\u00e9r\u00e9shez! Seg\u00edts, hogy \u00e9letem val\u00f3ban gy\u00fcm\u00f6lcs\u00f6t hozzon! Fogadj el engem, Uram, sz\u0151l\u0151m\u0171vesedk\u00e9nt, mert sz\u00edvesen \u00e9s \u00f6r\u00f6mmel munk\u00e1lkodom sz\u0151l\u0151dben Isten orsz\u00e1g\u00e1nak n\u00f6veked\u00e9s\u00e9\u00e9rt!<\/p>\r\n<!-- \/wp:paragraph -->","protected":false},"excerpt":{"rendered":"<p>Abban az id\u0151ben J\u00e9zus ezt mondta a f\u0151papoknak \u00e9s a n\u00e9p v\u00e9neinek: \u201eHallgassatok meg egy m\u00e1sik p\u00e9ldabesz\u00e9det! Volt egy gazdaember, aki sz\u0151l\u0151t telep\u00edtett, beker\u00edtette s\u00f6v\u00e9nnyel, bel\u00fcl pedig tapos\u00f3g\u00f6dr\u00f6t \u00e1sott, \u00e9s \u0151rtornyot \u00e9p\u00edtett. Azt\u00e1n r\u00e1b\u00edzta a sz\u0151l\u0151t a munk\u00e1sokra, \u00e9s elutazott. Amikor elj\u00f6tt a sz\u00fcret ideje, elk\u00fcldte szolg\u00e1it a sz\u0151l\u0151munk\u00e1sokhoz, hogy a term\u00e9st \u00e1tvegy\u00e9k. \u00c1m a sz\u0151l\u0151munk\u00e1sok megragadt\u00e1k a szolg\u00e1it, s az egyiket \u00f6sszevert\u00e9k, a m\u00e1sikat meg\u00f6lt\u00e9k, a harmadikat pedig megk\u00f6vezt\u00e9k. Erre m\u00e1s szolg\u00e1kat k\u00fcld\u00f6tt, t\u00f6bbet, mint el\u0151sz\u00f6r, de ezekkel is ugyan\u00fagy b\u00e1ntak. V\u00e9g\u00fcl a fi\u00e1t k\u00fcldte el hozz\u00e1juk, mondv\u00e1n: \u201eA&#8230;<\/p>","protected":false},"author":1,"featured_media":3695,"comment_status":"","ping_status":"","sticky":false,"template":"","format":"standard","meta":{"_price":"","_stock":"","_tribe_ticket_header":"","_tribe_default_ticket_provider":"","_tribe_ticket_capacity":"0","_ticket_start_date":"","_ticket_end_date":"","_tribe_ticket_show_description":"","_tribe_ticket_show_not_going":false,"_tribe_ticket_use_global_stock":"","_tribe_ticket_global_stock_level":"","_global_stock_mode":"","_global_stock_cap":"","_tribe_rsvp_for_event":"","_tribe_ticket_going_count":"","_tribe_ticket_not_going_count":"","_tribe_tickets_list":"[]","_tribe_ticket_has_attendee_info_fields":false,"footnotes":""},"categories":[42],"tags":[],"class_list":["post-10204","post","type-post","status-publish","format-standard","has-post-thumbnail","hentry","category-napi-evangelium"],"_links":{"self":[{"href":"https:\/\/bazilikabudapest.hu\/en\/wp-json\/wp\/v2\/posts\/10204","targetHints":{"allow":["GET"]}}],"collection":[{"href":"https:\/\/bazilikabudapest.hu\/en\/wp-json\/wp\/v2\/posts"}],"about":[{"href":"https:\/\/bazilikabudapest.hu\/en\/wp-json\/wp\/v2\/types\/post"}],"author":[{"embeddable":true,"href":"https:\/\/bazilikabudapest.hu\/en\/wp-json\/wp\/v2\/users\/1"}],"replies":[{"embeddable":true,"href":"https:\/\/bazilikabudapest.hu\/en\/wp-json\/wp\/v2\/comments?post=10204"}],"version-history":[{"count":0,"href":"https:\/\/bazilikabudapest.hu\/en\/wp-json\/wp\/v2\/posts\/10204\/revisions"}],"wp:featuredmedia":[{"embeddable":true,"href":"https:\/\/bazilikabudapest.hu\/en\/wp-json\/wp\/v2\/media\/3695"}],"wp:attachment":[{"href":"https:\/\/bazilikabudapest.hu\/en\/wp-json\/wp\/v2\/media?parent=10204"}],"wp:term":[{"taxonomy":"category","embeddable":true,"href":"https:\/\/bazilikabudapest.hu\/en\/wp-json\/wp\/v2\/categories?post=10204"},{"taxonomy":"post_tag","embeddable":true,"href":"https:\/\/bazilikabudapest.hu\/en\/wp-json\/wp\/v2\/tags?post=10204"}],"curies":[{"name":"wp","href":"https:\/\/api.w.org\/{rel}","templated":true}]}}