{"id":10207,"date":"2026-03-09T07:00:05","date_gmt":"2026-03-09T06:00:05","guid":{"rendered":"https:\/\/bazilikabudapest.hu\/2026\/03\/09\/2026-marcius-9-hetfo\/"},"modified":"2026-03-09T07:00:05","modified_gmt":"2026-03-09T06:00:05","slug":"2026-marcius-9-hetfo","status":"publish","type":"post","link":"https:\/\/bazilikabudapest.hu\/en\/2026\/03\/09\/2026-marcius-9-hetfo\/","title":{"rendered":"2026. m\u00e1rcius 9. \u2013 H\u00e9tf\u0151"},"content":{"rendered":"<p>A n\u00e1z\u00e1reti zsinag\u00f3g\u00e1ban J\u00e9zus \u00edgy besz\u00e9lt a n\u00e9phez: \u201eBizony mondom nektek, hogy egy pr\u00f3f\u00e9ta sem kedves a maga haz\u00e1j\u00e1ban. Igaz\u00e1n mondom nektek, sok \u00f6zvegy \u00e9lt Izraelben Ill\u00e9s idej\u00e9ben, amikor az \u00e9g h\u00e1rom \u00e9vre \u00e9s hat h\u00f3napra bez\u00e1rult, \u00fagyhogy nagy \u00e9h\u00edns\u00e9g t\u00e1madt az eg\u00e9sz f\u00f6ld\u00f6n. De k\u00f6z\u00fcl\u00fck egyikhez sem kapott Ill\u00e9s k\u00fcldet\u00e9st, csak a szidoni Sz\u00e1rept\u00e1ban \u00e9l\u0151 \u00f6zvegyasszonyhoz. Ugyan\u00edgy Elizeus pr\u00f3f\u00e9ta kor\u00e1ban is sok lepr\u00e1s \u00e9lt Izraelben, s egyik\u00fck sem tisztult meg, csak a sz\u00edriai N\u00e1m\u00e1n.\u201d Ezt hallva, a zsinag\u00f3g\u00e1ban mind haragra gerjedtek. Felugrottak, ki\u0171zt\u00e9k J\u00e9zust a v\u00e1roson k\u00edv\u00fclre, \u00e9s f\u00f6lvezett\u00e9k arra a hegyre, amelyen v\u00e1rosuk \u00e9p\u00fclt, a szakad\u00e9k sz\u00e9l\u00e9re, hogy letasz\u00edts\u00e1k. De \u0151 \u00e1thaladt k\u00f6z\u00f6tt\u00fck, \u00e9s elt\u00e1vozott.  \n \nLk 4,24-30<\/p>\r\n\r\n\r\n\r\n<p>Elm\u00e9lked\u00e9s: A tegnapi, vas\u00e1rnapi evang\u00e9liumban arr\u00f3l olvastunk, hogy a szamariai asszony sz\u00e1m\u00e1ra egyetlen tal\u00e1lkoz\u00e1s el\u00e9g volt elfogadni J\u00e9zus tan\u00edt\u00e1s\u00e1t, a mai r\u00e9szben pedig azzal szembes\u00fcl\u00fcnk, hogy amikor a saj\u00e1t n\u00e9p\u00e9nek tagjaihoz sz\u00f3l, olyanokhoz, akiknek a k\u00f6r\u00e9ben felnevelkedett, de elutas\u00edtj\u00e1k \u0151t. A n\u00e1z\u00e1reti zsinag\u00f3g\u00e1ban elhangz\u00f3 szavai \u2013 \u201eegy pr\u00f3f\u00e9ta sem kedves a maga haz\u00e1j\u00e1ban\u201d \u2013 val\u00f3j\u00e1ban nem panaszkod\u00e1s, hanem szembes\u00edt\u00e9s: a jelenl\u00e9v\u0151k az\u00e9rt nem ismerik fel a val\u00f3di sz\u00e1rmaz\u00e1s\u00e1t, mert azt gondolj\u00e1k, hogy j\u00f3l ismerik \u0151t.\r\n A n\u00e1z\u00e1retiek tal\u00e1n csod\u00e1ra v\u00e1gytak, hiszen m\u00e1r hallottak arr\u00f3l, hogy m\u00e1s helyeken milyen csod\u00e1k t\u00f6rt\u00e9ntek. De J\u00e9zus nem akar megfelelni elv\u00e1r\u00e1saiknak. Ehelyett \u00f3sz\u00f6vets\u00e9gi esetekre eml\u00e9kezteti \u0151ket, amelyek azt igazolj\u00e1k, hogy Isten olykor a v\u00e1lasztott n\u00e9pen k\u00edv\u00fcliekkel \u2013 a szid\u00f3ni \u00f6zvegyasszonnyal, a sz\u00edr hadvez\u00e9rrel \u2013 tett j\u00f3t. Isten kegyelme nem z\u00e1rhat\u00f3 be keretek k\u00f6z\u00e9. Az irgalom mindig szabadabb, mint az emberi elk\u00e9pzel\u00e9sek.\r\n J\u00e9zus szavaira a t\u00f6meg haragra gerjed. Az im\u00e9nt m\u00e9g csod\u00e1lkoztak J\u00e9zus szavain, most m\u00e1r meg akarj\u00e1k \u00f6lni. A k\u00fat melletti besz\u00e9lget\u00e9s megnyitotta egy ember sz\u00edv\u00e9t, a zsinag\u00f3g\u00e1ban elhangz\u00f3 tan\u00edt\u00e1s hallat\u00e1n azonban gyorsan magasodik az elutas\u00edt\u00e1s fala.\r\n Felismerem-e J\u00e9zust, amikor megsz\u00f3l\u00edt ismeretlenekben? Van-e bennem al\u00e1zat elfogadni, hogy Isten ott is jelen van, ahol nem keresn\u00e9m?\r\n&copy; Horv\u00e1th Istv\u00e1n S\u00e1ndor<\/p>\r\n\r\n\r\n<!-- \/wp:post-content -->\r\n\r\n<!-- wp:paragraph -->\r\n<p>Im\u00e1ds\u00e1g:\n\n \nUram, J\u00e9zus Krisztus! Ments meg az el\u0151\u00edt\u00e9letek vaks\u00e1g\u00e1t\u00f3l! Ne engedd, hogy szok\u00e1saim miatt elutas\u00edtsalak t\u00e9ged, amikor \u00fajra \u00e9s \u00fajra megsz\u00f3l\u00edtasz! Adj nyitott sz\u00edvet, hogy felismerjem jelenl\u00e9ted azokban, akik nem a \u201emegszokott\u201d m\u00f3don hordozz\u00e1k a te arcodat! Bocs\u00e1sd meg, ha elv\u00e1r\u00e1sokkal, felt\u00e9telekkel k\u00f6zel\u00edtek hozz\u00e1d \u00e9s nem a bizalom \u00fatj\u00e1n! Tan\u00edts meg arra, hogy felismerjem szavadat azoknak a besz\u00e9d\u00e9ben is, akiknek a hangja nem cseng ismer\u0151sen sz\u00e1momra! Seg\u00edts, hogy olyan legyek, mint a k\u00fatn\u00e1l az igazs\u00e1gra szomjaz\u00f3 asszony!<\/p>\r\n<!-- \/wp:paragraph -->","protected":false},"excerpt":{"rendered":"<p>A n\u00e1z\u00e1reti zsinag\u00f3g\u00e1ban J\u00e9zus \u00edgy besz\u00e9lt a n\u00e9phez: \u201eBizony mondom nektek, hogy egy pr\u00f3f\u00e9ta sem kedves a maga haz\u00e1j\u00e1ban. Igaz\u00e1n mondom nektek, sok \u00f6zvegy \u00e9lt Izraelben Ill\u00e9s idej\u00e9ben, amikor az \u00e9g h\u00e1rom \u00e9vre \u00e9s hat h\u00f3napra bez\u00e1rult, \u00fagyhogy nagy \u00e9h\u00edns\u00e9g t\u00e1madt az eg\u00e9sz f\u00f6ld\u00f6n. De k\u00f6z\u00fcl\u00fck egyikhez sem kapott Ill\u00e9s k\u00fcldet\u00e9st, csak a szidoni Sz\u00e1rept\u00e1ban \u00e9l\u0151 \u00f6zvegyasszonyhoz. Ugyan\u00edgy Elizeus pr\u00f3f\u00e9ta kor\u00e1ban is sok lepr\u00e1s \u00e9lt Izraelben, s egyik\u00fck sem tisztult meg, csak a sz\u00edriai N\u00e1m\u00e1n.\u201d Ezt hallva, a zsinag\u00f3g\u00e1ban mind haragra gerjedtek. Felugrottak, ki\u0171zt\u00e9k J\u00e9zust a v\u00e1roson k\u00edv\u00fclre, \u00e9s f\u00f6lvezett\u00e9k&#8230;<\/p>","protected":false},"author":1,"featured_media":3695,"comment_status":"","ping_status":"","sticky":false,"template":"","format":"standard","meta":{"_price":"","_stock":"","_tribe_ticket_header":"","_tribe_default_ticket_provider":"","_tribe_ticket_capacity":"0","_ticket_start_date":"","_ticket_end_date":"","_tribe_ticket_show_description":"","_tribe_ticket_show_not_going":false,"_tribe_ticket_use_global_stock":"","_tribe_ticket_global_stock_level":"","_global_stock_mode":"","_global_stock_cap":"","_tribe_rsvp_for_event":"","_tribe_ticket_going_count":"","_tribe_ticket_not_going_count":"","_tribe_tickets_list":"[]","_tribe_ticket_has_attendee_info_fields":false,"footnotes":""},"categories":[42],"tags":[],"class_list":["post-10207","post","type-post","status-publish","format-standard","has-post-thumbnail","hentry","category-napi-evangelium"],"_links":{"self":[{"href":"https:\/\/bazilikabudapest.hu\/en\/wp-json\/wp\/v2\/posts\/10207","targetHints":{"allow":["GET"]}}],"collection":[{"href":"https:\/\/bazilikabudapest.hu\/en\/wp-json\/wp\/v2\/posts"}],"about":[{"href":"https:\/\/bazilikabudapest.hu\/en\/wp-json\/wp\/v2\/types\/post"}],"author":[{"embeddable":true,"href":"https:\/\/bazilikabudapest.hu\/en\/wp-json\/wp\/v2\/users\/1"}],"replies":[{"embeddable":true,"href":"https:\/\/bazilikabudapest.hu\/en\/wp-json\/wp\/v2\/comments?post=10207"}],"version-history":[{"count":0,"href":"https:\/\/bazilikabudapest.hu\/en\/wp-json\/wp\/v2\/posts\/10207\/revisions"}],"wp:featuredmedia":[{"embeddable":true,"href":"https:\/\/bazilikabudapest.hu\/en\/wp-json\/wp\/v2\/media\/3695"}],"wp:attachment":[{"href":"https:\/\/bazilikabudapest.hu\/en\/wp-json\/wp\/v2\/media?parent=10207"}],"wp:term":[{"taxonomy":"category","embeddable":true,"href":"https:\/\/bazilikabudapest.hu\/en\/wp-json\/wp\/v2\/categories?post=10207"},{"taxonomy":"post_tag","embeddable":true,"href":"https:\/\/bazilikabudapest.hu\/en\/wp-json\/wp\/v2\/tags?post=10207"}],"curies":[{"name":"wp","href":"https:\/\/api.w.org\/{rel}","templated":true}]}}