{"id":10222,"date":"2026-03-14T07:01:11","date_gmt":"2026-03-14T06:01:11","guid":{"rendered":"https:\/\/bazilikabudapest.hu\/2026\/03\/14\/2026-marcius-14-szombat\/"},"modified":"2026-03-14T07:01:11","modified_gmt":"2026-03-14T06:01:11","slug":"2026-marcius-14-szombat","status":"publish","type":"post","link":"https:\/\/bazilikabudapest.hu\/en\/2026\/03\/14\/2026-marcius-14-szombat\/","title":{"rendered":"2026. m\u00e1rcius 14. \u2013 Szombat"},"content":{"rendered":"<p>Abban az id\u0151ben az elbizakodottaknak, akik magukat igaznak tartott\u00e1k, m\u00e1sokat pedig megvetettek, J\u00e9zus ezt a p\u00e9ldabesz\u00e9det mondta: \u201eK\u00e9t ember f\u00f6lment a templomba im\u00e1dkozni, az egyik farizeus volt, a m\u00e1sik v\u00e1mos. A farizeus meg\u00e1llt, \u00e9s \u00edgy im\u00e1dkozott mag\u00e1ban: Istenem, h\u00e1l\u00e1t adok neked, hogy nem vagyok olyan, mint a t\u00f6bbi ember, rabl\u00f3, igazs\u00e1gtalan, h\u00e1zass\u00e1gt\u00f6r\u0151, mint ez a v\u00e1mos is. K\u00e9tszer b\u00f6jt\u00f6l\u00f6k hetenk\u00e9nt, \u00e9s tizedet adok mindenb\u0151l, amim van. A v\u00e1mos pedig t\u00e1volabb \u00e1llt meg, \u00e9s a szem\u00e9t sem merte az \u00e9gre emelni, hanem a mell\u00e9t verve \u00edgy sz\u00f3lt: Istenem, l\u00e9gy irgalmas nekem, b\u0171n\u00f6snek! Mondom nektek, hogy ez megigazultan ment haza, amaz viszont nem. Mert mindazt, aki mag\u00e1t felmagasztalja, megal\u00e1zz\u00e1k, aki pedig megal\u00e1zza mag\u00e1t, azt felmagasztalj\u00e1k.\u201d  \n \nLk 18,9-14<\/p>\r\n\r\n\r\n\r\n<p>Elm\u00e9lked\u00e9s: A mai p\u00e9ldabesz\u00e9d, amely tal\u00e1n nem is egy kital\u00e1lt t\u00f6rt\u00e9net, hanem egy megt\u00f6rt\u00e9nt esetet mond el, k\u00e9t embert \u00e1ll\u00edt el\u00e9nk: a farizeust \u00e9s a v\u00e1most. Az egyik dicsekszik az er\u00e9nyeivel, a m\u00e1sik alig meri felemelni a tekintet\u00e9t. A farizeus vall\u00e1si cselekedeteit sorolva, b\u00fcszk\u00e9n \u00e1ll Isten el\u00e9, a v\u00e1mos a b\u0171neit mondja, s al\u00e1zattal k\u00e9ri Isten irgalm\u00e1t. A farizeus \u00f6nel\u00e9g\u00fclten t\u00e1vozik, a v\u00e1mos megigazultan megy haza. Mert Isten nem a teljes\u00edtm\u00e9nyt, hanem a sz\u00edvet n\u00e9zi. A farizeus \u00f6nmag\u00e1t \u00e1ll\u00edtotta im\u00e1j\u00e1nak a k\u00f6z\u00e9ppontj\u00e1ba, ha szavait egy\u00e1ltal\u00e1n im\u00e1nak nevezhetj\u00fck, a v\u00e1mos viszont val\u00f3ban Istenhez fordult, akit\u0151l b\u0171nei bocs\u00e1nat\u00e1t v\u00e1rta \u00e9s er\u0151t \u00e9let\u00e9nek meg\u00faj\u00edt\u00e1s\u00e1hoz.\r\n A nagyb\u00f6jtben elker\u00fclhetetlen a k\u00e9rd\u00e9s sz\u00e1munkra: Melyik vagyok? Melyik lelk\u00fclet \u00e1ll hozz\u00e1m k\u00f6zelebb? N\u00e9ha \u201ekifog\u00e1stalan\u201d vagyok, m\u00e1skor \u00f6sszet\u00f6rt. A baj nem az, ha erk\u00f6lcsileg d\u00f6nt\u00e9seket hozok, hanem ha azokkal k\u00e9rkedem. Ugyanakkor nincs sz\u00fcks\u00e9g arra, hogy senkinek \u00e9rezz\u00fck magunkat, de az m\u00e1r gond, ha Isten kegyelme n\u00e9lk\u00fcl akarom meg\u00e1llni a helyem.\r\n A k\u00fatn\u00e1l J\u00e9zus nem a m\u00faltat n\u00e9zte, hanem az asszony v\u00e1gy\u00e1t az igazs\u00e1gra \u00e9s a tiszta \u00e9letre. A v\u00e1mosban is v\u00e1gyakoz\u00e1s \u00e9l a tisztul\u00e1sra, az elfogad\u00e1sra, \u00e9let\u00e9nek meg\u00faj\u00edt\u00e1s\u00e1ra. Ma arra h\u00edv minket az \u00dar, hogy vall\u00e1soss\u00e1gunk ne l\u00e1tszat legyen, hanem al\u00e1zatb\u00f3l fakad\u00f3, irgalomra szomjaz\u00f3 hit legyen benn\u00fcnk. Aki ki\u00fcres\u00edti mag\u00e1t, azt Isten bet\u00f6lti. Aki leborul el\u0151tte, azt felemeli.\r\n&copy; Horv\u00e1th Istv\u00e1n S\u00e1ndor<\/p>\r\n\r\n\r\n<!-- \/wp:post-content -->\r\n\r\n<!-- wp:paragraph -->\r\n<p>Im\u00e1ds\u00e1g:\n\n \nIrgalmas Istenem! Tan\u00edts az igazi al\u00e1zatra! Ne engedd, hogy a g\u0151g, a b\u00fcszkes\u00e9g, a k\u00e9rked\u00e9s uraljon, vagy hogy m\u00e1sokat len\u00e9zve magamat dics\u0151\u00edtsem! Add, hogy sz\u00edvem mindig hozz\u00e1d ki\u00e1ltson, m\u00e9gpedig \u0151szinte b\u0171nb\u00e1nattal! L\u00e9gy irgalmas hozz\u00e1m, b\u0171n\u00f6sh\u00f6z! Adj er\u0151t leborulni el\u0151tted, hogy irgalmadnak k\u00f6sz\u00f6nhet\u0151en \u00fajra fel\u00e1lljak! Tiszt\u00edts meg, \u00e9s vezess vissza a forr\u00e1shoz, ahol kegyelmedb\u0151l, mint \u00e9l\u0151 forr\u00e1sb\u00f3l olthatom lelkem szomj\u00fas\u00e1g\u00e1t!<\/p>\r\n<!-- \/wp:paragraph -->","protected":false},"excerpt":{"rendered":"<p>Abban az id\u0151ben az elbizakodottaknak, akik magukat igaznak tartott\u00e1k, m\u00e1sokat pedig megvetettek, J\u00e9zus ezt a p\u00e9ldabesz\u00e9det mondta: \u201eK\u00e9t ember f\u00f6lment a templomba im\u00e1dkozni, az egyik farizeus volt, a m\u00e1sik v\u00e1mos. A farizeus meg\u00e1llt, \u00e9s \u00edgy im\u00e1dkozott mag\u00e1ban: Istenem, h\u00e1l\u00e1t adok neked, hogy nem vagyok olyan, mint a t\u00f6bbi ember, rabl\u00f3, igazs\u00e1gtalan, h\u00e1zass\u00e1gt\u00f6r\u0151, mint ez a v\u00e1mos is. K\u00e9tszer b\u00f6jt\u00f6l\u00f6k hetenk\u00e9nt, \u00e9s tizedet adok mindenb\u0151l, amim van. A v\u00e1mos pedig t\u00e1volabb \u00e1llt meg, \u00e9s a szem\u00e9t sem merte az \u00e9gre emelni, hanem a mell\u00e9t verve \u00edgy sz\u00f3lt: Istenem, l\u00e9gy irgalmas nekem,&#8230;<\/p>","protected":false},"author":1,"featured_media":3695,"comment_status":"","ping_status":"","sticky":false,"template":"","format":"standard","meta":{"_price":"","_stock":"","_tribe_ticket_header":"","_tribe_default_ticket_provider":"","_tribe_ticket_capacity":"0","_ticket_start_date":"","_ticket_end_date":"","_tribe_ticket_show_description":"","_tribe_ticket_show_not_going":false,"_tribe_ticket_use_global_stock":"","_tribe_ticket_global_stock_level":"","_global_stock_mode":"","_global_stock_cap":"","_tribe_rsvp_for_event":"","_tribe_ticket_going_count":"","_tribe_ticket_not_going_count":"","_tribe_tickets_list":"[]","_tribe_ticket_has_attendee_info_fields":false,"footnotes":""},"categories":[42],"tags":[],"class_list":["post-10222","post","type-post","status-publish","format-standard","has-post-thumbnail","hentry","category-napi-evangelium"],"_links":{"self":[{"href":"https:\/\/bazilikabudapest.hu\/en\/wp-json\/wp\/v2\/posts\/10222","targetHints":{"allow":["GET"]}}],"collection":[{"href":"https:\/\/bazilikabudapest.hu\/en\/wp-json\/wp\/v2\/posts"}],"about":[{"href":"https:\/\/bazilikabudapest.hu\/en\/wp-json\/wp\/v2\/types\/post"}],"author":[{"embeddable":true,"href":"https:\/\/bazilikabudapest.hu\/en\/wp-json\/wp\/v2\/users\/1"}],"replies":[{"embeddable":true,"href":"https:\/\/bazilikabudapest.hu\/en\/wp-json\/wp\/v2\/comments?post=10222"}],"version-history":[{"count":0,"href":"https:\/\/bazilikabudapest.hu\/en\/wp-json\/wp\/v2\/posts\/10222\/revisions"}],"wp:featuredmedia":[{"embeddable":true,"href":"https:\/\/bazilikabudapest.hu\/en\/wp-json\/wp\/v2\/media\/3695"}],"wp:attachment":[{"href":"https:\/\/bazilikabudapest.hu\/en\/wp-json\/wp\/v2\/media?parent=10222"}],"wp:term":[{"taxonomy":"category","embeddable":true,"href":"https:\/\/bazilikabudapest.hu\/en\/wp-json\/wp\/v2\/categories?post=10222"},{"taxonomy":"post_tag","embeddable":true,"href":"https:\/\/bazilikabudapest.hu\/en\/wp-json\/wp\/v2\/tags?post=10222"}],"curies":[{"name":"wp","href":"https:\/\/api.w.org\/{rel}","templated":true}]}}