{"id":10223,"date":"2026-03-15T07:00:06","date_gmt":"2026-03-15T06:00:06","guid":{"rendered":"https:\/\/bazilikabudapest.hu\/2026\/03\/15\/2026-marcius-15-nagybojt-4-vasarnapja\/"},"modified":"2026-03-15T07:00:06","modified_gmt":"2026-03-15T06:00:06","slug":"2026-marcius-15-nagybojt-4-vasarnapja","status":"publish","type":"post","link":"https:\/\/bazilikabudapest.hu\/en\/2026\/03\/15\/2026-marcius-15-nagybojt-4-vasarnapja\/","title":{"rendered":"2026. m\u00e1rcius 15. \u2013 Nagyb\u00f6jt 4. vas\u00e1rnapja"},"content":{"rendered":"<p>Abban az id\u0151ben J\u00e9zus \u00fatk\u00f6zben l\u00e1tott egy vakon sz\u00fcletett embert. A f\u00f6ldre k\u00f6p\u00f6tt, sarat csin\u00e1lt a ny\u00e1llal, a sarat a vak szemeire kente, \u00e9s \u00edgy sz\u00f3lt hozz\u00e1: \u201eMenj, mosakodj meg a Siloe tav\u00e1ban.\u201d Siloe annyit jelent, mint K\u00fcld\u00f6tt. \u0150 elment, megmosdott, \u00e9s amikor visszat\u00e9rt, m\u00e1r l\u00e1tott.\r\nA szomsz\u00e9dok, \u00e9s akik azel\u0151tt koldusk\u00e9nt ismert\u00e9k, \u00edgy sz\u00f3ltak: \u201eNem ez az, aki itt \u00fclt \u00e9s koldult?\u201d Egyesek azt mondt\u00e1k, hogy: \u201eEz az!\u201d M\u00e1sok pedig: \u201eNem, csak hasonl\u00edt r\u00e1.\u201d \u0150 azonban kijelentette: \u201e\u00c9n vagyok az.\u201d Erre az embert, aki nemr\u00e9g m\u00e9g vak volt, odavitt\u00e9k a farizeusokhoz. Aznap ugyanis, amikor J\u00e9zus sarat csin\u00e1lt \u00e9s megnyitotta a vak szem\u00e9t, szombat volt. Ez\u00e9rt a farizeusok is megk\u00e9rdezt\u00e9k t\u0151le, hogy hogyan kezdett l\u00e1tni. Ezt v\u00e1laszolta: \u201eSarat tett a szememre, megmosdottam, \u00e9s most l\u00e1tok.\u201d A farizeusok k\u00f6z\u00fcl egyesek megjegyezt\u00e9k: \u201eNem Istent\u0151l val\u00f3 az az ember, hiszen nem tartja meg a szombatot.\u201d M\u00e1sok azonban \u00edgy sz\u00f3ltak: \u201eB\u0171n\u00f6s ember hogyan tudna ilyen csod\u00e1kat tenni?\u201d \u00c9s szakad\u00e1s t\u00e1madt k\u00f6zt\u00fck.\r\nAzut\u00e1n \u00fajb\u00f3l faggatni kezdt\u00e9k a vakot: \u201eTe mit gondolsz arr\u00f3l, aki megnyitotta szemeidet?\u201d \u0150 azt felelte: \u201eHogy pr\u00f3f\u00e9ta!\u201d A zsid\u00f3k ezt felelt\u00e9k neki: \u201eTe oktatsz minket, aki mindenest\u00fcl b\u0171nben sz\u00fclett\u00e9l?\u201d \u00c9s kitasz\u00edtott\u00e1k \u0151t.\r\nJ\u00e9zus meghallotta, hogy kitasz\u00edtott\u00e1k. Amikor tal\u00e1lkozott vele, megk\u00e9rdezte t\u0151le: \u201eHiszel-e az Emberfi\u00e1ban?\u201d \u0150 \u00edgy v\u00e1laszolt: \u201eKi az, Uram, hogy higgyek benne?\u201d J\u00e9zus ezt felelte: \u201eL\u00e1tod \u0151t, aki veled besz\u00e9l: \u0151 az!\u201d Mire az ember \u00edgy sz\u00f3lt: \u201eHiszek, Uram!\u201d \u00c9s leborult el\u0151tte.\r\nAzut\u00e1n J\u00e9zus ezt mondta: \u201e\u00cdt\u00e9lkezni j\u00f6ttem e vil\u00e1gra, hogy akik nem l\u00e1tnak, l\u00e1ssanak, \u00e9s akik l\u00e1tnak, megvakuljanak.\u201d Meghallotta ezt n\u00e9h\u00e1ny k\u00f6r\u00fcl\u00f6tte \u00e1ll\u00f3 farizeus, \u00e9s megk\u00e9rdezte: \u201eCsak nem vagyunk mi is vakok?\u201d J\u00e9zus \u00edgy felelt: \u201eHa vakok voln\u00e1tok, b\u0171n\u00f6t\u00f6k nem volna. De ti azt mondj\u00e1tok, hogy l\u00e1ttok, ez\u00e9rt megmarad b\u0171n\u00f6t\u00f6k.\u201d  \n \nJn 9,1. 6-9. 13-17. 34-38<\/p>\r\n\r\n\r\n\r\n<p>Elm\u00e9lked\u00e9s: A l\u00e1t\u00e1s \u00e9s a hit \u00fatja\r\n  Nagyb\u00f6jt 4. vas\u00e1rnapj\u00e1n az Egyh\u00e1z nem a b\u0171ntudatunkat akarja n\u00f6velni, hanem a b\u0171nb\u00e1natunkat, hogy a hitetlens\u00e9g s\u00f6t\u00e9ts\u00e9g\u00e9b\u0151l a hit vil\u00e1goss\u00e1g\u00e1ra vezessen minket. Ez\u00e9rt olvassuk az evang\u00e9liumban a vakon sz\u00fcletett ember t\u00f6rt\u00e9net\u00e9t, amely nemcsak csodaelbesz\u00e9l\u00e9s, hanem egy lelki fejl\u0151d\u00e9s \u00fatja is. A t\u00f6rt\u00e9net l\u00e9p\u00e9sr\u0151l l\u00e9p\u00e9sre tan\u00edt arra, mit jelent J\u00e9zusban hinni, m\u00e9gpedig nem elmond\u00e1s alapj\u00e1n, hanem szem\u00e9lyes tapasztalatb\u00f3l. A lelki l\u00e1t\u00e1s nem egy pillanat alatt sz\u00fcletik meg benn\u00fcnk, hanem besz\u00e9lget\u00e9sek, felismer\u00e9sek, k\u00fczdelmek \u00e9s d\u00f6nt\u00e9sek sor\u00e1n form\u00e1l\u00f3dik.\r\n A t\u00f6rt\u00e9net elej\u00e9n egy ember \u00e1ll, aki vakon sz\u00fcletett. Betegs\u00e9ge nem valakinek a hib\u00e1j\u00e1b\u00f3l fakadt, nem is b\u00fcntet\u00e9s, hanem kiindul\u00f3pont, egy \u00e1llapot. A tan\u00edtv\u00e1nyok logik\u00e1ja m\u00e9g a m\u00falt b\u0171nei \u00e9s az ok-okozat vil\u00e1g\u00e1ban mozog, de J\u00e9zus m\u00e1st mond: ez az ember a vil\u00e1goss\u00e1g felragyog\u00e1s\u00e1nak hordoz\u00f3ja. Vaks\u00e1ga lehet\u0151s\u00e9g, hogy Isten m\u0171ve l\u00e1that\u00f3v\u00e1 v\u00e1ljon benne az emberek sz\u00e1m\u00e1ra. Minden \u00e9lethelyzet, minden gyenges\u00e9g, minden korl\u00e1tozotts\u00e1g lehet\u0151s\u00e9get ad az elindul\u00e1sra J\u00e9zus vil\u00e1goss\u00e1ga fel\u00e9.\r\n A vak ember nem k\u00e9r csod\u00e1t, m\u00e9g csak meg sem sz\u00f3lal a t\u00f6rt\u00e9net kezdet\u00e9n. J\u00e9zus a kezdem\u00e9nyez\u0151, \u0151 kezd el cselekedni, s mozdulatai v\u00e1ltoz\u00e1st eredm\u00e9nyeznek. Azt\u00e1n elk\u00fcldi a f\u00e9rfit a Siloe tav\u00e1hoz megmosakodni. Ez a mozzanat l\u00e9nyeges: nem azonnali gy\u00f3gyul\u00e1s t\u00f6rt\u00e9nik, hanem egy apr\u00f3nak sz\u00e1m\u00edt\u00f3 cselekedetet, ugyanakkor engedelmess\u00e9get k\u00e9r. A l\u00e1t\u00e1s mindig egy\u00fctt j\u00e1r azzal, hogy engedelmesked\u00fcnk Isten szav\u00e1nak, m\u00e9g akkor is, ha furcs\u00e1nak tartjuk vagy nem \u00e9rtj\u00fck.\r\n A f\u00e9rfi l\u00e1tni kezd, de ezzel nem \u00e9r v\u00e9get a t\u00f6rt\u00e9net, \u00e9pp ellenkez\u0151leg, most kezd\u0151dik igaz\u00e1n. A k\u00f6r\u00fcl\u00f6tte l\u00e9v\u0151k, a vall\u00e1si vezet\u0151k, a sz\u00fclei mind zavarba j\u00f6nnek. K\u00e9ptelenek elhinni, hogy ez a v\u00e1ltoz\u00e1s megt\u00f6rt\u00e9nt. \u00c9s itt m\u00e1r fordulnak a szerepek, a \u201ehitetlens\u00e9g vaks\u00e1ga\u201d itt v\u00e1lik nyilv\u00e1nval\u00f3v\u00e1: nem az nem l\u00e1t, akinek sz\u00fclet\u00e9se \u00f3ta rossz a szeme, hanem aki nem akar szemben\u00e9zni a val\u00f3s\u00e1ggal, aki m\u00e9g a saj\u00e1t szem\u00e9nek sem akar hinni. A farizeusok a r\u00e9gi gondolkod\u00e1sm\u00f3d foglyai, \u201eIsten nem tehet ilyet szombaton\u201d mondj\u00e1k, azaz nem Istennek k\u00f6sz\u00f6nhet\u0151 a gy\u00f3gyul\u00e1s. A sz\u00fcl\u0151k a f\u00e9lelem miatt nem v\u00e1llalj\u00e1k a tan\u00fas\u00e1gt\u00e9telt. Mindenki m\u00e1st l\u00e1t, m\u00e1st \u00e9rtelmez, de egyed\u00fcl az, aki eddig nem l\u00e1tott, kezd el igaz\u00e1n \u201el\u00e1tni\u201d, hinni.\r\n A f\u00e9rfi fokozatosan jut el a teljes hithez. El\u0151sz\u00f6r csak egy embert l\u00e1t J\u00e9zusban: \u201eaz az ember, akit J\u00e9zusnak h\u00edvnak\u201d, azt\u00e1n pr\u00f3f\u00e9t\u00e1nak nevezi. K\u00e9s\u0151bb m\u00e1r Isten k\u00fcld\u00f6tt\u00e9nek tartja, s v\u00e9g\u00fcl, amikor J\u00e9zus \u00fajra tal\u00e1lkozik vele, eljut az igazi felismer\u00e9sre: \u201eHiszek, Uram\u201d \u2013 mondja \u00e9s leborul el\u0151tte. A l\u00e1t\u00e1s \u00fatja a hit \u00fatja. Csak akkor \u00e9rtj\u00fck meg, hogy ki is J\u00e9zus val\u00f3j\u00e1ban, ha megengedj\u00fck, hogy meg\u00e9rintsen minket \u00e9s megvalljuk, hogy vakok vagyunk. A nagyb\u00f6jti id\u0151 c\u00e9lja nem az, hogy t\u00f6k\u00e9letesek legy\u00fcnk, hanem hogy l\u00e1ssunk, tiszt\u00e1bban, \u0151szint\u00e9bben, vil\u00e1gosabban.\r\n Mit\u0151l vagyunk vakok? Mi akad\u00e1lyozza, hogy vil\u00e1gosan l\u00e1ssuk Isten jelenl\u00e9t\u00e9t \u00e9s munk\u00e1j\u00e1t magunkban? Hogyan kellene engedelmeskedn\u00fcnk, milyen ir\u00e1nyba kellene elindulnunk, hol tudunk megtisztulni? L\u00e1tni tanulni \u00e9s hinni mindig kock\u00e1zatos, de J\u00e9zus vezet minket. \u0150 a vil\u00e1g vil\u00e1goss\u00e1ga, s mi n\u00e9ha m\u00e9gis hunyorgunk, nem \u00e9rtj\u00fck \u0151t, visszariadunk a f\u00e9nyt\u0151l. \u0150 t\u00fcrelmes, \u00fajra \u00e9s \u00fajra megsz\u00f3l\u00edt minket, \u00e9s v\u00e1rja, hogy kimondjuk: \u201eHiszek, Uram.\u201d\r\n&copy; Horv\u00e1th Istv\u00e1n S\u00e1ndor<\/p>\r\n\r\n\r\n<!-- \/wp:post-content -->\r\n\r\n<!-- wp:paragraph -->\r\n<p>Im\u00e1ds\u00e1g:\n\n \nUram, J\u00e9zus Krisztus! Te vagy a vil\u00e1g vil\u00e1goss\u00e1ga. Megvallom, hogy sokszor vagyok lelkileg vak, mert nem l\u00e1tom vil\u00e1gosan, mit akarsz t\u0151lem, nem \u00e9rtem szavaidat \u00e9s f\u00e9lek elindulni. Add, hogy ne rejt\u0151zzek el, amikor gy\u00f3gy\u00edt\u00f3 sz\u00e1nd\u00e9kkal hozz\u00e1m k\u00f6zeledsz! Tan\u00edts meg l\u00e1tni a sz\u00edvemmel, ne csak a szememmel! Tiszt\u00edtsd meg a gondolataimat, hogy ne a f\u00e9lelmeim, hanem a hitem ir\u00e1ny\u00edtson! K\u00f6sz\u00f6n\u00f6m, hogy nem hagysz magamra, amikor m\u00e1sok elfordulnak t\u0151lem. Hiszek benned, Uram, gy\u00f3gy\u00edts meg, \u00e9s vezess vil\u00e1goss\u00e1god \u00e1ltal a hit \u00fatj\u00e1n az \u00fcdv\u00f6ss\u00e9gre!<\/p>\r\n<!-- \/wp:paragraph -->","protected":false},"excerpt":{"rendered":"<p>Abban az id\u0151ben J\u00e9zus \u00fatk\u00f6zben l\u00e1tott egy vakon sz\u00fcletett embert. A f\u00f6ldre k\u00f6p\u00f6tt, sarat csin\u00e1lt a ny\u00e1llal, a sarat a vak szemeire kente, \u00e9s \u00edgy sz\u00f3lt hozz\u00e1: \u201eMenj, mosakodj meg a Siloe tav\u00e1ban.\u201d Siloe annyit jelent, mint K\u00fcld\u00f6tt. \u0150 elment, megmosdott, \u00e9s amikor visszat\u00e9rt, m\u00e1r l\u00e1tott. A szomsz\u00e9dok, \u00e9s akik azel\u0151tt koldusk\u00e9nt ismert\u00e9k, \u00edgy sz\u00f3ltak: \u201eNem ez az, aki itt \u00fclt \u00e9s koldult?\u201d Egyesek azt mondt\u00e1k, hogy: \u201eEz az!\u201d M\u00e1sok pedig: \u201eNem, csak hasonl\u00edt r\u00e1.\u201d \u0150 azonban kijelentette: \u201e\u00c9n vagyok az.\u201d Erre az embert, aki nemr\u00e9g m\u00e9g vak volt, odavitt\u00e9k&#8230;<\/p>","protected":false},"author":1,"featured_media":3695,"comment_status":"","ping_status":"","sticky":false,"template":"","format":"standard","meta":{"_price":"","_stock":"","_tribe_ticket_header":"","_tribe_default_ticket_provider":"","_tribe_ticket_capacity":"0","_ticket_start_date":"","_ticket_end_date":"","_tribe_ticket_show_description":"","_tribe_ticket_show_not_going":false,"_tribe_ticket_use_global_stock":"","_tribe_ticket_global_stock_level":"","_global_stock_mode":"","_global_stock_cap":"","_tribe_rsvp_for_event":"","_tribe_ticket_going_count":"","_tribe_ticket_not_going_count":"","_tribe_tickets_list":"[]","_tribe_ticket_has_attendee_info_fields":false,"footnotes":""},"categories":[42],"tags":[],"class_list":["post-10223","post","type-post","status-publish","format-standard","has-post-thumbnail","hentry","category-napi-evangelium"],"_links":{"self":[{"href":"https:\/\/bazilikabudapest.hu\/en\/wp-json\/wp\/v2\/posts\/10223","targetHints":{"allow":["GET"]}}],"collection":[{"href":"https:\/\/bazilikabudapest.hu\/en\/wp-json\/wp\/v2\/posts"}],"about":[{"href":"https:\/\/bazilikabudapest.hu\/en\/wp-json\/wp\/v2\/types\/post"}],"author":[{"embeddable":true,"href":"https:\/\/bazilikabudapest.hu\/en\/wp-json\/wp\/v2\/users\/1"}],"replies":[{"embeddable":true,"href":"https:\/\/bazilikabudapest.hu\/en\/wp-json\/wp\/v2\/comments?post=10223"}],"version-history":[{"count":0,"href":"https:\/\/bazilikabudapest.hu\/en\/wp-json\/wp\/v2\/posts\/10223\/revisions"}],"wp:featuredmedia":[{"embeddable":true,"href":"https:\/\/bazilikabudapest.hu\/en\/wp-json\/wp\/v2\/media\/3695"}],"wp:attachment":[{"href":"https:\/\/bazilikabudapest.hu\/en\/wp-json\/wp\/v2\/media?parent=10223"}],"wp:term":[{"taxonomy":"category","embeddable":true,"href":"https:\/\/bazilikabudapest.hu\/en\/wp-json\/wp\/v2\/categories?post=10223"},{"taxonomy":"post_tag","embeddable":true,"href":"https:\/\/bazilikabudapest.hu\/en\/wp-json\/wp\/v2\/tags?post=10223"}],"curies":[{"name":"wp","href":"https:\/\/api.w.org\/{rel}","templated":true}]}}