{"id":10257,"date":"2026-04-04T08:00:04","date_gmt":"2026-04-04T06:00:04","guid":{"rendered":"https:\/\/bazilikabudapest.hu\/2026\/04\/04\/2026-aprilis-4-nagyszombat-husvet-vigiliaja\/"},"modified":"2026-04-04T08:00:04","modified_gmt":"2026-04-04T06:00:04","slug":"2026-aprilis-4-nagyszombat-husvet-vigiliaja","status":"publish","type":"post","link":"https:\/\/bazilikabudapest.hu\/en\/2026\/04\/04\/2026-aprilis-4-nagyszombat-husvet-vigiliaja\/","title":{"rendered":"2026. \u00e1prilis 4. \u2013 Nagyszombat, H\u00fasv\u00e9t vig\u00edli\u00e1ja"},"content":{"rendered":"<p>Szombat elm\u00falt\u00e1val, a h\u00e9t els\u0151 napj\u00e1n pirkadatkor M\u00e1ria Magdolna \u00e9s a m\u00e1sik M\u00e1ria elment, hogy megn\u00e9zze a s\u00edrt. \u00c9s \u00edme, nagy f\u00f6ldreng\u00e9s t\u00e1madt: Az \u00dar angyala lesz\u00e1llt az \u00e9gb\u0151l, odament, elhenger\u00edtette a k\u00f6vet \u00e9s r\u00e1\u00fclt. Olyan volt a tekintete, mint a vill\u00e1m, a ruh\u00e1ja pedig feh\u00e9r, mint a h\u00f3. Az \u0151r\u00f6k reszketni kezdtek f\u00e9lelm\u00fckben, \u00e9s szinte hal\u00e1lra v\u00e1ltak. Ekkor megsz\u00f3lalt az angyal, \u00e9s ezt mondta az asszonyoknak: \u201eNe f\u00e9ljetek! Tudom, hogy a megfesz\u00edtett J\u00e9zust keresitek. \u0150 nincs itt, mert felt\u00e1madt, amint meg\u00edg\u00e9rte. J\u00f6jjetek, n\u00e9zz\u00e9tek meg a helyet, ahol fek\u00fcdt! \u00c9s siessetek, mondj\u00e1tok meg tan\u00edtv\u00e1nyainak, hogy felt\u00e1madt a halottak k\u00f6z\u00fcl, \u00e9s el\u0151ttetek megy Galile\u00e1ba. Ott viszontl\u00e1thatj\u00e1tok \u0151t! \u00cdme, \u00e9n megmondtam nektek!\u201d Erre elsiettek a s\u00edrt\u00f3l. Remegve, de nagy \u00f6r\u00f6mmel futottak, hogy megvigy\u00e9k a h\u00edrt a tan\u00edtv\u00e1nyoknak. \u00c9s \u00edme, egyszerre csak J\u00e9zus j\u00f6tt vel\u00fck szemben, \u00e9s megsz\u00f3l\u00edtotta \u0151ket: \u201e\u00dcdv nektek!\u201d \u0150k pedig odasiettek hozz\u00e1, leborultak el\u0151tte, \u00e9s \u00e1tkarolt\u00e1k a l\u00e1b\u00e1t. Ekkor J\u00e9zus \u00edgy sz\u00f3lt hozz\u00e1juk: \u201eNe f\u00e9ljetek! Siessetek, vigy\u00e9tek h\u00edr\u00fcl testv\u00e9reimnek, hogy menjenek Galile\u00e1ba, mert ott viszontl\u00e1thatnak engem.\u201d  \n \nMt 28,1-10<\/p>\r\n\r\n\r\n\r\n<p>Elm\u00e9lked\u00e9s: A csendb\u0151l \u00e9let fakad\r\n  Nagyszombat az \u00e9v legcsendesebb napja. Egy olyan nap, amelyen Isten \u2013 \u00fagy t\u0171nik \u2013 hallgat. J\u00e9zus teste a s\u00edrban fekszik. A vil\u00e1g elcsendes\u00fclt. Az emberek hazamentek. M\u00e9g az apostolok is elrejt\u0151ztek. Nincs csoda, nincs tan\u00edt\u00e1s. Csak a s\u00edr csendje. A szombat pihen\u0151nap volt a zsid\u00f3k sz\u00e1m\u00e1ra, \u00e9s J\u00e9zus val\u00f3ban megpihent. Nagyszombaton a rem\u00e9ny \u00e9bred\u00e9s\u00e9re v\u00e1runk.\r\n A rem\u00e9nyt e nap est\u00e9j\u00e9n a vig\u00edlia szertart\u00e1s hirdeti meg, amely nem nappal kezd\u0151dik, hanem csak az este s\u00f6t\u00e9tj\u00e9ben. A rem\u00e9ny a s\u00f6t\u00e9ts\u00e9g m\u00e9ly\u00e9r\u0151l sz\u00fcletik. A vig\u00edlia, a virraszt\u00e1s a kereszt\u00e9ny k\u00f6z\u00f6ss\u00e9g \u0151si szertart\u00e1sa. Amikor m\u00e1r minden elhallgatott, akkor kezd el Isten csendben munk\u00e1lkodni.\r\n A vig\u00edlia szertart\u00e1s elej\u00e9n nincs f\u00e9ny a templomban. Csak a t\u0171z l\u00e1ngja vil\u00e1g\u00edt, majd egy gyertya egyetlen f\u00e9nye a s\u00f6t\u00e9tben. Azt\u00e1n ez a f\u00e9ny lassan tovaterjed, meggy\u00fajt m\u00e1sokat, \u00e9s a templom lassan megtelik vil\u00e1goss\u00e1ggal. A h\u00fasv\u00e9ti gyertya nem csup\u00e1n egy d\u00edszes szimb\u00f3lum, hanem Krisztust jelen\u00edti meg, aki a vil\u00e1g vil\u00e1goss\u00e1ga, s aki legy\u0151zte a s\u00f6t\u00e9ts\u00e9get. Nem ki\u00e1ltva, nem mennyd\u00f6rg\u00e9ssel, hanem a felt\u00e1mad\u00e1s csendj\u00e9vel.\r\n M\u00e1t\u00e9 evang\u00e9liuma szerint hajnalban asszonyok mentek az \u00dar s\u00edrj\u00e1hoz. Nem az apostolok vagy a tan\u00edtv\u00e1nyok, nem tekint\u00e9lyes f\u00e9rfiak. Asszonyok, akik szerett\u00e9k J\u00e9zust \u00e9s hal\u00e1la ut\u00e1n gondoskodni akartak r\u00f3la. Nem v\u00e1rtak felt\u00e1mad\u00e1st, csak a test\u00e9t akart\u00e1k megkenni olajjal, mert p\u00e9nteken, a hal\u00e1l \u00e9s a temet\u00e9s napj\u00e1n erre m\u00e1r nem volt id\u0151. \u0150k lettek az els\u0151k, akik az \u00fcres s\u00edrral \u00e9s az angyallal tal\u00e1lkoztak. Az angyal \u00edgy sz\u00f3l: \u201eTudom, hogy a megfesz\u00edtett J\u00e9zust keresitek. \u0150 nincs itt, mert felt\u00e1madt.\u201d Egyetlen kijelent\u00e9s, amely mindent megv\u00e1ltoztat.\r\n A kereszt\u00e9ny hit ezzel kezd\u0151dik. Nem a tan\u00edt\u00e1sokkal, nem a csod\u00e1kkal, hanem azzal a t\u00e9nnyel, hogy J\u00e9zus, aki meghalt, t\u00f6bb\u00e9 nincs a s\u00edrban. Az \u00e9let gy\u0151z\u00f6tt a hal\u00e1l f\u00f6l\u00f6tt. Gy\u0151zelme nem l\u00e1tv\u00e1nyos diadal, hanem megjelen\u00e9s szem\u00e9lyes tal\u00e1lkoz\u00e1sok alkalm\u00e1val. A felt\u00e1madt J\u00e9zus nem t\u00f6megek el\u0151tt mutatja meg mag\u00e1t, hanem azoknak, akik h\u0171s\u00e9gesek maradtak hozz\u00e1. Az asszonyok l\u00e1tj\u00e1k meg el\u0151sz\u00f6r, \u00e9s \u0151k kapj\u00e1k a k\u00fcldet\u00e9st: \u201eMenjetek, vigy\u00e9tek h\u00edr\u00fcl!\u201d\r\n A felt\u00e1mad\u00e1s nem elm\u00e9let, hanem tapasztalat, tal\u00e1lkoz\u00e1s, \u00e9lm\u00e9ny \u00e9s v\u00e1ltoz\u00e1s. Aki val\u00f3ban tal\u00e1lkozik a Felt\u00e1madottal, az nem maradhat ugyanaz. A felt\u00e1mad\u00e1s \u00f6r\u00f6m \u00e9s \u00e1talakul\u00e1s. A r\u00e9gi vil\u00e1g m\u00e1r nem m\u0171k\u00f6dik \u00fagy, mint eddig.\r\n Nem meglep\u0151, hogy az Egyh\u00e1z a r\u00e9gi hagyom\u00e1ny szerint \u00e9ppen ezen az \u00e9jszak\u00e1n kereszteli meg a k\u00f6z\u00f6ss\u00e9g \u00faj tagjait. A kereszts\u00e9g a hal\u00e1l \u00e9s felt\u00e1mad\u00e1s miszt\u00e9rium\u00e1ba von be benn\u00fcnket. A r\u00e9gi ember meghal, az \u00faj ember megsz\u00fcletik. Az \u00e9jszaka s\u00f6t\u00e9tj\u00e9b\u0151l elindulunk a f\u00e9ny fel\u00e9. Az\u00e9rt van sz\u00fcks\u00e9g ennyi olvasm\u00e1nyra, t\u00f6rt\u00e9netre a vig\u00edlia sor\u00e1n, hogy eml\u00e9keztessenek minket: Isten t\u00f6rt\u00e9nete a szabad\u00edt\u00e1s t\u00f6rt\u00e9nete. Az egyiptomi szolgas\u00e1gb\u00f3l val\u00f3 szabadul\u00e1s, az \u00e1tkel\u00e9s a kisz\u00e1radt tengeren, a pr\u00f3f\u00e9t\u00e1k \u00edg\u00e9retei mind egy ir\u00e1nyba mutatnak: Isten nem hagyja, hogy a hal\u00e1l\u00e9 legyen az utols\u00f3 sz\u00f3.\r\n A vig\u00edlia szertart\u00e1sa a kezdet. A hal\u00e1l nem z\u00e1rja le az \u00e9letet, hanem \u00e1tj\u00e1r\u00f3v\u00e1, kapuv\u00e1 v\u00e1lik az \u00f6r\u00f6k \u00e9let fel\u00e9. A k\u0151, amely elz\u00e1rta a s\u00edrt, most elg\u00f6rd\u00fcl. Isten \u00fajra \u00e9s \u00fajra k\u00e9pes \u00e9letet fakasztani ott is, ahol az ember m\u00e1r tehetetlen. Ez a kereszt\u00e9ny rem\u00e9ny alapja. Nem a naiv optimizmus, nem gyermeteg k\u00e9pzel\u0151d\u00e9s, hanem a felt\u00e1madott Krisztussal val\u00f3 szem\u00e9lyes tal\u00e1lkoz\u00e1s tapasztalata.\r\n A mintegy k\u00e9tezer \u00e9vvel ezel\u0151tti esem\u00e9ny napjainkban is \u00e9s minden korban megism\u00e9tl\u0151dik. Ma is vannak asszonyok \u00e9s f\u00e9rfiak, akik s\u00f6t\u00e9tben indulnak el \u00e9s a vil\u00e1goss\u00e1gban t\u00e9rnek vissza. Ma is vannak s\u00edrok, amelyek \u00fcresek maradnak, sebek, amelyek v\u00e1ratlanul begy\u00f3gyulnak, rem\u00e9nyek, amelyek \u00fajra\u00e9lednek. J\u00e9zus ma is \u00e9l, megjelenik, \u00e9s felsz\u00f3l\u00edt minket: Menjetek! Mondj\u00e1tok el, hogy aki hisz, az megl\u00e1thatja a felt\u00e1madt Urat!\r\n&copy; Horv\u00e1th Istv\u00e1n S\u00e1ndor<\/p>\r\n\r\n\r\n<!-- \/wp:post-content -->\r\n\r\n<!-- wp:paragraph -->\r\n<p>Im\u00e1ds\u00e1g:\n\n \nUrunk, J\u00e9zus Krisztus! Te a s\u00edr csendj\u00e9b\u0151l l\u00e9pt\u00e9l ki \u00faj \u00e9letre, k\u00f6sz\u00f6nj\u00fck neked a rem\u00e9nyt. K\u00f6sz\u00f6nj\u00fck, hogy s\u00f6t\u00e9ts\u00e9gb\u0151l vil\u00e1goss\u00e1gba h\u00edvsz benn\u00fcnket, hogy nem hagysz a hal\u00e1lban, hanem \u00e9letet k\u00edn\u00e1lsz ott is, ahol m\u00e1r minden elveszettnek t\u0171nik. Seg\u00edts, hogy ne f\u00e9lj\u00fcnk a szenved\u00e9st\u0151l, a vesztes\u00e9gekt\u0151l, a hal\u00e1lt\u00f3l! Add, hogy felismerj\u00fcnk t\u00e9ged azokban a pillanatokban is, amikor m\u00e9g nem l\u00e1tjuk a hajnal f\u00e9ny\u00e9t! \u00daj\u00edts meg benn\u00fcnket, \u00e9s gy\u00fajts vil\u00e1goss\u00e1got sz\u00edv\u00fcnkben, hogy val\u00f3ban h\u00fasv\u00e9ti emberekk\u00e9, a felt\u00e1mad\u00e1s tan\u00faiv\u00e1 v\u00e1ljunk!<\/p>\r\n<!-- \/wp:paragraph -->","protected":false},"excerpt":{"rendered":"<p>Szombat elm\u00falt\u00e1val, a h\u00e9t els\u0151 napj\u00e1n pirkadatkor M\u00e1ria Magdolna \u00e9s a m\u00e1sik M\u00e1ria elment, hogy megn\u00e9zze a s\u00edrt. \u00c9s \u00edme, nagy f\u00f6ldreng\u00e9s t\u00e1madt: Az \u00dar angyala lesz\u00e1llt az \u00e9gb\u0151l, odament, elhenger\u00edtette a k\u00f6vet \u00e9s r\u00e1\u00fclt. Olyan volt a tekintete, mint a vill\u00e1m, a ruh\u00e1ja pedig feh\u00e9r, mint a h\u00f3. Az \u0151r\u00f6k reszketni kezdtek f\u00e9lelm\u00fckben, \u00e9s szinte hal\u00e1lra v\u00e1ltak. Ekkor megsz\u00f3lalt az angyal, \u00e9s ezt mondta az asszonyoknak: \u201eNe f\u00e9ljetek! Tudom, hogy a megfesz\u00edtett J\u00e9zust keresitek. \u0150 nincs itt, mert felt\u00e1madt, amint meg\u00edg\u00e9rte. J\u00f6jjetek, n\u00e9zz\u00e9tek meg a helyet, ahol fek\u00fcdt! \u00c9s&#8230;<\/p>","protected":false},"author":1,"featured_media":3695,"comment_status":"","ping_status":"","sticky":false,"template":"","format":"standard","meta":{"_price":"","_stock":"","_tribe_ticket_header":"","_tribe_default_ticket_provider":"","_tribe_ticket_capacity":"0","_ticket_start_date":"","_ticket_end_date":"","_tribe_ticket_show_description":"","_tribe_ticket_show_not_going":false,"_tribe_ticket_use_global_stock":"","_tribe_ticket_global_stock_level":"","_global_stock_mode":"","_global_stock_cap":"","_tribe_rsvp_for_event":"","_tribe_ticket_going_count":"","_tribe_ticket_not_going_count":"","_tribe_tickets_list":"[]","_tribe_ticket_has_attendee_info_fields":false,"footnotes":""},"categories":[42],"tags":[],"class_list":["post-10257","post","type-post","status-publish","format-standard","has-post-thumbnail","hentry","category-napi-evangelium"],"_links":{"self":[{"href":"https:\/\/bazilikabudapest.hu\/en\/wp-json\/wp\/v2\/posts\/10257","targetHints":{"allow":["GET"]}}],"collection":[{"href":"https:\/\/bazilikabudapest.hu\/en\/wp-json\/wp\/v2\/posts"}],"about":[{"href":"https:\/\/bazilikabudapest.hu\/en\/wp-json\/wp\/v2\/types\/post"}],"author":[{"embeddable":true,"href":"https:\/\/bazilikabudapest.hu\/en\/wp-json\/wp\/v2\/users\/1"}],"replies":[{"embeddable":true,"href":"https:\/\/bazilikabudapest.hu\/en\/wp-json\/wp\/v2\/comments?post=10257"}],"version-history":[{"count":0,"href":"https:\/\/bazilikabudapest.hu\/en\/wp-json\/wp\/v2\/posts\/10257\/revisions"}],"wp:featuredmedia":[{"embeddable":true,"href":"https:\/\/bazilikabudapest.hu\/en\/wp-json\/wp\/v2\/media\/3695"}],"wp:attachment":[{"href":"https:\/\/bazilikabudapest.hu\/en\/wp-json\/wp\/v2\/media?parent=10257"}],"wp:term":[{"taxonomy":"category","embeddable":true,"href":"https:\/\/bazilikabudapest.hu\/en\/wp-json\/wp\/v2\/categories?post=10257"},{"taxonomy":"post_tag","embeddable":true,"href":"https:\/\/bazilikabudapest.hu\/en\/wp-json\/wp\/v2\/tags?post=10257"}],"curies":[{"name":"wp","href":"https:\/\/api.w.org\/{rel}","templated":true}]}}