{"id":10258,"date":"2026-04-05T08:00:48","date_gmt":"2026-04-05T06:00:48","guid":{"rendered":"https:\/\/bazilikabudapest.hu\/2026\/04\/05\/2026-aprilis-5-husvetvasarnap-urunk-feltamadasa\/"},"modified":"2026-04-05T08:00:48","modified_gmt":"2026-04-05T06:00:48","slug":"2026-aprilis-5-husvetvasarnap-urunk-feltamadasa","status":"publish","type":"post","link":"https:\/\/bazilikabudapest.hu\/en\/2026\/04\/05\/2026-aprilis-5-husvetvasarnap-urunk-feltamadasa\/","title":{"rendered":"2026. \u00e1prilis 5. \u2013 H\u00fasv\u00e9tvas\u00e1rnap, Urunk felt\u00e1mad\u00e1sa"},"content":{"rendered":"<p>A h\u00e9t els\u0151 napj\u00e1n, kora reggel, amikor m\u00e9g s\u00f6t\u00e9t volt, M\u00e1ria Magdolna kiment a s\u00edrhoz. Oda\u00e9rve l\u00e1tta, hogy a k\u00f6vet elmozd\u00edtott\u00e1k a s\u00edrt\u00f3l. Erre elfutott Simon P\u00e9terhez \u00e9s a m\u00e1sik tan\u00edtv\u00e1nyhoz, akit J\u00e9zus szeretett, \u00e9s h\u00edr\u00fcl adta nekik: \u201eElvitt\u00e9k az Urat a s\u00edrb\u00f3l, \u00e9s nem tudom, hova tett\u00e9k!\u201d P\u00e9ter \u00e9s a m\u00e1sik tan\u00edtv\u00e1ny elindult, \u00e9s a s\u00edrhoz sietett. Futottak mind a ketten, de a m\u00e1sik tan\u00edtv\u00e1ny gyorsabban futott, mint P\u00e9ter, \u00e9s hamarabb \u00e9rt a s\u00edrhoz. Ben\u00e9zett, \u00e9s l\u00e1tta az otthagyott gyolcsleplet, de nem ment be. K\u00f6zben oda\u00e9rt Simon P\u00e9ter is. \u0150 is l\u00e1tta az otthagyott lepleket \u00e9s a kend\u0151t, amely J\u00e9zus fej\u00e9t takarta. Ez nem volt egy\u00fctt a leplekkel, hanem k\u00fcl\u00f6n fek\u00fcdt \u00f6sszehajtva egy helyen. Akkor bement a m\u00e1sik tan\u00edtv\u00e1ny is, aki el\u0151sz\u00f6r \u00e9rt a s\u00edrhoz. L\u00e1tta mindezt \u00e9s hitt. Addig ugyanis m\u00e9g nem \u00e9rtett\u00e9k meg, hogy J\u00e9zusnak fel kellett t\u00e1madnia a hal\u00e1lb\u00f3l.  \n \nJn 20,1-9<\/p>\r\n\r\n\r\n\r\n<p>Elm\u00e9lked\u00e9s: Az \u00fcres s\u00edr tan\u00fas\u00e1ga\r\n  H\u00fasv\u00e9tvas\u00e1rnap reggele k\u00fcl\u00f6n\u00f6s fesz\u00fclts\u00e9ggel tel\u00edtett. M\u00e9g s\u00f6t\u00e9t van, amikor M\u00e1ria Magdolna \u00fatnak indul. A hajnali \u00f3r\u00e1k mindig valami fontos esem\u00e9ny k\u00f6zeledt\u00e9t jelzik. Olyan, mintha a vil\u00e1g visszatartan\u00e1 l\u00e9legzet\u00e9t, valami k\u00e9sz\u00fcl. M\u00e1ria Magdolna nem tud m\u00e1st tenni, csak odamenni ahhoz a s\u00edrhoz, ahov\u00e1 eltemett\u00e9k az Urat. Nem felt\u00e1mad\u00e1sra sz\u00e1m\u00edt, nem k\u00e9sz\u00fcl semmi rendk\u00edv\u00fclire. Gy\u00e1szolni szeretn\u00e9 J\u00e9zust, el akarja siratni azt, akit elvesz\u00edtett. A szeretet viszi oda, nem a hit, nem az esem\u00e9nyek meg\u00e9rt\u00e9se, nem a felismer\u00e9s. A szeretet, amely m\u00e9g a hal\u00e1l ut\u00e1n is ragaszkodik.\r\n \u00c9s azt\u00e1n megl\u00e1tja, hogy a k\u0151 el van henger\u00edtve. A s\u00edr nyitott. \u0150 azonban nem kezd el ujjongani, hiszen m\u00e9g mit sem tud a felt\u00e1mad\u00e1sr\u00f3l, hanem megr\u00e9m\u00fcl. Az els\u0151 gondolata nem az, hogy csoda t\u00f6rt\u00e9nt, hanem hogy \u00fajabb f\u00e1jdalom \u00e9ri a gy\u00e1szban: \u201eElvitt\u00e9k az Urat a s\u00edrb\u00f3l!\u201d Az \u00fcres s\u00edr els\u0151 \u00fczenete nem a diadal, hanem a bizonytalans\u00e1g. A hal\u00e1l biztosnak hitt rendje megingott. \u00c9s az ember el\u0151sz\u00f6r nem tud \u00f6r\u00fclni ennek, hanem f\u00e9lelem \u00e9bred benne.\r\n J\u00e1nos evang\u00e9lista nagyon \u00e9rz\u00e9kenyen \u00edrja le a r\u00e9szleteket, ami arra utal, hogy szem\u00e9lyes tapasztalatokat jegyez le. P\u00e9ter \u00e9s a m\u00e1sik tan\u00edtv\u00e1ny, aki maga J\u00e1nos apostol, a s\u00edrhoz futnak. Szinte versenyt futnak, de nem egym\u00e1ssal, hanem tal\u00e1n saj\u00e1t f\u00e9lelm\u00fckkel, ugyanakkor rem\u00e9ny\u00fckkel is. El\u0151bb J\u00e1nos \u00e9r oda, de nem megy be. P\u00e9ter viszont bel\u00e9p. \u0150 l\u00e1tja el\u0151sz\u00f6r a lepleket, \u00e9s a kend\u0151t, amely J\u00e9zus fej\u00e9t takarta. Ez k\u00fcl\u00f6n fek\u00fcdt \u00f6sszehajtva egy helyen. Ezek az apr\u00f3 r\u00e9szletek nem jelent\u00e9ktelenek. Mert ha valaki ellop egy holttestet, nem hajtogatja \u00f6ssze gondosan a fejkend\u0151t, mert erre nincs ideje \u00e9s teljesen felesleges volna. Ez teh\u00e1t nem egy s\u00edrrabl\u00e1s nyoma. Itt valami m\u00e1s t\u00f6rt\u00e9nt.\r\n A m\u00e1sik tan\u00edtv\u00e1ny, azaz J\u00e1nos apostol is bel\u00e9p, \u201el\u00e1tott \u00e9s hitt\u201d \u2013 \u00edrja az evang\u00e9lista, amely egy vallom\u00e1s arr\u00f3l, amit ebben a pillanatban \u00e9rzett, \u00e1t\u00e9lt. De mit hitt? A felt\u00e1mad\u00e1st? Tal\u00e1n m\u00e9g nem teljesen. A hit nem egyik pillanatr\u00f3l a m\u00e1sikra sz\u00fcletik, hanem lassan bontakozik ki, l\u00e9p\u00e9sr\u0151l l\u00e9p\u00e9sre. El\u0151sz\u00f6r a sz\u00edvben, azut\u00e1n az \u00e9rtelemben, s v\u00e9g\u00fcl az \u00e9let minden szintj\u00e9n.\r\n A h\u00fasv\u00e9t els\u0151 tan\u00fai nem azt mondj\u00e1k: \u201eL\u00e1ttuk J\u00e9zust, \u00e9s ez\u00e9rt hisz\u00fcnk.\u201d Az els\u0151 tapasztalatuk az, hogy az \u00dar nincs a s\u00edrbarlangban, ahov\u00e1 p\u00e9nteken tett\u00e9k. Az \u00fcres s\u00edr nem bizony\u00edt\u00e9k, hanem megh\u00edv\u00e1s. Megh\u00edv\u00e1s a keres\u00e9sre, a szem\u00e9lyes tal\u00e1lkoz\u00e1sra \u00e9s a hitre. A felt\u00e1mad\u00e1s val\u00f3s\u00e1ga nem megd\u00f6nthetetlen bizony\u00edt\u00e9kokkal gy\u0151z meg, hanem bels\u0151 tapasztalattal. Az els\u0151 tan\u00edtv\u00e1nyok nem l\u00e1tt\u00e1k a felt\u00e1mad\u00e1s pillanat\u00e1t, csup\u00e1n annak nyomait. \u00c9s ez el\u00e9g volt ahhoz, hogy magyar\u00e1zatot keressenek a t\u00f6rt\u00e9ntekre.\r\n H\u00fasv\u00e9tvas\u00e1rnap a felt\u00e1mad\u00e1s \u00fcnnepe \u00e9s a keres\u00e9s \u00fcnnepe. Az\u00e9 a v\u00e1gy\u00e9, ami nem tud belet\u00f6r\u0151dni a hal\u00e1lba. Az\u00e9 a szeretet\u00e9, amely m\u00e9g a s\u00edron t\u00fal is \u00e9l. \u00c9s az\u00e9 a hit\u00e9, amely fel meri tenni k\u00e9rd\u00e9seit, mert b\u00edzik abban, hogy lesz v\u00e1lasz. Isten nem z\u00e1rta be a s\u00edrt, az \u00dar felt\u00e1mad\u00e1sa ut\u00e1n a k\u0151 nem ker\u00fclt vissza a hely\u00e9re, \u00e9ppen ellenkez\u0151leg, a s\u00edr nyitva maradt. Az igazi k\u00e9rd\u00e9s nem az, hogy t\u00e9nyleg felt\u00e1madt-e J\u00e9zus, hanem az, hogy mit kezd\u00fcnk az \u00fcres s\u00edrral. Az \u00fcres s\u00edr l\u00e1tv\u00e1ny\u00e1n megd\u00f6bbenve \u00e9s elgondolkozva merj\u00fck-e \u00fajra\u00e9rtelmezni az \u00e9let\u00fcnket? Merj\u00fck-e elengedni a megszokott hal\u00e1los s\u00e9m\u00e1kat, gondolatokat, szok\u00e1sokat? Merj\u00fck-e hinni, hogy Isten most is k\u00e9pes \u00faj \u00e9letet adni? Az \u00dar felt\u00e1mad\u00e1s\u00e1ban mi is benne vagyunk. Az Egyh\u00e1z nem egyszer\u0171en azt \u00fcnnepli, hogy megt\u00f6rt\u00e9nt a felt\u00e1mad\u00e1s csod\u00e1ja, hanem azt, hogy r\u00e9szesed\u00fcnk benne. Az \u00fcres s\u00edr egy \u00faj t\u00f6rt\u00e9net kezdete, amelyben mi vagyunk a szerepl\u0151k. Minden kereszts\u00e9gben, minden megt\u00e9r\u00e9sben, minden rem\u00e9nyteljes \u00fajrakezd\u00e9sben ott van a h\u00fasv\u00e9t.\r\n&copy; Horv\u00e1th Istv\u00e1n S\u00e1ndor<\/p>\r\n\r\n\r\n<!-- \/wp:post-content -->\r\n\r\n<!-- wp:paragraph -->\r\n<p>Im\u00e1ds\u00e1g:\n\n \nJ\u00e9zus, felt\u00e1madt Urunk! Te legy\u0151zted a hal\u00e1lt \u00e9s megnyitottad az \u00e9let \u00fatj\u00e1t. K\u00f6sz\u00f6nj\u00fck a h\u00fasv\u00e9ti hajnal \u00f6r\u00f6m\u00e9t! K\u00f6sz\u00f6nj\u00fck, hogy nem a s\u00f6t\u00e9ts\u00e9g\u00e9 \u00e9s a rem\u00e9nytelens\u00e9g\u00e9 az utols\u00f3 sz\u00f3, hanem a vil\u00e1goss\u00e1g\u00e9 \u00e9s a rem\u00e9ny\u00e9. Add, hogy megl\u00e1ssuk az \u00fcres s\u00edrban a rem\u00e9ny kapuj\u00e1t! \u00c9bressz benn\u00fcnk hitet, amely nem f\u00e9l elindulni, keresni, futni fel\u00e9d! Seg\u00edts, hogy minden nap felfedezz\u00fck jelenl\u00e9tedet! Adj nek\u00fcnk apostoli lelk\u00fcletet, hogy tan\u00fas\u00e1got tegy\u00fcnk arr\u00f3l, hogy felt\u00e1madt\u00e1l, \u00e9lsz \u00e9s minket is \u00faj \u00e9letre h\u00edvsz!<\/p>\r\n<!-- \/wp:paragraph -->","protected":false},"excerpt":{"rendered":"<p>A h\u00e9t els\u0151 napj\u00e1n, kora reggel, amikor m\u00e9g s\u00f6t\u00e9t volt, M\u00e1ria Magdolna kiment a s\u00edrhoz. Oda\u00e9rve l\u00e1tta, hogy a k\u00f6vet elmozd\u00edtott\u00e1k a s\u00edrt\u00f3l. Erre elfutott Simon P\u00e9terhez \u00e9s a m\u00e1sik tan\u00edtv\u00e1nyhoz, akit J\u00e9zus szeretett, \u00e9s h\u00edr\u00fcl adta nekik: \u201eElvitt\u00e9k az Urat a s\u00edrb\u00f3l, \u00e9s nem tudom, hova tett\u00e9k!\u201d P\u00e9ter \u00e9s a m\u00e1sik tan\u00edtv\u00e1ny elindult, \u00e9s a s\u00edrhoz sietett. Futottak mind a ketten, de a m\u00e1sik tan\u00edtv\u00e1ny gyorsabban futott, mint P\u00e9ter, \u00e9s hamarabb \u00e9rt a s\u00edrhoz. Ben\u00e9zett, \u00e9s l\u00e1tta az otthagyott gyolcsleplet, de nem ment be. K\u00f6zben oda\u00e9rt Simon P\u00e9ter is&#8230;.<\/p>","protected":false},"author":1,"featured_media":3695,"comment_status":"","ping_status":"","sticky":false,"template":"","format":"standard","meta":{"_price":"","_stock":"","_tribe_ticket_header":"","_tribe_default_ticket_provider":"","_tribe_ticket_capacity":"0","_ticket_start_date":"","_ticket_end_date":"","_tribe_ticket_show_description":"","_tribe_ticket_show_not_going":false,"_tribe_ticket_use_global_stock":"","_tribe_ticket_global_stock_level":"","_global_stock_mode":"","_global_stock_cap":"","_tribe_rsvp_for_event":"","_tribe_ticket_going_count":"","_tribe_ticket_not_going_count":"","_tribe_tickets_list":"[]","_tribe_ticket_has_attendee_info_fields":false,"footnotes":""},"categories":[42],"tags":[],"class_list":["post-10258","post","type-post","status-publish","format-standard","has-post-thumbnail","hentry","category-napi-evangelium"],"_links":{"self":[{"href":"https:\/\/bazilikabudapest.hu\/en\/wp-json\/wp\/v2\/posts\/10258","targetHints":{"allow":["GET"]}}],"collection":[{"href":"https:\/\/bazilikabudapest.hu\/en\/wp-json\/wp\/v2\/posts"}],"about":[{"href":"https:\/\/bazilikabudapest.hu\/en\/wp-json\/wp\/v2\/types\/post"}],"author":[{"embeddable":true,"href":"https:\/\/bazilikabudapest.hu\/en\/wp-json\/wp\/v2\/users\/1"}],"replies":[{"embeddable":true,"href":"https:\/\/bazilikabudapest.hu\/en\/wp-json\/wp\/v2\/comments?post=10258"}],"version-history":[{"count":0,"href":"https:\/\/bazilikabudapest.hu\/en\/wp-json\/wp\/v2\/posts\/10258\/revisions"}],"wp:featuredmedia":[{"embeddable":true,"href":"https:\/\/bazilikabudapest.hu\/en\/wp-json\/wp\/v2\/media\/3695"}],"wp:attachment":[{"href":"https:\/\/bazilikabudapest.hu\/en\/wp-json\/wp\/v2\/media?parent=10258"}],"wp:term":[{"taxonomy":"category","embeddable":true,"href":"https:\/\/bazilikabudapest.hu\/en\/wp-json\/wp\/v2\/categories?post=10258"},{"taxonomy":"post_tag","embeddable":true,"href":"https:\/\/bazilikabudapest.hu\/en\/wp-json\/wp\/v2\/tags?post=10258"}],"curies":[{"name":"wp","href":"https:\/\/api.w.org\/{rel}","templated":true}]}}