{"id":10294,"date":"2026-04-26T08:00:03","date_gmt":"2026-04-26T06:00:03","guid":{"rendered":"https:\/\/bazilikabudapest.hu\/2026\/04\/26\/2026-aprilis-26-husvet-4-vasarnapja\/"},"modified":"2026-04-26T08:00:03","modified_gmt":"2026-04-26T06:00:03","slug":"2026-aprilis-26-husvet-4-vasarnapja","status":"publish","type":"post","link":"https:\/\/bazilikabudapest.hu\/en\/2026\/04\/26\/2026-aprilis-26-husvet-4-vasarnapja\/","title":{"rendered":"2026. \u00e1prilis 26. \u2013 H\u00fasv\u00e9t 4. vas\u00e1rnapja"},"content":{"rendered":"<p>Abban az id\u0151ben \u00edgy sz\u00f3lt J\u00e9zus: \u201eBizony, bizony, mondom nektek: Aki nem a kapun megy be a juhok akl\u00e1ba, hanem m\u00e1shol, az tolvaj \u00e9s rabl\u00f3. Aki viszont az ajt\u00f3n megy be, az a juhok p\u00e1sztora. Az \u0151r ajt\u00f3t nyit neki, a juhok pedig hallgatnak szav\u00e1ra. Nev\u00fck\u00f6n sz\u00f3l\u00edtja juhait, \u00e9s kivezeti \u0151ket. Miut\u00e1n mind kivezette, el\u0151tt\u00fck halad, \u00e9s a juhok k\u00f6vetik, mert ismerik a hangj\u00e1t. Az idegent nem k\u00f6vetik, s\u0151t elfutnak t\u0151le, mert az idegen hangj\u00e1t nem ismerik.\u201d\r\n J\u00e9zus ezt a hasonlatot mondta nekik, de \u0151k nem \u00e9rtett\u00e9k meg, hogy mir\u0151l besz\u00e9l. J\u00e9zus ez\u00e9rt \u00edgy folytatta: \u201eBizony, bizony, mondom nektek: \u00c9n vagyok az ajt\u00f3 a juhok sz\u00e1m\u00e1ra. Akik el\u0151ttem j\u00f6ttek, azok tolvajok \u00e9s rabl\u00f3k. Nem is hallgattak r\u00e1juk a juhok. \u00c9n vagyok az ajt\u00f3: aki rajtam kereszt\u00fcl megy be, az \u00fcdv\u00f6z\u00fcl, ki- \u00e9s bej\u00e1r, s legel\u0151re tal\u00e1l. A tolvaj csak az\u00e9rt j\u00f6n, hogy lopjon, \u00f6lj\u00f6n \u00e9s puszt\u00edtson. \u00c9n az\u00e9rt j\u00f6ttem, hogy \u00e9let\u00fck legyen, \u00e9s b\u0151s\u00e9gben legyen.\u201d  \n \nJn 10,1-10<\/p>\r\n\r\n\r\n\r\n<p>Elm\u00e9lked\u00e9s: Aki ismer minket\r\n  H\u00fasv\u00e9t 4. vas\u00e1rnapj\u00e1n J\u00e9zus egyik legszem\u00e9lyesebb \u00e9s leggyeng\u00e9debb arc\u00e1val tal\u00e1lkozunk: \u0151 a J\u00f3 P\u00e1sztor. Ebben az evang\u00e9liumi szakaszban nem vit\u00e1zik, nem tesz csod\u00e1t, hanem bemutatkozik, \u00f6nmag\u00e1r\u00f3l \u00e9s k\u00fcldet\u00e9s\u00e9r\u0151l besz\u00e9l. Ezt mondja: \u201e\u00c9n vagyok a j\u00f3 p\u00e1sztor\u201d, \u00e9s ezzel egy olyan kapcsolatot k\u00edn\u00e1l fel, amely biztons\u00e1got, szeretetet, gondoskod\u00e1st \u00e9s v\u00e9delmet ny\u00fajt. Erre v\u00e1gyunk mindannyian sz\u00edv\u00fcnk legm\u00e9ly\u00e9n.\r\n A p\u00e1sztor \u00e9s a juh kapcsolat\u00e1nak kulcsa az ismeret. \u201eIsmerem eny\u00e9imet, \u00e9s eny\u00e9im is ismernek engem\u201d (Jn 10,14). Ez nem felsz\u00ednes tud\u00e1s, hanem bels\u0151 kapcsolat, k\u00f6lcs\u00f6n\u00f6s odafigyel\u00e9s, \u00e1lland\u00f3 jelenl\u00e9t. A juh hallgat a p\u00e1sztor hangj\u00e1ra, \u00e9s k\u00f6veti \u0151t, mert tudja: a p\u00e1sztor nem b\u00e9res, nem idegen. Itt t\u00e1rul fel J\u00e9zus szeretet\u00e9nek igazi arca: az \u00e9let\u00e9t adja a juhok\u00e9rt, nem uralkodni akar, hanem szolg\u00e1lni; nem parancsolni, hanem vezetni; nem \u00f6nmag\u00e1t keresi, hanem \u00e9rt\u00fcnk \u00e9l.\r\n De az evang\u00e9lium figyelmeztet is minket: nem mindenki p\u00e1sztor, aki annak mondja mag\u00e1t. Vannak tolvajok, vannak b\u00e9resek, akik nem a juhok\u00e9rt j\u00f6nnek, hanem saj\u00e1t \u00e9rdekeik\u00e9rt. Napjainkban, amikor annyi hang sz\u00f3l hozz\u00e1nk a m\u00e9di\u00e1b\u00f3l, az internet vil\u00e1g\u00e1b\u00f3l, az \u00f6njel\u00f6lt influenszerek sokas\u00e1g\u00e1b\u00f3l, k\u00fcl\u00f6n\u00f6sen fontos k\u00e9rd\u00e9s, hogy melyik hangot ismerem fel J\u00e9zus hangjak\u00e9nt? Kire hallgatok igaz\u00e1n?\r\n J\u00e9zus hangja nem hars\u00e1ny, nem k\u00e9nyszer\u00edt, nem manipul\u00e1l. \u0150 az evang\u00e9lium szavain kereszt\u00fcl sz\u00f3lal meg, a lelkiismeret halk jelz\u00e9seiben, a sz\u00edv m\u00e9ly\u00e9n megmozdul\u00f3 v\u00e1gyakban. Megtanulni felismerni ezt a hangot \u2013 ez a kereszt\u00e9ny \u00e9let egyik legnagyobb feladata.\r\n A mai napon egy fontos sz\u00e1nd\u00e9kot is im\u00e1inkba foglalunk: a papi hivat\u00e1sok\u00e9rt im\u00e1dkozunk, hiszen a J\u00f3 P\u00e1sztor vas\u00e1rnapja Egyh\u00e1zunkban a papi \u00e9s szerzetesi hivat\u00e1sok vil\u00e1gnapja. J\u00e9zus nemcsak J\u00f3 P\u00e1sztork\u00e9nt van jelen k\u00f6z\u00f6tt\u00fcnk, hanem megh\u00edv embereket, hogy az \u0151 nev\u00e9ben p\u00e1sztork\u00e9nt, lelkip\u00e1sztork\u00e9nt szolg\u00e1ljanak. A pap nem t\u00f6k\u00e9letes ember, de Krisztushoz tartozik, egy szent k\u00fcldet\u00e9s hordoz\u00f3ja. Nem mag\u00e1t hirdeti, hanem J\u00e9zust, az \u0151 hangj\u00e1nak k\u00f6zvet\u00edt\u0151je.\r\n Egy id\u0151s pl\u00e9b\u00e1nosr\u00f3l hallottam, aki hat \u00e9vtizeden \u00e1t szolg\u00e1lt egy kis faluban. Nem volt k\u00fcl\u00f6n\u00f6sebben karizmatikus, nem \u00edrt k\u00f6nyveket, nem \u00e9p\u00edtett templomot, de elment minden beteghez, sz\u00e9pen elv\u00e9gezte a keresztel\u00e9si, temet\u00e9si, esk\u00fcv\u0151i szertart\u00e1sokat \u00e9s a szentmis\u00e9ket, \u00e9s mindenkit n\u00e9v szerint ismert. A minisztr\u00e1nsokat \u00e9s a hittanos gyerekeket, a sz\u00fcleiket \u00e9s a nagysz\u00fcleiket, b\u00e1rkivel tal\u00e1lkozott, mindenkit a nev\u00e9n sz\u00f3l\u00edtott. Egyszer megk\u00e9rdezt\u00e9k t\u0151le: \u201eMi tartja az aty\u00e1t itt ennyi \u00e9ven \u00e1t, amikor m\u00e1r r\u00e9g nyugd\u00edjba mehetett volna?\u201d A v\u00e1lasza ennyi volt: \u201eKellett valaki, aki ismeri \u0151ket. \u00c9s valaki, akit \u0151k is ismernek.\u201d Ez a j\u00f3 p\u00e1sztor lelk\u00fclete, ez a papi lelk\u00fclet: n\u00e9v szerint ismerni a h\u00edveket.\r\n A pap nem \u00f6nmag\u00e1\u00e9rt van, nem a saj\u00e1t \u00fcgyeit k\u00e9pviseli. \u0150 Isten\u00e9. Az \u0151 szava nem a mag\u00e1\u00e9, hanem Krisztus\u00e9. A p\u00e1sztor csak akkor j\u00f3, ha Krisztusra mutat, \u00e9s ha minden szav\u00e1val \u00e9s cselekedet\u00e9vel ezt mondja: Krisztus az, akire \u00e9rdemes hallgatni. Minden pap, aki J\u00e9zus sz\u00edv\u00e9b\u0151l mer\u00edt, az \u00dar szeretet\u00e9t adja tov\u00e1bb a h\u00edveknek. Ugyanakkor minden h\u00edv\u0151, aki Krisztushoz tartozik, megh\u00edv\u00e1st kap, hogy maga is p\u00e1sztorr\u00e1 v\u00e1ljon, ak\u00e1r sz\u00fcl\u0151k\u00e9nt, ak\u00e1r tan\u00edt\u00f3k\u00e9nt vagy a k\u00f6z\u00f6ss\u00e9g vezet\u0151jek\u00e9nt. \u0150rizz\u00fck az egys\u00e9get a krisztusi k\u00f6z\u00f6ss\u00e9ggel, az Egyh\u00e1zzal \u00e9s annak p\u00e1sztoraival!\r\n&copy; Horv\u00e1th Istv\u00e1n S\u00e1ndor<\/p>\r\n\r\n\r\n<!-- \/wp:post-content -->\r\n\r\n<!-- wp:paragraph -->\r\n<p>Im\u00e1ds\u00e1g:\n\n \nJ\u00f3 P\u00e1sztorunk, J\u00e9zus Krisztus! Te meghallgatsz, miel\u0151tt m\u00e9g sz\u00f3ln\u00e9k hozz\u00e1d, \u00e9s h\u00edvsz, miel\u0151tt keresn\u00e9lek t\u00e9ged. K\u00f6sz\u00f6n\u00f6m, hogy a te hangod nem b\u00e1nt\u00f3, de mindig igaz, nem hars\u00e1ny, de mindig ir\u00e1nymutat\u00f3. Seg\u00edts, hogy meg tudjam k\u00fcl\u00f6nb\u00f6ztetni hangodat a vil\u00e1g zaj\u00e1t\u00f3l, \u00e9s bizalommal k\u00f6vesselek! Add \u00e1ld\u00e1sodat azokra, akiket megh\u00edvt\u00e1l a papi \u00e9s szerzetesi szolg\u00e1latra, hogy sz\u00edv\u00fckben soha ne apadjon ki a forr\u00e1s, amely bel\u0151led fakad! Adj \u00faj papi hivat\u00e1sokat az Egyh\u00e1znak, olyan szem\u00e9lyeket, akik k\u00e9szek \u00e9let\u00fcket adni embert\u00e1rsaik\u00e9rt! Add, hogy \u00e9n is gondoskod\u00f3, v\u00e9delmet \u00e9s biztons\u00e1got ny\u00fajt\u00f3 p\u00e1sztor legyek ott, ahol \u00e9lek, a csal\u00e1dban \u00e9s az egyh\u00e1zi k\u00f6z\u00f6ss\u00e9gben!<\/p>\r\n<!-- \/wp:paragraph -->","protected":false},"excerpt":{"rendered":"<p>Abban az id\u0151ben \u00edgy sz\u00f3lt J\u00e9zus: \u201eBizony, bizony, mondom nektek: Aki nem a kapun megy be a juhok akl\u00e1ba, hanem m\u00e1shol, az tolvaj \u00e9s rabl\u00f3. Aki viszont az ajt\u00f3n megy be, az a juhok p\u00e1sztora. Az \u0151r ajt\u00f3t nyit neki, a juhok pedig hallgatnak szav\u00e1ra. Nev\u00fck\u00f6n sz\u00f3l\u00edtja juhait, \u00e9s kivezeti \u0151ket. Miut\u00e1n mind kivezette, el\u0151tt\u00fck halad, \u00e9s a juhok k\u00f6vetik, mert ismerik a hangj\u00e1t. Az idegent nem k\u00f6vetik, s\u0151t elfutnak t\u0151le, mert az idegen hangj\u00e1t nem ismerik.\u201d J\u00e9zus ezt a hasonlatot mondta nekik, de \u0151k nem \u00e9rtett\u00e9k meg, hogy mir\u0151l&#8230;<\/p>","protected":false},"author":1,"featured_media":3695,"comment_status":"","ping_status":"","sticky":false,"template":"","format":"standard","meta":{"_price":"","_stock":"","_tribe_ticket_header":"","_tribe_default_ticket_provider":"","_tribe_ticket_capacity":"0","_ticket_start_date":"","_ticket_end_date":"","_tribe_ticket_show_description":"","_tribe_ticket_show_not_going":false,"_tribe_ticket_use_global_stock":"","_tribe_ticket_global_stock_level":"","_global_stock_mode":"","_global_stock_cap":"","_tribe_rsvp_for_event":"","_tribe_ticket_going_count":"","_tribe_ticket_not_going_count":"","_tribe_tickets_list":"[]","_tribe_ticket_has_attendee_info_fields":false,"footnotes":""},"categories":[42],"tags":[],"class_list":["post-10294","post","type-post","status-publish","format-standard","has-post-thumbnail","hentry","category-napi-evangelium"],"_links":{"self":[{"href":"https:\/\/bazilikabudapest.hu\/en\/wp-json\/wp\/v2\/posts\/10294","targetHints":{"allow":["GET"]}}],"collection":[{"href":"https:\/\/bazilikabudapest.hu\/en\/wp-json\/wp\/v2\/posts"}],"about":[{"href":"https:\/\/bazilikabudapest.hu\/en\/wp-json\/wp\/v2\/types\/post"}],"author":[{"embeddable":true,"href":"https:\/\/bazilikabudapest.hu\/en\/wp-json\/wp\/v2\/users\/1"}],"replies":[{"embeddable":true,"href":"https:\/\/bazilikabudapest.hu\/en\/wp-json\/wp\/v2\/comments?post=10294"}],"version-history":[{"count":0,"href":"https:\/\/bazilikabudapest.hu\/en\/wp-json\/wp\/v2\/posts\/10294\/revisions"}],"wp:featuredmedia":[{"embeddable":true,"href":"https:\/\/bazilikabudapest.hu\/en\/wp-json\/wp\/v2\/media\/3695"}],"wp:attachment":[{"href":"https:\/\/bazilikabudapest.hu\/en\/wp-json\/wp\/v2\/media?parent=10294"}],"wp:term":[{"taxonomy":"category","embeddable":true,"href":"https:\/\/bazilikabudapest.hu\/en\/wp-json\/wp\/v2\/categories?post=10294"},{"taxonomy":"post_tag","embeddable":true,"href":"https:\/\/bazilikabudapest.hu\/en\/wp-json\/wp\/v2\/tags?post=10294"}],"curies":[{"name":"wp","href":"https:\/\/api.w.org\/{rel}","templated":true}]}}