{"id":10295,"date":"2026-04-27T08:00:06","date_gmt":"2026-04-27T06:00:06","guid":{"rendered":"https:\/\/bazilikabudapest.hu\/2026\/04\/27\/2026-aprilis-27-hetfo\/"},"modified":"2026-04-27T08:00:06","modified_gmt":"2026-04-27T06:00:06","slug":"2026-aprilis-27-hetfo","status":"publish","type":"post","link":"https:\/\/bazilikabudapest.hu\/en\/2026\/04\/27\/2026-aprilis-27-hetfo\/","title":{"rendered":"2026. \u00e1prilis 27. \u2013 H\u00e9tf\u0151"},"content":{"rendered":"<p>Abban az id\u0151ben J\u00e9zus \u00edgy sz\u00f3lt: \u201e\u00c9n vagyok a j\u00f3 p\u00e1sztor. A j\u00f3 p\u00e1sztor \u00e9let\u00e9t adja a juhok\u00e9rt. A b\u00e9res azonban, aki nem p\u00e1sztor, akinek a juhok nem a saj\u00e1tjai, otthagyja a juhokat, \u00e9s elfut, amikor l\u00e1tja, hogy j\u00f6n a farkas. A farkas azt\u00e1n elragadja \u00e9s sz\u00e9tkergeti \u0151ket. A b\u00e9res az\u00e9rt fut el, mert b\u00e9res, \u00e9s nem t\u00f6r\u0151dik a juhokkal. \u00c9n vagyok a j\u00f3 p\u00e1sztor. Ismerem eny\u00e9imet, \u00e9s eny\u00e9im is ismernek engem, \u2013 mint ahogy az Atya ismer engem, \u00e9s \u00e9n ismerem az Aty\u00e1t. \u00c9letemet adom a juhok\u00e9rt. De m\u00e1s juhaim is vannak, amelyek nem ebb\u0151l az akolb\u00f3l val\u00f3k. Ezeket is vezetnem kell. Hallgatni fognak szavamra, \u00e9s egy ny\u00e1j lesz \u00e9s egy p\u00e1sztor. Az\u00e9rt szeret engem az Atya, mert odaadom az \u00e9letemet, hogy majd ism\u00e9t visszavegyem. Nem veszi el t\u0151lem senki, magam adom oda, mert van r\u00e1 hatalmam, hogy odaadjam, \u00e9s van r\u00e1 hatalmam, hogy visszavegyem. Ezt a parancsot kaptam Aty\u00e1mt\u00f3l.\u201d  \n \nJn 10,11-18<\/p>\r\n\r\n\r\n\r\n<p>Elm\u00e9lked\u00e9s: \u201e\u00c9n vagyok a j\u00f3 p\u00e1sztor. A j\u00f3 p\u00e1sztor \u00e9let\u00e9t adja a juhok\u00e9rt.\u201d A mai evang\u00e9liumnak ez a mondata \u00f6sszefoglalja J\u00e9zus eg\u00e9sz k\u00fcldet\u00e9s\u00e9t \u00e9s azt is felt\u00e1rja, hogy miben k\u00fcl\u00f6nb\u00f6zik minden m\u00e1s vezet\u0151t\u0151l, p\u00e9ldak\u00e9pt\u0151l, vall\u00e1salap\u00edt\u00f3t\u00f3l. \u0150 nem csak tan\u00edt, hanem meghal azok\u00e9rt, akiket szeret. Nemcsak a biztons\u00e1gunkr\u00f3l gondoskodik, hanem az \u00e9let\u00e9t is odaadja, hogy mi \u00e9lhess\u00fcnk.\r\n J\u00e9zus szembe\u00e1ll\u00edtja a p\u00e1sztort a b\u00e9ressel, aki val\u00f3j\u00e1ban nem t\u00f6r\u0151dik a juhokkal, mert neki nem a k\u00f6z\u00f6ss\u00e9g sorsa, hanem a saj\u00e1t k\u00e9nyelme sz\u00e1m\u00edt. Ha j\u00f6n a farkas, a b\u00e9res menek\u00fcl. A p\u00e1sztor viszont a ny\u00e1j mellett marad akkor is, amikor f\u00e1jdalmas, vesz\u00e9lyes, kock\u00e1zatos. Ez nemcsak J\u00e9zus keresztj\u00e9re utal, hanem igaz r\u00e1nk is. \u0150 akkor sem hagy el minket, amikor mindenki m\u00e1s elfordulna t\u0151l\u00fcnk.\r\n A j\u00f3 p\u00e1sztor egyik legfontosabb tulajdons\u00e1ga, hogy ismeri a juhait, ezt a gondolatot m\u00e1r tegnap is megeml\u00edtett\u00fck. J\u00e9zus nem t\u00f6megben gondolkodik, nem statisztikai kateg\u00f3ri\u00e1kban l\u00e1t benn\u00fcnket, hanem n\u00e9v szerint ismer minket. Ismeri szem\u00e9ly\u00fcnket, ismeri f\u00e9lelmeinket, rem\u00e9nyeinket, csal\u00f3d\u00e1sainkat. \u00dagy vezet, hogy k\u00f6zben sosem vesz\u00edt szem el\u0151l egyetlen lelket sem. Azt szeretn\u00e9, hogy mi is \u00edgy ismerj\u00fck \u0151t: ne csak tan\u00edt\u00e1s\u00e1t, hanem szem\u00e9ly\u00e9t, akiben felismerhetj\u00fck vezet\u0151nket az \u00f6r\u00f6k \u00e9letre.\r\n A kereszt\u00e9ny \u00e9let nagy k\u00e9rd\u00e9se nem az, hogy mit kell tennem, hanem az, hogy kiben b\u00edzom, kinek a vezet\u00e9s\u00e9t, ir\u00e1ny\u00edt\u00e1s\u00e1t fogadom el. J\u00e9zus nem parancsokat ad, hanem \u00f6nmag\u00e1t. \u0150 az ajt\u00f3, aki \u00e1ltal bel\u00e9phet\u00fcnk az \u00e9letbe. \u0150 el\u0151tt\u00fcnk j\u00e1r, hogy ne t\u00e9vedj\u00fcnk el az \u00fcdv\u00f6ss\u00e9g fel\u00e9 vezet\u0151 \u00faton.\r\n&copy; Horv\u00e1th Istv\u00e1n S\u00e1ndor<\/p>\r\n\r\n\r\n<!-- \/wp:post-content -->\r\n\r\n<!-- wp:paragraph -->\r\n<p>Im\u00e1ds\u00e1g:\n\n \nJ\u00f3 P\u00e1sztorunk, J\u00e9zus Krisztus! K\u00f6sz\u00f6n\u00f6m, hogy nem b\u00e9resk\u00e9nt viselkedsz velem, hanem p\u00e1sztork\u00e9nt, aki \u00e9let\u00e9t adta \u00e9rtem. Ismersz engem, gyenges\u00e9geimmel, sebeimmel, rem\u00e9nyeimmel egy\u00fctt. Seg\u00edts, hogy ne t\u00e9vedjek el a vil\u00e1g z\u0171rzavar\u00e1ban, hanem mindig felismerjem a te halk \u00e9s igaz hangodat! Ne engedd, hogy a f\u00e9lelem vagy a k\u00e9ts\u00e9g elt\u00e1vol\u00edtson t\u0151led! Add, hogy ne csak k\u00f6vesselek, hanem \u00e9n is p\u00e1sztorr\u00e1 v\u00e1ljak m\u00e1sok sz\u00e1m\u00e1ra, \u00e9n is a szeretet, a figyelem, a megbocs\u00e1t\u00e1s embere legyek!<\/p>\r\n<!-- \/wp:paragraph -->","protected":false},"excerpt":{"rendered":"<p>Abban az id\u0151ben J\u00e9zus \u00edgy sz\u00f3lt: \u201e\u00c9n vagyok a j\u00f3 p\u00e1sztor. A j\u00f3 p\u00e1sztor \u00e9let\u00e9t adja a juhok\u00e9rt. A b\u00e9res azonban, aki nem p\u00e1sztor, akinek a juhok nem a saj\u00e1tjai, otthagyja a juhokat, \u00e9s elfut, amikor l\u00e1tja, hogy j\u00f6n a farkas. A farkas azt\u00e1n elragadja \u00e9s sz\u00e9tkergeti \u0151ket. A b\u00e9res az\u00e9rt fut el, mert b\u00e9res, \u00e9s nem t\u00f6r\u0151dik a juhokkal. \u00c9n vagyok a j\u00f3 p\u00e1sztor. Ismerem eny\u00e9imet, \u00e9s eny\u00e9im is ismernek engem, \u2013 mint ahogy az Atya ismer engem, \u00e9s \u00e9n ismerem az Aty\u00e1t. \u00c9letemet adom a juhok\u00e9rt. De m\u00e1s&#8230;<\/p>","protected":false},"author":1,"featured_media":3695,"comment_status":"","ping_status":"","sticky":false,"template":"","format":"standard","meta":{"_price":"","_stock":"","_tribe_ticket_header":"","_tribe_default_ticket_provider":"","_tribe_ticket_capacity":"0","_ticket_start_date":"","_ticket_end_date":"","_tribe_ticket_show_description":"","_tribe_ticket_show_not_going":false,"_tribe_ticket_use_global_stock":"","_tribe_ticket_global_stock_level":"","_global_stock_mode":"","_global_stock_cap":"","_tribe_rsvp_for_event":"","_tribe_ticket_going_count":"","_tribe_ticket_not_going_count":"","_tribe_tickets_list":"[]","_tribe_ticket_has_attendee_info_fields":false,"footnotes":""},"categories":[42],"tags":[],"class_list":["post-10295","post","type-post","status-publish","format-standard","has-post-thumbnail","hentry","category-napi-evangelium"],"_links":{"self":[{"href":"https:\/\/bazilikabudapest.hu\/en\/wp-json\/wp\/v2\/posts\/10295","targetHints":{"allow":["GET"]}}],"collection":[{"href":"https:\/\/bazilikabudapest.hu\/en\/wp-json\/wp\/v2\/posts"}],"about":[{"href":"https:\/\/bazilikabudapest.hu\/en\/wp-json\/wp\/v2\/types\/post"}],"author":[{"embeddable":true,"href":"https:\/\/bazilikabudapest.hu\/en\/wp-json\/wp\/v2\/users\/1"}],"replies":[{"embeddable":true,"href":"https:\/\/bazilikabudapest.hu\/en\/wp-json\/wp\/v2\/comments?post=10295"}],"version-history":[{"count":0,"href":"https:\/\/bazilikabudapest.hu\/en\/wp-json\/wp\/v2\/posts\/10295\/revisions"}],"wp:featuredmedia":[{"embeddable":true,"href":"https:\/\/bazilikabudapest.hu\/en\/wp-json\/wp\/v2\/media\/3695"}],"wp:attachment":[{"href":"https:\/\/bazilikabudapest.hu\/en\/wp-json\/wp\/v2\/media?parent=10295"}],"wp:term":[{"taxonomy":"category","embeddable":true,"href":"https:\/\/bazilikabudapest.hu\/en\/wp-json\/wp\/v2\/categories?post=10295"},{"taxonomy":"post_tag","embeddable":true,"href":"https:\/\/bazilikabudapest.hu\/en\/wp-json\/wp\/v2\/tags?post=10295"}],"curies":[{"name":"wp","href":"https:\/\/api.w.org\/{rel}","templated":true}]}}