{"id":10296,"date":"2026-04-28T08:00:05","date_gmt":"2026-04-28T06:00:05","guid":{"rendered":"https:\/\/bazilikabudapest.hu\/2026\/04\/28\/2026-aprilis-28-kedd\/"},"modified":"2026-04-28T08:00:05","modified_gmt":"2026-04-28T06:00:05","slug":"2026-aprilis-28-kedd","status":"publish","type":"post","link":"https:\/\/bazilikabudapest.hu\/en\/2026\/04\/28\/2026-aprilis-28-kedd\/","title":{"rendered":"2026. \u00e1prilis 28. \u2013 Kedd"},"content":{"rendered":"<p>Abban az id\u0151ben a templomszentel\u00e9s \u00fcnnep\u00e9t \u00fclt\u00e9k Jeruzs\u00e1lemben. T\u00e9l volt. J\u00e9zus \u00e9ppen a templomban j\u00e1rt, Salamon oszlopcsarnok\u00e1ban. A zsid\u00f3k k\u00f6r\u00fclvett\u00e9k \u0151t, \u00e9s megk\u00e9rdezt\u00e9k: \u201eMeddig tartasz m\u00e9g bizonytalans\u00e1gban minket? Ha te vagy a Messi\u00e1s, mondd meg nek\u00fcnk ny\u00edltan!\u201d J\u00e9zus \u00edgy felelt: \u201eMondtam m\u00e1r nektek, de nem hiszitek el. Cselekedeteim, amelyeket Aty\u00e1m nev\u00e9ben m\u0171velek, tan\u00fas\u00e1got tesznek r\u00f3lam. De ti nem hisztek, mert nem vagytok juhaim k\u00f6z\u00fcl val\u00f3k. Az \u00e9n juhaim hallgatnak szavamra. Ismerem \u0151ket, \u00e9s \u0151k k\u00f6vetnek engem. \u00c9n \u00f6r\u00f6k \u00e9letet adok nekik. Nem vesznek el soha, \u00e9s senki sem ragadja el \u0151ket kezemb\u0151l. Aty\u00e1m, aki nekem adta \u0151ket, hatalmasabb mindenkin\u00e9l: senki sem ragadhatja el \u0151ket Aty\u00e1m kez\u00e9b\u0151l. \u00c9n \u00e9s az Atya egy vagyunk.\u201d  \n \nJn 10,22-30<\/p>\r\n\r\n\r\n\r\n<p>Elm\u00e9lked\u00e9s: \u201eTi nem hisztek, mert nem vagytok juhaim k\u00f6z\u00fcl val\u00f3k.\u201d J\u00e9zus szavai kem\u00e9nynek t\u0171nnek, de val\u00f3j\u00e1ban nem a vele val\u00f3 \u00e9letk\u00f6z\u00f6ss\u00e9gb\u0151l kiz\u00e1r\u00f3 vagy elutas\u00edt\u00f3 sz\u00e1nd\u00e9k\u00faak, hanem m\u00e9ly igazs\u00e1got t\u00e1rnak fel. A hit nem csup\u00e1n ismeret vagy egyet\u00e9rt\u00e9s k\u00e9rd\u00e9se, hanem kapcsolat. J\u00e9zus juhai hallgatnak hangj\u00e1ra, ismerik \u00e9s k\u00f6vetik \u0151t. A hit teh\u00e1t szem\u00e9lyes v\u00e1lasz Isten szem\u00e9lyes megsz\u00f3l\u00edt\u00e1s\u00e1ra.\r\n Sokan ma is \u00fagy keresnek bizonyoss\u00e1got, ahogy egykor a zsid\u00f3k tett\u00e9k: \u201eHa te vagy a Messi\u00e1s, mondd meg nek\u00fcnk ny\u00edltan!\u201d Az emberi sz\u00edv azonban gyakran akkor is z\u00e1rva marad, ha a v\u00e1lasz ott \u00e1ll el\u0151tt\u00fcnk. J\u00e9zus nem szenz\u00e1ci\u00f3t k\u00edn\u00e1l, hanem \u00e9letet, csendes, de m\u00e9ly \u00e9letk\u00f6z\u00f6ss\u00e9get, amely a h\u0171s\u00e9gb\u0151l, a figyelemb\u0151l \u00e9s az engedelmess\u00e9gb\u0151l t\u00e1pl\u00e1lkozik.\r\n Az isteni hang nem kiab\u00e1l. J\u00e9zus p\u00e1sztork\u00e9nt vezet \u00e9s nem katonak\u00e9nt vez\u00e9nyel. Az \u0151 hangj\u00e1t csak az hallja meg, aki id\u0151t sz\u00e1n r\u00e1. Az \u00dar ny\u00e1j\u00e1hoz tartozni nem kiv\u00e1lts\u00e1g, hanem hivat\u00e1s: meghallani a h\u00edv\u00e1st, \u00e9s engedni, hogy vezessen.\r\n \u201eSenki nem ragadhatja ki \u0151ket kezemb\u0151l\u201d \u2013 mondja J\u00e9zus. Ez a kijelent\u00e9s a kereszt\u00e9ny rem\u00e9ny egyik legm\u00e9lyebb forr\u00e1sa. A mi biztons\u00e1gunk nem a saj\u00e1t er\u0151nk\u00f6n, hanem az \u0151 h\u0171s\u00e9g\u00e9n m\u00falik. Tal\u00e1n n\u00e9ha \u00fagy \u00e9rezz\u00fck, elvesz\u00fcnk. K\u00e9ts\u00e9gek, neh\u00e9zs\u00e9gek, bels\u0151 s\u00f6t\u00e9ts\u00e9gek torz\u00edtj\u00e1k a l\u00e1t\u00e1sunkat, gyeng\u00edtik hit\u00fcnket. De mindig J\u00e9zus kez\u00e9ben vagyunk \u00e9s az Atya kez\u00e9ben. Isten h\u0171s\u00e9ge a mi rem\u00e9ny\u00fcnk.\r\n&copy; Horv\u00e1th Istv\u00e1n S\u00e1ndor<\/p>\r\n\r\n\r\n<!-- \/wp:post-content -->\r\n\r\n<!-- wp:paragraph -->\r\n<p>Im\u00e1ds\u00e1g:\n\n \nJ\u00e9zus, J\u00f3 P\u00e1sztor! Add, hogy felismerjem a te hangodat a vil\u00e1g zaj\u00e1ban! Tan\u00edts meg hallgatni, figyelni, benned b\u00edzni! Amikor gyenge vagyok, amikor k\u00e9rd\u00e9sek gy\u00f6t\u00f6rnek, amikor a hit gyeng\u00fcl, eml\u00e9keztess r\u00e1, hogy a te kezedben vagyok, \u00e9s abb\u00f3l senki sem ragadhat ki engem! Seg\u00edts, hogy h\u0171s\u00e9gesen k\u00f6vesselek akkor is, ha nem l\u00e1tok mindent vil\u00e1gosan, nem ismerem fel r\u00f6gt\u00f6n sz\u00e1nd\u00e9kaidat! K\u00f6sz\u00f6n\u00f6m, hogy nem elv\u00e1r\u00e1sokat z\u00fad\u00edtasz r\u00e1m, hanem jelenl\u00e9teddel hozol b\u00e9k\u00e9t, nyugalmat a sz\u00edvembe.<\/p>\r\n<!-- \/wp:paragraph -->","protected":false},"excerpt":{"rendered":"<p>Abban az id\u0151ben a templomszentel\u00e9s \u00fcnnep\u00e9t \u00fclt\u00e9k Jeruzs\u00e1lemben. T\u00e9l volt. J\u00e9zus \u00e9ppen a templomban j\u00e1rt, Salamon oszlopcsarnok\u00e1ban. A zsid\u00f3k k\u00f6r\u00fclvett\u00e9k \u0151t, \u00e9s megk\u00e9rdezt\u00e9k: \u201eMeddig tartasz m\u00e9g bizonytalans\u00e1gban minket? Ha te vagy a Messi\u00e1s, mondd meg nek\u00fcnk ny\u00edltan!\u201d J\u00e9zus \u00edgy felelt: \u201eMondtam m\u00e1r nektek, de nem hiszitek el. Cselekedeteim, amelyeket Aty\u00e1m nev\u00e9ben m\u0171velek, tan\u00fas\u00e1got tesznek r\u00f3lam. De ti nem hisztek, mert nem vagytok juhaim k\u00f6z\u00fcl val\u00f3k. Az \u00e9n juhaim hallgatnak szavamra. Ismerem \u0151ket, \u00e9s \u0151k k\u00f6vetnek engem. \u00c9n \u00f6r\u00f6k \u00e9letet adok nekik. Nem vesznek el soha, \u00e9s senki sem ragadja el&#8230;<\/p>","protected":false},"author":1,"featured_media":3695,"comment_status":"","ping_status":"","sticky":false,"template":"","format":"standard","meta":{"_price":"","_stock":"","_tribe_ticket_header":"","_tribe_default_ticket_provider":"","_tribe_ticket_capacity":"0","_ticket_start_date":"","_ticket_end_date":"","_tribe_ticket_show_description":"","_tribe_ticket_show_not_going":false,"_tribe_ticket_use_global_stock":"","_tribe_ticket_global_stock_level":"","_global_stock_mode":"","_global_stock_cap":"","_tribe_rsvp_for_event":"","_tribe_ticket_going_count":"","_tribe_ticket_not_going_count":"","_tribe_tickets_list":"[]","_tribe_ticket_has_attendee_info_fields":false,"footnotes":""},"categories":[42],"tags":[],"class_list":["post-10296","post","type-post","status-publish","format-standard","has-post-thumbnail","hentry","category-napi-evangelium"],"_links":{"self":[{"href":"https:\/\/bazilikabudapest.hu\/en\/wp-json\/wp\/v2\/posts\/10296","targetHints":{"allow":["GET"]}}],"collection":[{"href":"https:\/\/bazilikabudapest.hu\/en\/wp-json\/wp\/v2\/posts"}],"about":[{"href":"https:\/\/bazilikabudapest.hu\/en\/wp-json\/wp\/v2\/types\/post"}],"author":[{"embeddable":true,"href":"https:\/\/bazilikabudapest.hu\/en\/wp-json\/wp\/v2\/users\/1"}],"replies":[{"embeddable":true,"href":"https:\/\/bazilikabudapest.hu\/en\/wp-json\/wp\/v2\/comments?post=10296"}],"version-history":[{"count":0,"href":"https:\/\/bazilikabudapest.hu\/en\/wp-json\/wp\/v2\/posts\/10296\/revisions"}],"wp:featuredmedia":[{"embeddable":true,"href":"https:\/\/bazilikabudapest.hu\/en\/wp-json\/wp\/v2\/media\/3695"}],"wp:attachment":[{"href":"https:\/\/bazilikabudapest.hu\/en\/wp-json\/wp\/v2\/media?parent=10296"}],"wp:term":[{"taxonomy":"category","embeddable":true,"href":"https:\/\/bazilikabudapest.hu\/en\/wp-json\/wp\/v2\/categories?post=10296"},{"taxonomy":"post_tag","embeddable":true,"href":"https:\/\/bazilikabudapest.hu\/en\/wp-json\/wp\/v2\/tags?post=10296"}],"curies":[{"name":"wp","href":"https:\/\/api.w.org\/{rel}","templated":true}]}}