{"id":10297,"date":"2026-04-29T08:00:21","date_gmt":"2026-04-29T06:00:21","guid":{"rendered":"https:\/\/bazilikabudapest.hu\/2026\/04\/29\/2026-aprilis-29-szerda-sienai-szent-katalin-szuz-es-egyhaztanito-europa-tarsvedoszentje\/"},"modified":"2026-04-29T08:00:21","modified_gmt":"2026-04-29T06:00:21","slug":"2026-aprilis-29-szerda-sienai-szent-katalin-szuz-es-egyhaztanito-europa-tarsvedoszentje","status":"publish","type":"post","link":"https:\/\/bazilikabudapest.hu\/en\/2026\/04\/29\/2026-aprilis-29-szerda-sienai-szent-katalin-szuz-es-egyhaztanito-europa-tarsvedoszentje\/","title":{"rendered":"2026. \u00e1prilis 29. \u2013 Szerda, Sienai Szent Katalin sz\u0171z \u00e9s egyh\u00e1ztan\u00edt\u00f3, Eur\u00f3pa t\u00e1rsv\u00e9d\u0151szentje"},"content":{"rendered":"<p>Abban az id\u0151ben J\u00e9zus megsz\u00f3lalt, \u00e9s ezt mondta: Magasztallak t\u00e9ged, Aty\u00e1m, \u00e9g \u00e9s f\u00f6ld Ura, mert elrejtetted mindezt a b\u00f6lcsek \u00e9s okosak el\u0151l, \u00e9s kinyilatkoztattad a kicsinyeknek! Igen, Aty\u00e1m, \u00edgy tetszett ez neked! Az \u00e9n Aty\u00e1m mindent \u00e1tadott nekem, \u00e9s nem ismeri a Fi\u00fat senki m\u00e1s, csak az Atya, s az Aty\u00e1t sem ismeri m\u00e1s, csak a Fi\u00fa, \u00e9s akinek a Fi\u00fa ki akarja nyilatkoztatni. J\u00f6jjetek hozz\u00e1m mindny\u00e1jan, akik f\u00e1radtak vagytok, \u00e9s terhek alatt g\u00f6rnyedtek: \u00e9n fel\u00fcd\u00edtlek titeket! Vegy\u00e9tek magatokra ig\u00e1mat, \u00e9s tanuljatok t\u0151lem, mert \u00e9n szel\u00edd vagyok \u00e9s al\u00e1zatos sz\u00edv\u0171, \u00e9s nyugalmat tal\u00e1l lelketek. Mert az \u00e9n ig\u00e1m \u00e9des, s az \u00e9n terhem k\u00f6nny\u0171.  \n \nMt 11,25-30<\/p>\r\n\r\n\r\n\r\n<p>Elm\u00e9lked\u00e9s: J\u00e9zus szavai r\u00e1vil\u00e1g\u00edtanak arra, hogy az Isten ismeret\u00e9hez els\u0151sorban nem tanulm\u00e1nyok, hanem tiszta sz\u00edv, gyermeki bizalom \u00e9s nyitotts\u00e1g kell. Ezt a b\u00f6lcsess\u00e9get testes\u00edti meg Sienai Szent Katalin, a XIV. sz\u00e1zad er\u0151s, b\u00e1tor \u00e9s m\u00e9lyen misztikus asszonya, akit nem csup\u00e1n kor\u00e1nak egyh\u00e1zi vezet\u0151i hallgattak meg, hanem akit ma is egyh\u00e1ztan\u00edt\u00f3k\u00e9nt tisztel\u00fcnk. Katalin nem tanult teol\u00f3gi\u00e1t az egyetemeken, m\u00e9gis Isten annyira m\u00e9ly ismeret\u00e9t kapta aj\u00e1nd\u00e9kul, hogy \u00edr\u00e1sait teol\u00f3gusok tanulm\u00e1nyozz\u00e1k mindm\u00e1ig.\r\n Sienai Szent Katalin azt \u00fczeni nek\u00fcnk, hogy ne gondolkodjunk a szeretet m\u00f3dj\u00e1n, hiszen Isten minden helyzetben megadja nek\u00fcnk a b\u00f6lcsess\u00e9get annak felismer\u00e9s\u00e9hez, hogy mit kell tenn\u00fcnk. Ez a szeretet vezette \u0151t, amikor j\u00e1rv\u00e1nyos betegeket \u00e1polt, amikor elment Avignonba, hogy a p\u00e1p\u00e1t visszat\u00e9r\u00edtse R\u00f3m\u00e1ba, \u00e9s amikor f\u00e1radhatatlanul k\u00f6zvet\u00edtett a h\u00e1bor\u00faskod\u00f3 it\u00e1liai v\u00e1ros\u00e1llamok k\u00f6z\u00f6tt. A vil\u00e1g szem\u00e9ben \u0151 egy egyszer\u0171 n\u0151 volt, de Isten szem\u00e9ben az igazs\u00e1g hordoz\u00f3ja.\r\n Katalin \u00e9lete tan\u00fas\u00edtja, hogy a kicsinyek, a vil\u00e1g szem\u00e9ben jelent\u00e9ktelenek, akikr\u0151l J\u00e9zus besz\u00e9l a mai evang\u00e9liumban, Isten nagy k\u00f6vetei lehetnek. Katalin misztikus l\u00e1tom\u00e1saiban J\u00e9zus \u00fajra \u00e9s \u00fajra megjelenik, mint jegyese, p\u00e1sztora \u00e9s a kereszt szeretet\u00e9nek tan\u00edt\u00f3ja. \u201eVegy\u00e9tek magatokra ig\u00e1mat\u201d \u2013 mondja J\u00e9zus az evang\u00e9liumban. Katalin nem csup\u00e1n elfogadta ezt az ig\u00e1t, hanem m\u00e1sokat is h\u00edvott arra, hogy ez\u00e1ltal Krisztushoz f\u0171z\u0151d\u0151 szel\u00edd \u00e9s m\u00e9ly kapcsolatban \u00e9ljenek.\r\n Szent Katalin \u00edr\u00e1sai politikai, egyh\u00e1zi \u00e9s lelki k\u00e9rd\u00e9seket is b\u00e1tran t\u00e1rgyaltak. K\u00f6zben m\u00e9gis \u00fagy \u00e9lt, mint egy kicsiny l\u00e9lek: szeg\u00e9nyen, \u00f6n\u00e1tad\u00e1ssal, mindenben az Atya akarat\u00e1t keresve. \u00c9letp\u00e9ld\u00e1ja ma is s\u00fcrget benn\u00fcnket: merj\u00fcnk kicsik lenni, \u00e9s merj\u00fcnk szeretni, gondolkod\u00e1s \u00e9s k\u00e9sleked\u00e9s n\u00e9lk\u00fcl, de Isten b\u00f6lcsess\u00e9g\u00e9t\u0151l vezetve.\r\n&copy; Horv\u00e1th Istv\u00e1n S\u00e1ndor<\/p>\r\n\r\n\r\n<!-- \/wp:post-content -->\r\n\r\n<!-- wp:paragraph -->\r\n<p>Im\u00e1ds\u00e1g:\n\n \nUrunk, J\u00e9zus Krisztus! K\u00f6sz\u00f6n\u00f6m, hogy Sienai Szent Katalint adtad nek\u00fcnk, aki b\u00e1tors\u00e1ggal \u00e9s al\u00e1zattal mutatta meg az evang\u00e9lium erej\u00e9t. Seg\u00edts, hogy \u00e9n is nyitott sz\u00edvvel hallgassam tan\u00edt\u00e1sodat, \u00e9s ne a vil\u00e1gi tudom\u00e1nyban, hanem a te b\u00f6lcsess\u00e9gedben \u00e9s szeretetedben b\u00edzzak! Add, hogy Katalin p\u00e9ld\u00e1ja nyom\u00e1n felismerjem: a te ig\u00e1d k\u00f6nny\u0171, mert velem hordozod! Adj er\u0151t, hogy b\u00edzni tudjak benned, \u00e9s legyen b\u00e1tors\u00e1gom sz\u00f3lni, szeretni, cselekedni, ha k\u00fcldesz!<\/p>\r\n<!-- \/wp:paragraph -->","protected":false},"excerpt":{"rendered":"<p>Abban az id\u0151ben J\u00e9zus megsz\u00f3lalt, \u00e9s ezt mondta: Magasztallak t\u00e9ged, Aty\u00e1m, \u00e9g \u00e9s f\u00f6ld Ura, mert elrejtetted mindezt a b\u00f6lcsek \u00e9s okosak el\u0151l, \u00e9s kinyilatkoztattad a kicsinyeknek! Igen, Aty\u00e1m, \u00edgy tetszett ez neked! Az \u00e9n Aty\u00e1m mindent \u00e1tadott nekem, \u00e9s nem ismeri a Fi\u00fat senki m\u00e1s, csak az Atya, s az Aty\u00e1t sem ismeri m\u00e1s, csak a Fi\u00fa, \u00e9s akinek a Fi\u00fa ki akarja nyilatkoztatni. J\u00f6jjetek hozz\u00e1m mindny\u00e1jan, akik f\u00e1radtak vagytok, \u00e9s terhek alatt g\u00f6rnyedtek: \u00e9n fel\u00fcd\u00edtlek titeket! Vegy\u00e9tek magatokra ig\u00e1mat, \u00e9s tanuljatok t\u0151lem, mert \u00e9n szel\u00edd vagyok \u00e9s al\u00e1zatos&#8230;<\/p>","protected":false},"author":1,"featured_media":3695,"comment_status":"","ping_status":"","sticky":false,"template":"","format":"standard","meta":{"_price":"","_stock":"","_tribe_ticket_header":"","_tribe_default_ticket_provider":"","_tribe_ticket_capacity":"0","_ticket_start_date":"","_ticket_end_date":"","_tribe_ticket_show_description":"","_tribe_ticket_show_not_going":false,"_tribe_ticket_use_global_stock":"","_tribe_ticket_global_stock_level":"","_global_stock_mode":"","_global_stock_cap":"","_tribe_rsvp_for_event":"","_tribe_ticket_going_count":"","_tribe_ticket_not_going_count":"","_tribe_tickets_list":"[]","_tribe_ticket_has_attendee_info_fields":false,"footnotes":""},"categories":[42],"tags":[],"class_list":["post-10297","post","type-post","status-publish","format-standard","has-post-thumbnail","hentry","category-napi-evangelium"],"_links":{"self":[{"href":"https:\/\/bazilikabudapest.hu\/en\/wp-json\/wp\/v2\/posts\/10297","targetHints":{"allow":["GET"]}}],"collection":[{"href":"https:\/\/bazilikabudapest.hu\/en\/wp-json\/wp\/v2\/posts"}],"about":[{"href":"https:\/\/bazilikabudapest.hu\/en\/wp-json\/wp\/v2\/types\/post"}],"author":[{"embeddable":true,"href":"https:\/\/bazilikabudapest.hu\/en\/wp-json\/wp\/v2\/users\/1"}],"replies":[{"embeddable":true,"href":"https:\/\/bazilikabudapest.hu\/en\/wp-json\/wp\/v2\/comments?post=10297"}],"version-history":[{"count":0,"href":"https:\/\/bazilikabudapest.hu\/en\/wp-json\/wp\/v2\/posts\/10297\/revisions"}],"wp:featuredmedia":[{"embeddable":true,"href":"https:\/\/bazilikabudapest.hu\/en\/wp-json\/wp\/v2\/media\/3695"}],"wp:attachment":[{"href":"https:\/\/bazilikabudapest.hu\/en\/wp-json\/wp\/v2\/media?parent=10297"}],"wp:term":[{"taxonomy":"category","embeddable":true,"href":"https:\/\/bazilikabudapest.hu\/en\/wp-json\/wp\/v2\/categories?post=10297"},{"taxonomy":"post_tag","embeddable":true,"href":"https:\/\/bazilikabudapest.hu\/en\/wp-json\/wp\/v2\/tags?post=10297"}],"curies":[{"name":"wp","href":"https:\/\/api.w.org\/{rel}","templated":true}]}}