{"id":10303,"date":"2026-05-01T08:00:53","date_gmt":"2026-05-01T06:00:53","guid":{"rendered":"https:\/\/bazilikabudapest.hu\/2026\/05\/01\/2026-majus-1-pentek-szent-jozsef-a-munkas\/"},"modified":"2026-05-01T08:00:53","modified_gmt":"2026-05-01T06:00:53","slug":"2026-majus-1-pentek-szent-jozsef-a-munkas","status":"publish","type":"post","link":"https:\/\/bazilikabudapest.hu\/en\/2026\/05\/01\/2026-majus-1-pentek-szent-jozsef-a-munkas\/","title":{"rendered":"2026. m\u00e1jus 1. \u2013 P\u00e9ntek, Szent J\u00f3zsef, a munk\u00e1s"},"content":{"rendered":"<p>Tan\u00edt\u00f3 k\u00f6r\u00fatj\u00e1n J\u00e9zus az \u0151 v\u00e1ros\u00e1ba, N\u00e1z\u00e1retbe \u00e9rkezett, \u00e9s ott tan\u00edtott a zsinag\u00f3g\u00e1ban. Hallgat\u00f3i csod\u00e1lkoztak, \u00e9s \u00edgy besz\u00e9ltek r\u00f3la: \u201eHonnan van ennek a b\u00f6lcsess\u00e9ge \u00e9s csodatev\u0151 ereje? H\u00e1t nem az \u00e1cs fia ez? \u00c9s nem M\u00e1ria az anyja? Nemde Jakab, J\u00f3zsef, Simon \u00e9s J\u00fad\u00e1s az (unoka)fiv\u00e9rei? \u00c9s nem itt \u00e9lnek-e k\u00f6z\u00f6tt\u00fcnk az (unoka)n\u0151v\u00e9rei is? Honn\u00e9t vette h\u00e1t mindezt?\u201d \u00c9s csak botr\u00e1nkoztak rajta. J\u00e9zus erre \u00edgy sz\u00f3lt: \u201eSehol sem becs\u00fclik kevesebbre a pr\u00f3f\u00e9t\u00e1t, mint sz\u00fcl\u0151f\u00f6ldj\u00e9n \u00e9s otthon\u00e1ban.\u201d Hitetlens\u00e9g\u00fck miatt nem is m\u0171velt ott sok csod\u00e1t.  \n \nMt 13,54-58<\/p>\r\n\r\n\r\n\r\n<p>Elm\u00e9lked\u00e9s: \u201eH\u00e1t nem az \u00e1cs fia?\u201d \u2013 k\u00e9rdezik J\u00e9zusr\u00f3l a n\u00e1z\u00e1retiek. \u0150k j\u00f3l ismerik J\u00e9zust, l\u00e1tt\u00e1k feln\u0151ni, teh\u00e1t nem lehet pr\u00f3f\u00e9ta. A Megv\u00e1lt\u00f3 nem j\u00f6het onnan, ahol kalap\u00e1cs koppan, f\u0171r\u00e9szpor sz\u00e1ll, forg\u00e1cs r\u00f6ppen a gyalu k\u00f6r\u00fcl. Az emberek visszautas\u00edtj\u00e1k J\u00e9zust, mert nem tudj\u00e1k \u00f6sszeegyeztetni az istenit a h\u00e9tk\u00f6znapival, Isten megv\u00e1lt\u00f3 terv\u00e9t saj\u00e1t elk\u00e9pzel\u00e9seikkel. A n\u00e1z\u00e1retiek k\u00e9telked\u00e9se r\u00e1vil\u00e1g\u00edt egy m\u00e9lyebb igazs\u00e1gra: a hit nemcsak az isteni csod\u00e1kban val\u00f3 bizalom, hanem annak elfogad\u00e1sa is, hogy Isten jelen van a h\u00e9tk\u00f6znapi dolgokban. A m\u0171helyben, a verejt\u00e9kes munk\u00e1t v\u00e9gz\u0151kben, az egyszer\u0171 emberek \u00e9let\u00e9ben.\r\n Szent J\u00f3zsef, akire a mai napon eml\u00e9kez\u00fcnk, a munk\u00e1s emberek v\u00e9d\u0151szentje \u00e9s p\u00e9ldak\u00e9pe, aki \u00fagy v\u00e9gezte mindennapi munk\u00e1j\u00e1t, hogy k\u00f6zben isteni titkokat hordozott sz\u00edv\u00e9ben. Nem szavakkal, hanem tettekkel tan\u00edt. J\u00e9zus \u00e9veken \u00e1t vele dolgozott, \u00e9s t\u0151le tanulta meg, hogyan kell emberk\u00e9nt \u00e9lni, dolgozni, figyelni, szolg\u00e1lni. J\u00f3zsef igazi \u00e9rdeme nem a l\u00e1tv\u00e1nyos munka, hanem az Istennek val\u00f3 engedelmess\u00e9g \u00e9s szolg\u00e1lat.\r\n Napjainkban, amikor sokak sz\u00e1m\u00e1ra a teljes\u00edtm\u00e9ny, a siker, a haszon a fontos, Szent J\u00f3zsef p\u00e9ld\u00e1t ad a csendes, h\u0171s\u00e9ges munk\u00e1ra, amely nem csup\u00e1n egy\u00e9ni c\u00e9lokhoz vezet, hanem Istenhez. Mert minden szorgalmas mozdulatban, minden becs\u00fclettel v\u00e9gzett feladatban felfedezhetj\u00fck Isten jelenl\u00e9t\u00e9t.\r\n Tanuljuk meg Szent J\u00f3zseft\u0151l, hogy ott szolg\u00e1ljunk, ahol tal\u00e1n senki sem veszi \u00e9szre.\r\n&copy; Horv\u00e1th Istv\u00e1n S\u00e1ndor<\/p>\r\n\r\n\r\n<!-- \/wp:post-content -->\r\n\r\n<!-- wp:paragraph -->\r\n<p>Im\u00e1ds\u00e1g:\n\n \nSzent J\u00f3zsef! Te k\u00e9tkezi munk\u00e1ddal seg\u00edtetted a Megv\u00e1lt\u00f3t, tan\u00edts minket is Isten jelenl\u00e9t\u00e9t keresni \u00e9s megtal\u00e1lni a h\u00e9tk\u00f6znapi feladatainkban! Seg\u00edts, hogy munk\u00e1nk ne csak keny\u00e9rkereset legyen, hanem Istennek v\u00e9gzett szolg\u00e1lat is! Add, hogy ne a vil\u00e1g elismer\u00e9s\u00e9t hajszoljuk, hanem Isten akarat\u00e1t teljes\u00edts\u00fck csendben, kitart\u00f3an, h\u0171s\u00e9ggel! Vezess minket, hogy \u00e9let\u00fcnk minden napj\u00e1n Krisztust hordozzuk a sz\u00edv\u00fcnkben, ak\u00e1r kalap\u00e1csot, ak\u00e1r k\u00f6nyvet, ak\u00e1r gyermeket tartunk a kez\u00fcnkben! Im\u00e1dkozz \u00e9rt\u00fcnk, hogy a mindennapokban felfedezz\u00fck Isten jelenl\u00e9t\u00e9t!<\/p>\r\n<!-- \/wp:paragraph -->","protected":false},"excerpt":{"rendered":"<p>Tan\u00edt\u00f3 k\u00f6r\u00fatj\u00e1n J\u00e9zus az \u0151 v\u00e1ros\u00e1ba, N\u00e1z\u00e1retbe \u00e9rkezett, \u00e9s ott tan\u00edtott a zsinag\u00f3g\u00e1ban. Hallgat\u00f3i csod\u00e1lkoztak, \u00e9s \u00edgy besz\u00e9ltek r\u00f3la: \u201eHonnan van ennek a b\u00f6lcsess\u00e9ge \u00e9s csodatev\u0151 ereje? H\u00e1t nem az \u00e1cs fia ez? \u00c9s nem M\u00e1ria az anyja? Nemde Jakab, J\u00f3zsef, Simon \u00e9s J\u00fad\u00e1s az (unoka)fiv\u00e9rei? \u00c9s nem itt \u00e9lnek-e k\u00f6z\u00f6tt\u00fcnk az (unoka)n\u0151v\u00e9rei is? Honn\u00e9t vette h\u00e1t mindezt?\u201d \u00c9s csak botr\u00e1nkoztak rajta. J\u00e9zus erre \u00edgy sz\u00f3lt: \u201eSehol sem becs\u00fclik kevesebbre a pr\u00f3f\u00e9t\u00e1t, mint sz\u00fcl\u0151f\u00f6ldj\u00e9n \u00e9s otthon\u00e1ban.\u201d Hitetlens\u00e9g\u00fck miatt nem is m\u0171velt ott sok csod\u00e1t. Mt 13,54-58 Elm\u00e9lked\u00e9s: \u201eH\u00e1t nem az&#8230;<\/p>","protected":false},"author":1,"featured_media":3695,"comment_status":"","ping_status":"","sticky":false,"template":"","format":"standard","meta":{"_price":"","_stock":"","_tribe_ticket_header":"","_tribe_default_ticket_provider":"","_tribe_ticket_capacity":"0","_ticket_start_date":"","_ticket_end_date":"","_tribe_ticket_show_description":"","_tribe_ticket_show_not_going":false,"_tribe_ticket_use_global_stock":"","_tribe_ticket_global_stock_level":"","_global_stock_mode":"","_global_stock_cap":"","_tribe_rsvp_for_event":"","_tribe_ticket_going_count":"","_tribe_ticket_not_going_count":"","_tribe_tickets_list":"[]","_tribe_ticket_has_attendee_info_fields":false,"footnotes":""},"categories":[42],"tags":[],"class_list":["post-10303","post","type-post","status-publish","format-standard","has-post-thumbnail","hentry","category-napi-evangelium"],"_links":{"self":[{"href":"https:\/\/bazilikabudapest.hu\/en\/wp-json\/wp\/v2\/posts\/10303","targetHints":{"allow":["GET"]}}],"collection":[{"href":"https:\/\/bazilikabudapest.hu\/en\/wp-json\/wp\/v2\/posts"}],"about":[{"href":"https:\/\/bazilikabudapest.hu\/en\/wp-json\/wp\/v2\/types\/post"}],"author":[{"embeddable":true,"href":"https:\/\/bazilikabudapest.hu\/en\/wp-json\/wp\/v2\/users\/1"}],"replies":[{"embeddable":true,"href":"https:\/\/bazilikabudapest.hu\/en\/wp-json\/wp\/v2\/comments?post=10303"}],"version-history":[{"count":0,"href":"https:\/\/bazilikabudapest.hu\/en\/wp-json\/wp\/v2\/posts\/10303\/revisions"}],"wp:featuredmedia":[{"embeddable":true,"href":"https:\/\/bazilikabudapest.hu\/en\/wp-json\/wp\/v2\/media\/3695"}],"wp:attachment":[{"href":"https:\/\/bazilikabudapest.hu\/en\/wp-json\/wp\/v2\/media?parent=10303"}],"wp:term":[{"taxonomy":"category","embeddable":true,"href":"https:\/\/bazilikabudapest.hu\/en\/wp-json\/wp\/v2\/categories?post=10303"},{"taxonomy":"post_tag","embeddable":true,"href":"https:\/\/bazilikabudapest.hu\/en\/wp-json\/wp\/v2\/tags?post=10303"}],"curies":[{"name":"wp","href":"https:\/\/api.w.org\/{rel}","templated":true}]}}