{"id":10305,"date":"2026-05-03T08:00:01","date_gmt":"2026-05-03T06:00:01","guid":{"rendered":"https:\/\/bazilikabudapest.hu\/2026\/05\/03\/2026-majus-3-husvet-5-vasarnapja\/"},"modified":"2026-05-03T08:00:01","modified_gmt":"2026-05-03T06:00:01","slug":"2026-majus-3-husvet-5-vasarnapja","status":"publish","type":"post","link":"https:\/\/bazilikabudapest.hu\/en\/2026\/05\/03\/2026-majus-3-husvet-5-vasarnapja\/","title":{"rendered":"2026. m\u00e1jus 3. \u2013 H\u00fasv\u00e9t 5. vas\u00e1rnapja"},"content":{"rendered":"<p>Abban az id\u0151ben J\u00e9zus \u00edgy sz\u00f3lt tan\u00edtv\u00e1nyaihoz: \u201eNe nyugtalankodj\u00e9k a sz\u00edvetek! Higgyetek az Istenben, \u00e9s bennem is higgyetek. Aty\u00e1m h\u00e1z\u00e1ban sok hely van. Ha nem \u00edgy lenne, mondtam volna-e: Elmegyek \u00e9s helyet k\u00e9sz\u00edtek nektek? Ha majd elmegyek \u00e9s helyet k\u00e9sz\u00edtek nektek, ism\u00e9t elj\u00f6v\u00f6k, \u00e9s magammal viszlek titeket, hogy ti is ott legyetek, ahol \u00e9n vagyok. Hiszen ismeritek az utat oda, ahova \u00e9n megyek!\u201d Ekkor Tam\u00e1s \u00edgy sz\u00f3lt: \u201eUram, mi nem tudjuk, hogy hova m\u00e9gy; hogyan ismerhetn\u00e9nk h\u00e1t az utat?\u201d J\u00e9zus ezt felelte: \u201e\u00c9n vagyok az \u00fat, az igazs\u00e1g \u00e9s az \u00e9let. Senki sem juthat el az Aty\u00e1hoz, csak \u00e1ltalam. Ha engem ismern\u00e9tek, Aty\u00e1mat is ismern\u00e9tek. De mostant\u00f3l fogva ismeritek \u0151t, \u00e9s l\u00e1tj\u00e1tok.\u201d F\u00fcl\u00f6p megjegyezte: \u201eUram, mutasd meg nek\u00fcnk az Aty\u00e1t, \u00e9s ez el\u00e9g nek\u00fcnk!\u201d J\u00e9zus \u00edgy v\u00e1laszolt: \u201eM\u00e1r olyan r\u00e9g\u00f3ta veletek vagyok, \u00e9s nem ismersz engem, F\u00fcl\u00f6p? Aki engem l\u00e1t, az l\u00e1tja az Aty\u00e1t is. Hogyan mondhatod h\u00e1t: Mutasd meg nek\u00fcnk az Aty\u00e1t? Nem hiszed tal\u00e1n, hogy \u00e9n az Aty\u00e1ban vagyok s az Atya \u00e9nbennem? A szavakat, amelyeket hozz\u00e1tok int\u00e9zek, nem magamt\u00f3l mondom, \u00e9s a tetteket is Aty\u00e1m cselekszi, aki bennem van. Higgy\u00e9tek el, hogy \u00e9n az Aty\u00e1ban vagyok, \u00e9s az Atya \u00e9nbennem. Ha m\u00e1s\u00e9rt nem, legal\u00e1bb a tetteim\u00e9rt higgy\u00e9tek! Bizony, bizony mondom nektek: Aki hisz bennem, ugyanazokat a tetteket fogja v\u00e9gbevinni, amelyeket \u00e9n cselekszem, s\u0151t m\u00e9g nagyobbakat is tehet azokn\u00e1l, mert \u00e9n az Aty\u00e1hoz megyek.\u201d  \n \nJn 14,1-12<\/p>\r\n\r\n\r\n\r\n<p>Elm\u00e9lked\u00e9s: \u00dat, igazs\u00e1g, \u00e9let\r\n  Az evang\u00e9lium J\u00e9zus b\u00facs\u00fabesz\u00e9d\u00e9t id\u00e9zi fel, az utols\u00f3 vacsor\u00e1t, amikor m\u00e1r tudta, hogy k\u00f6zeleg a kereszt, a szenved\u00e9s, a tan\u00edtv\u00e1nyok sz\u00e9tsz\u00e9lednek, el\u00e1rulj\u00e1k, megtagadj\u00e1k. J\u00e9zus m\u00e9gis b\u00e9k\u00e9r\u0151l besz\u00e9l. Olyan kijelent\u00e9ssel ind\u00edtja a tan\u00edtv\u00e1nyok vigasztal\u00e1s\u00e1t, amely minden kor h\u00edv\u0151 ember\u00e9nek sz\u00f3l, nek\u00fcnk is: \u201eNe nyugtalankodj\u00e9k a sz\u00edvetek! Higgyetek az Istenben, \u00e9s bennem is higgyetek.\u201d\r\n Az emberi sz\u00edv \u00e9s l\u00e9lek nyugtalans\u00e1ga ismer\u0151s tapasztalat sz\u00e1munkra, amely megjelenhet egy fenyeget\u0151 vesz\u00e9ly form\u00e1j\u00e1ban, de ak\u00e1r a mindennapokban is. Egy v\u00e1ratlan diagn\u00f3zis, egy felbomlott kapcsolat, egy felismer\u00e9s, hogy \u00e9let\u00fcnk rossz ir\u00e1nyba halad, \u00e9s m\u00e1ris azt \u00e9rezz\u00fck, hogy semmi sem biztos. A tan\u00edtv\u00e1nyok is hasonl\u00f3t \u00e9ltek \u00e1t. Mester\u00fck, akiben b\u00edztak, s akit\u0151l \u00faj vil\u00e1got rem\u00e9ltek, most arr\u00f3l besz\u00e9l, hogy elmegy \u00e9s \u0151k nem k\u00f6vethetik. Ebben a helyzetben hangzik el az \u00dar b\u00e1tor\u00edt\u00e1sa: \u201eHiggyetek!\u201d A hit nem az, hogy minden vil\u00e1gos \u00e9s \u00e1tl\u00e1that\u00f3. A hit nem logikai \u00f6sszef\u00fcgg\u00e9sek elfogad\u00e1sa, hanem egy bizalmon alapul\u00f3 kapcsolat, annak tudatos\u00edt\u00e1sa, hogy kihez tartozom, \u00e9s hogy nem vagyok egyed\u00fcl, m\u00e9g akkor sem, ha mindent elvesz\u00edtek. Kereszt\u00e9ny hit\u00fcnk nem azonnali v\u00e1lasz minden k\u00e9rd\u00e9s\u00fcnkre, hanem kapaszkod\u00f3 minden helyzetben.\r\n J\u00e9zus egyr\u00e9szt nyugalmat, lelki megb\u00e9k\u00e9l\u00e9st \u00edg\u00e9r, m\u00e1sr\u00e9szt utat is mutat: \u201eAty\u00e1m h\u00e1z\u00e1ban sok hely van. Elmegyek, hogy helyet k\u00e9sz\u00edtsek nektek.\u201d \u00c9s amikor Tam\u00e1s zavartan k\u00e9rdezi, hogy m\u00e9g azt sem tudj\u00e1k, hov\u00e1 megy, akkor hangzik el az evang\u00e9lium egyik cs\u00facspontja: \u201e\u00c9n vagyok az \u00fat, az igazs\u00e1g \u00e9s az \u00e9let.\u201d J\u00e9zus nemcsak ismeri \u00e9s megmutatja az utat, hanem \u0151 maga az \u00fat. Az Istenhez vezet\u0151 \u00fat nem eszmerendszer, nem szab\u00e1lyok \u00e9s elm\u00e9letek gy\u0171jtem\u00e9nye, hanem egy szem\u00e9ly, J\u00e9zus Krisztus. \u00c9s \u0151 mindenkit h\u00edv: a keres\u0151t, a t\u00e9velyg\u0151t, az elcs\u00fcggedtet, a k\u00e9tked\u0151t, a nyugtalan sz\u00edv\u0171 embert.\r\n Egy fiatal atya mes\u00e9lte, hogy els\u0151 szolg\u00e1lati hely\u00e9n a szentmis\u00e9n nagyon izgult. A falu id\u0151s asszonyai sorban \u00fcltek a padokban, mindegyik\u00fck \u00e9vtizedek \u00f3ta j\u00e1rt a templomba. A mise ut\u00e1n egyik\u00fck odament hozz\u00e1 \u00e9s ezt mondta: \u201eTisztelend\u0151 \u00dar, maga ma \u00fagy im\u00e1dkozott, mint aki haza\u00e9rt.\u201d Ez a mondat megnyugtatta az aty\u00e1t. Mert fontos a sz\u00e9p pr\u00e9dik\u00e1ci\u00f3, a mozdulatok pontoss\u00e1ga \u00e9s a liturgia g\u00f6rd\u00fcl\u00e9kenys\u00e9ge, de m\u00e9g l\u00e9nyegesebb, hogy hitelesen k\u00e9pviselte Krisztust, aki jelen volt szem\u00e9ly\u00e9ben \u00e9s a szents\u00e9gben, \u00e9s aki a papok szolg\u00e1lata \u00e1ltal utat tal\u00e1l az emberi sz\u00edvekhez.\r\n A mai ember keresi az ir\u00e1nyt, merre menjen, mit kezdjen az \u00e9let\u00e9vel, hol van a helye a vil\u00e1gban? Sokszor csak sodr\u00f3dunk, egyik c\u00e9lb\u00f3l a m\u00e1sikba, egyik kapcsolatb\u00f3l a m\u00e1sikba an\u00e9lk\u00fcl, hogy val\u00f3ban otthon lenn\u00e9nk. J\u00e9zus nemcsak \u00fatmutat\u00e1st ad, hanem \u00f6nmag\u00e1t adja \u00fatk\u00e9nt. A vele val\u00f3 kapcsolat eligaz\u00edt, ir\u00e1nyt mutat, otthont ad m\u00e1r itt a f\u00f6ld\u00f6n is.\r\n Pedig J\u00e9zus napjainkban is elindul \u00e9s t\u00e1rsakat keres az \u00fatra. Nem t\u00f6k\u00e9leteseket, hanem nyitott sz\u00edv\u0171eket. Nem h\u0151s\u00f6ket, hanem olyanokat, akik hajland\u00f3k r\u00e1tenni l\u00e1bukat az \u00fatra, amely \u0151 maga.\r\n \u00c9letutunk n\u00e9ha meredek, n\u00e9ha k\u00f6ves, n\u00e9ha f\u00e1jdalmas. De mindig vezet valahov\u00e1: a val\u00f3di otthonba, az Atya h\u00e1z\u00e1ba, ahol m\u00e1r nem lesz k\u00e9rd\u00e9s, nem lesz k\u00e9ts\u00e9g, csak egy \u00f6r\u00f6k \u00e9s megrend\u00edt\u0151 felismer\u00e9s: Itt van, akit kerestem. Itt van, aki boldogg\u00e1 tesz \u00f6r\u00f6kre.\r\n&copy; Horv\u00e1th Istv\u00e1n S\u00e1ndor<\/p>\r\n\r\n\r\n<!-- \/wp:post-content -->\r\n\r\n<!-- wp:paragraph -->\r\n<p>Im\u00e1ds\u00e1g:\n\n \nUrunk, J\u00e9zus Krisztus! Te vagy az \u00fat, az igazs\u00e1g \u00e9s az \u00e9let! Te vagy az egyetlen biztos ir\u00e1ny, akiben a sz\u00edv megnyugodhat, aki elvezet az Aty\u00e1hoz. Add, hogy ne a vil\u00e1g \u00fatveszt\u0151iben bolyongjunk, hanem benned b\u00edzzunk, \u00e9s veled j\u00e1rjunk! Er\u0151s\u00edtsd benn\u00fcnk a hitet, hogy ne a l\u00e1that\u00f3ra, hanem a l\u00e1thatatlanra figyelj\u00fcnk! Ne engedd, hogy elbizonytalanodjunk \u00e9let\u00fcnk \u00fatj\u00e1n! Seg\u00edts, hogy mi magunk is \u00fatt\u00e1 v\u00e1ljunk, \u00edgy m\u00e1sokat is hozz\u00e1d vezess\u00fcnk! L\u00e9gy vel\u00fcnk minden l\u00e9p\u00e9s\u00fcnkn\u00e9l \u00e9s vezess minket az Atya h\u00e1z\u00e1ba, a mennyorsz\u00e1gba!<\/p>\r\n<!-- \/wp:paragraph -->","protected":false},"excerpt":{"rendered":"<p>Abban az id\u0151ben J\u00e9zus \u00edgy sz\u00f3lt tan\u00edtv\u00e1nyaihoz: \u201eNe nyugtalankodj\u00e9k a sz\u00edvetek! Higgyetek az Istenben, \u00e9s bennem is higgyetek. Aty\u00e1m h\u00e1z\u00e1ban sok hely van. Ha nem \u00edgy lenne, mondtam volna-e: Elmegyek \u00e9s helyet k\u00e9sz\u00edtek nektek? Ha majd elmegyek \u00e9s helyet k\u00e9sz\u00edtek nektek, ism\u00e9t elj\u00f6v\u00f6k, \u00e9s magammal viszlek titeket, hogy ti is ott legyetek, ahol \u00e9n vagyok. Hiszen ismeritek az utat oda, ahova \u00e9n megyek!\u201d Ekkor Tam\u00e1s \u00edgy sz\u00f3lt: \u201eUram, mi nem tudjuk, hogy hova m\u00e9gy; hogyan ismerhetn\u00e9nk h\u00e1t az utat?\u201d J\u00e9zus ezt felelte: \u201e\u00c9n vagyok az \u00fat, az igazs\u00e1g \u00e9s az&#8230;<\/p>","protected":false},"author":1,"featured_media":3695,"comment_status":"","ping_status":"","sticky":false,"template":"","format":"standard","meta":{"_price":"","_stock":"","_tribe_ticket_header":"","_tribe_default_ticket_provider":"","_tribe_ticket_capacity":"0","_ticket_start_date":"","_ticket_end_date":"","_tribe_ticket_show_description":"","_tribe_ticket_show_not_going":false,"_tribe_ticket_use_global_stock":"","_tribe_ticket_global_stock_level":"","_global_stock_mode":"","_global_stock_cap":"","_tribe_rsvp_for_event":"","_tribe_ticket_going_count":"","_tribe_ticket_not_going_count":"","_tribe_tickets_list":"[]","_tribe_ticket_has_attendee_info_fields":false,"footnotes":""},"categories":[42],"tags":[],"class_list":["post-10305","post","type-post","status-publish","format-standard","has-post-thumbnail","hentry","category-napi-evangelium"],"_links":{"self":[{"href":"https:\/\/bazilikabudapest.hu\/en\/wp-json\/wp\/v2\/posts\/10305","targetHints":{"allow":["GET"]}}],"collection":[{"href":"https:\/\/bazilikabudapest.hu\/en\/wp-json\/wp\/v2\/posts"}],"about":[{"href":"https:\/\/bazilikabudapest.hu\/en\/wp-json\/wp\/v2\/types\/post"}],"author":[{"embeddable":true,"href":"https:\/\/bazilikabudapest.hu\/en\/wp-json\/wp\/v2\/users\/1"}],"replies":[{"embeddable":true,"href":"https:\/\/bazilikabudapest.hu\/en\/wp-json\/wp\/v2\/comments?post=10305"}],"version-history":[{"count":0,"href":"https:\/\/bazilikabudapest.hu\/en\/wp-json\/wp\/v2\/posts\/10305\/revisions"}],"wp:featuredmedia":[{"embeddable":true,"href":"https:\/\/bazilikabudapest.hu\/en\/wp-json\/wp\/v2\/media\/3695"}],"wp:attachment":[{"href":"https:\/\/bazilikabudapest.hu\/en\/wp-json\/wp\/v2\/media?parent=10305"}],"wp:term":[{"taxonomy":"category","embeddable":true,"href":"https:\/\/bazilikabudapest.hu\/en\/wp-json\/wp\/v2\/categories?post=10305"},{"taxonomy":"post_tag","embeddable":true,"href":"https:\/\/bazilikabudapest.hu\/en\/wp-json\/wp\/v2\/tags?post=10305"}],"curies":[{"name":"wp","href":"https:\/\/api.w.org\/{rel}","templated":true}]}}