{"id":10467,"date":"2026-08-31T18:11:27","date_gmt":"2026-08-31T16:11:27","guid":{"rendered":"https:\/\/bazilikabudapest.hu\/?p=10467"},"modified":"2026-08-31T18:12:12","modified_gmt":"2026-08-31T16:12:12","slug":"korlatozas-2026-szeptember-1-jen","status":"publish","type":"post","link":"https:\/\/bazilikabudapest.hu\/en\/2026\/08\/31\/korlatozas-2026-szeptember-1-jen\/","title":{"rendered":"Korl\u00e1toz\u00e1s 2026. szeptember 1-j\u00e9n"},"content":{"rendered":"<figure class=\"wp-block-image size-large\"><img fetchpriority=\"high\" decoding=\"async\" width=\"724\" height=\"1024\" src=\"https:\/\/bazilikabudapest.hu\/wp-content\/uploads\/2026\/08\/20260901_VeniSancte-724x1024.jpg\" alt=\"\" class=\"wp-image-10468\" srcset=\"https:\/\/bazilikabudapest.hu\/wp-content\/uploads\/2026\/08\/20260901_VeniSancte-724x1024.jpg 724w, https:\/\/bazilikabudapest.hu\/wp-content\/uploads\/2026\/08\/20260901_VeniSancte-212x300.jpg 212w, https:\/\/bazilikabudapest.hu\/wp-content\/uploads\/2026\/08\/20260901_VeniSancte-768x1086.jpg 768w, https:\/\/bazilikabudapest.hu\/wp-content\/uploads\/2026\/08\/20260901_VeniSancte-1086x1536.jpg 1086w, https:\/\/bazilikabudapest.hu\/wp-content\/uploads\/2026\/08\/20260901_VeniSancte-1448x2048.jpg 1448w, https:\/\/bazilikabudapest.hu\/wp-content\/uploads\/2026\/08\/20260901_VeniSancte-8x12.jpg 8w, https:\/\/bazilikabudapest.hu\/wp-content\/uploads\/2026\/08\/20260901_VeniSancte-415x587.jpg 415w, https:\/\/bazilikabudapest.hu\/wp-content\/uploads\/2026\/08\/20260901_VeniSancte-650x919.jpg 650w, https:\/\/bazilikabudapest.hu\/wp-content\/uploads\/2026\/08\/20260901_VeniSancte-250x354.jpg 250w, https:\/\/bazilikabudapest.hu\/wp-content\/uploads\/2026\/08\/20260901_VeniSancte-scaled.jpg 1810w\" sizes=\"(max-width: 724px) 100vw, 724px\" \/><\/figure>","protected":false},"excerpt":{"rendered":"","protected":false},"author":7,"featured_media":10428,"comment_status":"closed","ping_status":"closed","sticky":false,"template":"","format":"standard","meta":{"_price":"","_stock":"","_tribe_ticket_header":"","_tribe_default_ticket_provider":"","_tribe_ticket_capacity":"0","_ticket_start_date":"","_ticket_end_date":"","_tribe_ticket_show_description":"","_tribe_ticket_show_not_going":false,"_tribe_ticket_use_global_stock":"","_tribe_ticket_global_stock_level":"","_global_stock_mode":"","_global_stock_cap":"","_tribe_rsvp_for_event":"","_tribe_ticket_going_count":"","_tribe_ticket_not_going_count":"","_tribe_tickets_list":"[]","_tribe_ticket_has_attendee_info_fields":false,"footnotes":""},"categories":[17],"tags":[],"class_list":["post-10467","post","type-post","status-publish","format-standard","has-post-thumbnail","hentry","category-informacio"],"_links":{"self":[{"href":"https:\/\/bazilikabudapest.hu\/en\/wp-json\/wp\/v2\/posts\/10467","targetHints":{"allow":["GET"]}}],"collection":[{"href":"https:\/\/bazilikabudapest.hu\/en\/wp-json\/wp\/v2\/posts"}],"about":[{"href":"https:\/\/bazilikabudapest.hu\/en\/wp-json\/wp\/v2\/types\/post"}],"author":[{"embeddable":true,"href":"https:\/\/bazilikabudapest.hu\/en\/wp-json\/wp\/v2\/users\/7"}],"replies":[{"embeddable":true,"href":"https:\/\/bazilikabudapest.hu\/en\/wp-json\/wp\/v2\/comments?post=10467"}],"version-history":[{"count":1,"href":"https:\/\/bazilikabudapest.hu\/en\/wp-json\/wp\/v2\/posts\/10467\/revisions"}],"predecessor-version":[{"id":10469,"href":"https:\/\/bazilikabudapest.hu\/en\/wp-json\/wp\/v2\/posts\/10467\/revisions\/10469"}],"wp:featuredmedia":[{"embeddable":true,"href":"https:\/\/bazilikabudapest.hu\/en\/wp-json\/wp\/v2\/media\/10428"}],"wp:attachment":[{"href":"https:\/\/bazilikabudapest.hu\/en\/wp-json\/wp\/v2\/media?parent=10467"}],"wp:term":[{"taxonomy":"category","embeddable":true,"href":"https:\/\/bazilikabudapest.hu\/en\/wp-json\/wp\/v2\/categories?post=10467"},{"taxonomy":"post_tag","embeddable":true,"href":"https:\/\/bazilikabudapest.hu\/en\/wp-json\/wp\/v2\/tags?post=10467"}],"curies":[{"name":"wp","href":"https:\/\/api.w.org\/{rel}","templated":true}]}}