{"id":10470,"date":"2026-09-01T08:00:14","date_gmt":"2026-09-01T06:00:14","guid":{"rendered":"https:\/\/bazilikabudapest.hu\/2026\/09\/01\/2026-szeptember-1-kedd\/"},"modified":"2026-09-01T08:00:14","modified_gmt":"2026-09-01T06:00:14","slug":"2026-szeptember-1-kedd","status":"publish","type":"post","link":"https:\/\/bazilikabudapest.hu\/en\/2026\/09\/01\/2026-szeptember-1-kedd\/","title":{"rendered":"2026. szeptember 1. \u2013 Kedd"},"content":{"rendered":"<p class=\"wp-block-paragraph\">J\u00e9zus egyszer lement Kafarnaumba, Galilea egyik v\u00e1ros\u00e1ba, \u00e9s szombaton ott tan\u00edtott. Tan\u00edt\u00e1sa \u00e1mulatba ejtett mindenkit, mert szav\u00e1nak hatalma volt. Volt ott a zsinag\u00f3g\u00e1ban egy tiszt\u00e1talan l\u00e9lekt\u0151l megsz\u00e1llt ember, aki \u00edgy ki\u00e1ltozott: \u201eEl innen! Mi dolgunk veled, n\u00e1z\u00e1reti J\u00e9zus? Az\u00e9rt j\u00f6tt\u00e9l, hogy elvesz\u00edts minket? Tudom, ki vagy: az Isten Szentje.\u201d J\u00e9zus r\u00e1parancsolt: \u201eN\u00e9mulj el, \u00e9s menj ki bel\u0151le!\u201d Erre az \u00f6rd\u00f6g a f\u00f6ldre s\u00fajtotta az embert, \u00e9s kiment bel\u0151le, an\u00e9lk\u00fcl, hogy bajt okozott volna neki. Csod\u00e1lkoz\u00e1s fogta el valamennyi\u00fcket, \u00e9s egym\u00e1s k\u00f6zt ezt mondogatt\u00e1k: \u201eMi ez? Akkora hatalommal \u00e9s er\u0151vel parancsol a tiszt\u00e1talan lelkeknek, hogy kimennek a megsz\u00e1llottakb\u00f3l.\u201d Ennek h\u00edre elterjedt az eg\u00e9sz k\u00f6rny\u00e9ken.  \n \nLk 4,31-37<\/p>\r\n\r\n\r\n\r\n<p class=\"wp-block-paragraph\">Elm\u00e9lked\u00e9s: Kafarnaumban J\u00e9zus tan\u00edt, \u00e9s szavai leny\u0171g\u00f6zik a hallgat\u00f3kat. \u201eSzav\u00e1nak hatalma volt\u201d \u2013 \u00edrja Luk\u00e1cs evang\u00e9lista. J\u00e9zus teh\u00e1t nem csup\u00e1n okos \u00e9rvekkel, sz\u00e9p megfogalmaz\u00e1ssal \u00e9s \u00e9rthet\u0151 p\u00e9ld\u00e1kkal tan\u00edt, hanem olyasvalamit k\u00f6zvet\u00edt, amit az emberek azonnal meg\u00e9reznek: a tan\u00edt\u00e1s bel\u00fclr\u0151l form\u00e1lja \u0151ket.\r\n A zsinag\u00f3g\u00e1ban egy tiszt\u00e1talan l\u00e9lekt\u0151l megsz\u00e1llt ember jelenik meg, aki J\u00e9zus jelenl\u00e9t\u00e9re hevesen reag\u00e1l. A gonosz felismeri \u0151t: \u201eTudom, ki vagy: az Isten Szentje!\u201d J\u00e9zus ekkor hatalommal parancsol, \u00e9s a tiszt\u00e1talan l\u00e9lek elhagyja az embert. Ez az esem\u00e9ny nyilv\u00e1nval\u00f3v\u00e1 teszi, hogy J\u00e9zus tan\u00edt\u00e1sa nem puszt\u00e1n elm\u00e9leti igazs\u00e1g, hanem val\u00f3s\u00e1gos er\u0151, amely \u00e1thatja a lelket \u00e9s felszabad\u00edt. A gonosz nem tud megmaradni ott, ahol J\u00e9zus jelen van. A tan\u00edtv\u00e1ny sz\u00e1m\u00e1ra ez \u00f6r\u00f6mh\u00edr \u00e9s feladat is. \u00d6r\u00f6mh\u00edr, mert van valaki, aki er\u0151sebb minden gonosz er\u0151n\u00e9l. \u00c9s feladat, mert megh\u00edv\u00e1st kapunk arra, hogy ennek az er\u0151nek a szolg\u00e1lat\u00e1ba \u00e1lljunk: Isten Ig\u00e9je \u00e1ltal \u00e9p\u00edts\u00fcnk, gy\u00f3gy\u00edtsunk, felemelj\u00fcnk.\r\n Mindenki, aki befogadja Krisztus szav\u00e1t, megtapasztalhatja annak \u00e1talak\u00edt\u00f3 erej\u00e9t. Nek\u00fcnk is vannak lelki rabs\u00e1gaink: f\u00e9lelmek, b\u0171n\u00f6k, \u00f6nz\u00e9sek. De J\u00e9zus szava ma is k\u00e9pes megtiszt\u00edtani, megszabad\u00edtani. Ne f\u00e9lj\u00fcnk gy\u00f3gy\u00edt\u00f3 szav\u00e1t\u00f3l, gy\u00f3gy\u00edt\u00f3 \u00e9rint\u00e9s\u00e9t\u0151l.\r\n&copy; Horv\u00e1th Istv\u00e1n S\u00e1ndor<\/p>\r\n\r\n\r\n<!-- \/wp:post-content -->\r\n\r\n<!-- wp:paragraph -->\r\n<p>Im\u00e1ds\u00e1g:\n\n \nUram, J\u00e9zus Krisztus! Te hatalommal tan\u00edtott\u00e1l, \u00e9s szavad gy\u00f3gyul\u00e1st hozott annak, akit a gonosz l\u00e9lek uralt. J\u00f6jj, Uram, sz\u00f3l\u00edts meg engem, \u00e9s szabad\u00edts meg mindatt\u00f3l, ami elv\u00e1laszt t\u0151led! Szavad legyen vil\u00e1goss\u00e1g sz\u00e1momra, amely rendet teremt a z\u0171rzavarban, b\u00e9k\u00e9t a nyugtalans\u00e1gban, rem\u00e9nyt a k\u00e9telyek k\u00f6z\u00f6tt! Ne engedd, hogy b\u00e1rmilyen f\u00e9lelem vagy b\u0171n f\u00f6l\u00e9m kerekedjen, hanem \u00faj\u00edts meg lelkileg, \u00e9s add, hogy \u00e9n is er\u0151s\u00edtsek m\u00e1sokat azzal a sz\u00f3val, amit t\u0151led kapok!<\/p>\r\n<!-- \/wp:paragraph -->","protected":false},"excerpt":{"rendered":"<p>J\u00e9zus egyszer lement Kafarnaumba, Galilea egyik v\u00e1ros\u00e1ba, \u00e9s szombaton ott tan\u00edtott. Tan\u00edt\u00e1sa \u00e1mulatba ejtett mindenkit, mert szav\u00e1nak hatalma volt. Volt ott a zsinag\u00f3g\u00e1ban egy tiszt\u00e1talan l\u00e9lekt\u0151l megsz\u00e1llt ember, aki \u00edgy ki\u00e1ltozott: \u201eEl innen! Mi dolgunk veled, n\u00e1z\u00e1reti J\u00e9zus? Az\u00e9rt j\u00f6tt\u00e9l, hogy elvesz\u00edts minket? Tudom, ki vagy: az Isten Szentje.\u201d J\u00e9zus r\u00e1parancsolt: \u201eN\u00e9mulj el, \u00e9s menj ki bel\u0151le!\u201d Erre az \u00f6rd\u00f6g a f\u00f6ldre s\u00fajtotta az embert, \u00e9s kiment bel\u0151le, an\u00e9lk\u00fcl, hogy bajt okozott volna neki. Csod\u00e1lkoz\u00e1s fogta el valamennyi\u00fcket, \u00e9s egym\u00e1s k\u00f6zt ezt mondogatt\u00e1k: \u201eMi ez? Akkora hatalommal \u00e9s er\u0151vel parancsol&#8230;<\/p>","protected":false},"author":1,"featured_media":3695,"comment_status":"","ping_status":"","sticky":false,"template":"","format":"standard","meta":{"_price":"","_stock":"","_tribe_ticket_header":"","_tribe_default_ticket_provider":"","_tribe_ticket_capacity":"0","_ticket_start_date":"","_ticket_end_date":"","_tribe_ticket_show_description":"","_tribe_ticket_show_not_going":false,"_tribe_ticket_use_global_stock":"","_tribe_ticket_global_stock_level":"","_global_stock_mode":"","_global_stock_cap":"","_tribe_rsvp_for_event":"","_tribe_ticket_going_count":"","_tribe_ticket_not_going_count":"","_tribe_tickets_list":"[]","_tribe_ticket_has_attendee_info_fields":false,"footnotes":""},"categories":[42],"tags":[],"class_list":["post-10470","post","type-post","status-publish","format-standard","has-post-thumbnail","hentry","category-napi-evangelium"],"_links":{"self":[{"href":"https:\/\/bazilikabudapest.hu\/en\/wp-json\/wp\/v2\/posts\/10470","targetHints":{"allow":["GET"]}}],"collection":[{"href":"https:\/\/bazilikabudapest.hu\/en\/wp-json\/wp\/v2\/posts"}],"about":[{"href":"https:\/\/bazilikabudapest.hu\/en\/wp-json\/wp\/v2\/types\/post"}],"author":[{"embeddable":true,"href":"https:\/\/bazilikabudapest.hu\/en\/wp-json\/wp\/v2\/users\/1"}],"replies":[{"embeddable":true,"href":"https:\/\/bazilikabudapest.hu\/en\/wp-json\/wp\/v2\/comments?post=10470"}],"version-history":[{"count":0,"href":"https:\/\/bazilikabudapest.hu\/en\/wp-json\/wp\/v2\/posts\/10470\/revisions"}],"wp:featuredmedia":[{"embeddable":true,"href":"https:\/\/bazilikabudapest.hu\/en\/wp-json\/wp\/v2\/media\/3695"}],"wp:attachment":[{"href":"https:\/\/bazilikabudapest.hu\/en\/wp-json\/wp\/v2\/media?parent=10470"}],"wp:term":[{"taxonomy":"category","embeddable":true,"href":"https:\/\/bazilikabudapest.hu\/en\/wp-json\/wp\/v2\/categories?post=10470"},{"taxonomy":"post_tag","embeddable":true,"href":"https:\/\/bazilikabudapest.hu\/en\/wp-json\/wp\/v2\/tags?post=10470"}],"curies":[{"name":"wp","href":"https:\/\/api.w.org\/{rel}","templated":true}]}}