{"id":10475,"date":"2026-09-04T09:08:45","date_gmt":"2026-09-04T07:08:45","guid":{"rendered":"https:\/\/bazilikabudapest.hu\/?p=10475"},"modified":"2026-09-04T12:48:38","modified_gmt":"2026-09-04T10:48:38","slug":"halaado-szentmise-salkahazi-sara-boldogga-avatasaert","status":"publish","type":"post","link":"https:\/\/bazilikabudapest.hu\/en\/2026\/09\/04\/halaado-szentmise-salkahazi-sara-boldogga-avatasaert\/","title":{"rendered":"H\u00e1laad\u00f3 szentmise Salkah\u00e1zi S\u00e1ra boldogg\u00e1 avat\u00e1s\u00e1\u00e9rt"},"content":{"rendered":"<p class=\"wp-block-paragraph\">Salkah\u00e1zi S\u00e1ra testv\u00e9rt 20 \u00e9ve avatta boldogg\u00e1 Erd\u0151 P\u00e9ter b\u00edboros \u00far.<br>Szeptember 13-\u00e1n a 10 \u00f3rai szentmis\u00e9ben adunk h\u00e1l\u00e1t S\u00e1ra testv\u00e9r \u00e9let\u00e9\u00e9rt, folyamatos k\u00f6zbenj\u00e1r\u00e1s\u00e1\u00e9rt.<br>K\u00fcl\u00f6n szeretettel v\u00e1rjuk azokat, akik 2006 \u00f3ta Boldog S\u00e1ra testv\u00e9rt kapt\u00e1k\/k\u00e9rt\u00e9k v\u00e9d\u0151szentj\u00fcknek! \u0150k k\u00fcl\u00f6n \u00e1ld\u00e1sban r\u00e9szes\u00fclnek az \u00fcnnepi szentmise keret\u00e9ben<\/p>\n\n\n\n<figure class=\"wp-block-image size-large\"><img decoding=\"async\" src=\"https:\/\/bazilikabudapest.hu\/wp-content\/uploads\/2026\/09\/Salkah-4.jpg\" alt=\"\"\/><\/figure>","protected":false},"excerpt":{"rendered":"<p>Salkah\u00e1zi S\u00e1ra testv\u00e9rt 20 \u00e9ve avatta boldogg\u00e1 Erd\u0151 P\u00e9ter b\u00edboros \u00far.Szeptember 13-\u00e1n a 10 \u00f3rai szentmis\u00e9ben adunk h\u00e1l\u00e1t S\u00e1ra testv\u00e9r \u00e9let\u00e9\u00e9rt, folyamatos k\u00f6zbenj\u00e1r\u00e1s\u00e1\u00e9rt.K\u00fcl\u00f6n szeretettel v\u00e1rjuk azokat, akik 2006 \u00f3ta Boldog S\u00e1ra testv\u00e9rt kapt\u00e1k\/k\u00e9rt\u00e9k v\u00e9d\u0151szentj\u00fcknek! \u0150k k\u00fcl\u00f6n \u00e1ld\u00e1sban r\u00e9szes\u00fclnek az \u00fcnnepi szentmise keret\u00e9ben<\/p>","protected":false},"author":6,"featured_media":10488,"comment_status":"closed","ping_status":"closed","sticky":false,"template":"","format":"standard","meta":{"_price":"","_stock":"","_tribe_ticket_header":"","_tribe_default_ticket_provider":"","_tribe_ticket_capacity":"0","_ticket_start_date":"","_ticket_end_date":"","_tribe_ticket_show_description":"","_tribe_ticket_show_not_going":false,"_tribe_ticket_use_global_stock":"","_tribe_ticket_global_stock_level":"","_global_stock_mode":"","_global_stock_cap":"","_tribe_rsvp_for_event":"","_tribe_ticket_going_count":"","_tribe_ticket_not_going_count":"","_tribe_tickets_list":"[]","_tribe_ticket_has_attendee_info_fields":false,"footnotes":""},"categories":[17],"tags":[],"class_list":["post-10475","post","type-post","status-publish","format-standard","has-post-thumbnail","hentry","category-informacio"],"_links":{"self":[{"href":"https:\/\/bazilikabudapest.hu\/en\/wp-json\/wp\/v2\/posts\/10475","targetHints":{"allow":["GET"]}}],"collection":[{"href":"https:\/\/bazilikabudapest.hu\/en\/wp-json\/wp\/v2\/posts"}],"about":[{"href":"https:\/\/bazilikabudapest.hu\/en\/wp-json\/wp\/v2\/types\/post"}],"author":[{"embeddable":true,"href":"https:\/\/bazilikabudapest.hu\/en\/wp-json\/wp\/v2\/users\/6"}],"replies":[{"embeddable":true,"href":"https:\/\/bazilikabudapest.hu\/en\/wp-json\/wp\/v2\/comments?post=10475"}],"version-history":[{"count":5,"href":"https:\/\/bazilikabudapest.hu\/en\/wp-json\/wp\/v2\/posts\/10475\/revisions"}],"predecessor-version":[{"id":10487,"href":"https:\/\/bazilikabudapest.hu\/en\/wp-json\/wp\/v2\/posts\/10475\/revisions\/10487"}],"wp:featuredmedia":[{"embeddable":true,"href":"https:\/\/bazilikabudapest.hu\/en\/wp-json\/wp\/v2\/media\/10488"}],"wp:attachment":[{"href":"https:\/\/bazilikabudapest.hu\/en\/wp-json\/wp\/v2\/media?parent=10475"}],"wp:term":[{"taxonomy":"category","embeddable":true,"href":"https:\/\/bazilikabudapest.hu\/en\/wp-json\/wp\/v2\/categories?post=10475"},{"taxonomy":"post_tag","embeddable":true,"href":"https:\/\/bazilikabudapest.hu\/en\/wp-json\/wp\/v2\/tags?post=10475"}],"curies":[{"name":"wp","href":"https:\/\/api.w.org\/{rel}","templated":true}]}}