{"id":10490,"date":"2026-09-06T08:00:08","date_gmt":"2026-09-06T06:00:08","guid":{"rendered":"https:\/\/bazilikabudapest.hu\/2026\/09\/06\/2026-szeptember-6-evkozi-23-vasarnap\/"},"modified":"2026-09-06T08:00:08","modified_gmt":"2026-09-06T06:00:08","slug":"2026-szeptember-6-evkozi-23-vasarnap","status":"publish","type":"post","link":"https:\/\/bazilikabudapest.hu\/en\/2026\/09\/06\/2026-szeptember-6-evkozi-23-vasarnap\/","title":{"rendered":"2026. szeptember 6. \u2013 \u00c9vk\u00f6zi 23. vas\u00e1rnap"},"content":{"rendered":"<p class=\"wp-block-paragraph\">Abban az id\u0151ben J\u00e9zus \u00edgy sz\u00f3lt apostolaihoz: \u201eHa testv\u00e9red v\u00e9tkezik ellened, menj \u00e9s figyelmeztesd \u0151t n\u00e9gyszemk\u00f6zt. Ha hallgat r\u00e1d, megnyerted testv\u00e9redet. Ha azonban nem hallgat r\u00e1d, vigy\u00e9l magaddal egy vagy k\u00e9t t\u00e1rsat, hogy kett\u0151nek a tan\u00fabizonys\u00e1ga vagy h\u00e1rom\u00e9 tan\u00fas\u00edtsa a dolgot. Ha r\u00e1juk sem hallgat, mondd meg a h\u00edvek k\u00f6z\u00f6ss\u00e9g\u00e9nek. Ha a h\u00edvek k\u00f6z\u00f6ss\u00e9g\u00e9re sem hallgat, vedd \u00fagy, mintha pog\u00e1ny volna vagy v\u00e1mos.\r\n Bizony mondom nektek: Amit megk\u00f6tt\u00f6k a f\u00f6ld\u00f6n, meg lesz k\u00f6tve a mennyben is; \u00e9s amit feloldotok a f\u00f6ld\u00f6n, fel lesz oldva a mennyben is. \u00c9s bizony mondom nektek: Ha ketten k\u00f6z\u00fcletek valamiben egyet\u00e9rtenek a f\u00f6ld\u00f6n \u00e9s \u00fagy k\u00e9rik, megkapj\u00e1k azt mennyei Aty\u00e1mt\u00f3l. Mert ahol ketten vagy h\u00e1rman \u00f6sszej\u00f6nnek az \u00e9n nevemben, ott vagyok k\u00f6z\u00f6tt\u00fck.\u201d  \n \nMt 18,15-20<\/p>\r\n\r\n\r\n\r\n<p class=\"wp-block-paragraph\">Elm\u00e9lked\u00e9s: A testv\u00e9ri figyelmeztet\u00e9s\r\n  \u201eHa testv\u00e9red v\u00e9tkezik ellened, menj \u00e9s figyelmeztesd \u0151t n\u00e9gyszemk\u00f6zt.\u201d Ezzel a javaslattal J\u00e9zus nemcsak a k\u00f6z\u00f6ss\u00e9gi \u00e9let egyik alapt\u00f6rv\u00e9ny\u00e9t adja meg, hanem azt is megmutatja, hogyan lehet\u00fcnk egym\u00e1s\u00e9rt felel\u0151sek \u00fagy, hogy k\u00f6zben nem \u00edt\u00e9lkez\u00fcnk. Sokf\u00e9le m\u00f3don lehet kezelni a konfliktust: van, aki hallgat, van, aki elfedi haragj\u00e1t, de m\u00e9giscsak sz\u00edv\u00e9ben hordozza azt, van, aki nyilv\u00e1nosan t\u00e1mad. J\u00e9zus azonban m\u00e1s utat mutat: az irgalom \u00e9s az igazs\u00e1g \u00fatj\u00e1t.\r\n A testv\u00e9ri figyelmeztet\u00e9s evang\u00e9liumi gyakorlata nem k\u00f6nny\u0171, mert k\u00e9nyes \u00e9s k\u00e9nyelmetlen. N\u00e9gyszemk\u00f6zt figyelmeztetni valakit b\u00e1tors\u00e1got ig\u00e9nyel. El\u0151sz\u00f6r is azt felt\u00e9telezi, hogy val\u00f3ban testv\u00e9rk\u00e9nt tekintek a m\u00e1sikra, nem ellenf\u00e9lk\u00e9nt vagy ellens\u00e9gk\u00e9nt. M\u00e1sodszor: elengedhetetlen hozz\u00e1 az al\u00e1zat, mert k\u00f6nnyen v\u00e1lhatunk mi magunk is b\u00edr\u00e1v\u00e1, akik ink\u00e1bb \u00edt\u00e9lkez\u00fcnk, mintsem val\u00f3ban a m\u00e1sik szem\u00e9ly b\u0171nb\u00e1nat\u00e1t \u00e9s javul\u00e1s\u00e1t mozd\u00edtan\u00e1nk el\u0151.\r\n A figyelmeztet\u00e9s nem \u00f6nc\u00e9l\u00fa kritika, hanem szeretetb\u0151l fakad\u00f3 seg\u00edt\u0151 sz\u00e1nd\u00e9k. Nem az igazunk bizony\u00edt\u00e1sa a c\u00e9l, hanem a testv\u00e9r megnyer\u00e9se. J\u00e9zus \u00fatmutat\u00e1sa fokozatos: el\u0151sz\u00f6r szem\u00e9lyesen, azt\u00e1n ha kell, tan\u00faval, v\u00e9g\u00fcl a k\u00f6z\u00f6ss\u00e9g el\u0151tt. Mindegyik szinten az a c\u00e9l, hogy ne el\u00edt\u00e9lj\u00fck a m\u00e1sikat, hanem seg\u00edts\u00fck \u0151t saj\u00e1t hib\u00e1j\u00e1nak felismer\u00e9s\u00e9ben.\r\n A kereszt\u00e9ny k\u00f6z\u00f6ss\u00e9g nem att\u00f3l lesz hiteles, hogy mindenki t\u00f6k\u00e9letes, hanem hogy k\u00e9pes a megb\u00e9k\u00e9l\u00e9sre, a korrekci\u00f3ra, az \u00fajrakezd\u00e9sre. Az Egyh\u00e1z nem a hib\u00e1tlanok gy\u00fclekezete, hanem azok\u00e9, akikben \u00e9l a v\u00e1gy a megtisztul\u00e1sra. Egy ilyen k\u00f6z\u00f6ss\u00e9g l\u00e9gk\u00f6re nem f\u00e9lelmet, hanem felszabadul\u00e1st hoz: meg lehet sz\u00f3lalni, lehet hib\u00e1zni, de bocs\u00e1natot is lehet k\u00e9rni, \u00e9s a hib\u00e1t j\u00f3v\u00e1 lehet tenni. Ez persze csak \u00fagy lehets\u00e9ges, ha a k\u00f6z\u00f6ss\u00e9g nem kiz\u00e1rja a hib\u00e1z\u00f3t, hanem lehet\u0151s\u00e9get ad neki a megb\u00e1n\u00e1sra \u00e9s a j\u00f3v\u00e1t\u00e9telre.\r\n J\u00e9zus javaslata k\u00fcl\u00f6n\u00f6sen is fontos azokban az id\u0151kben, amikor a p\u00e1rbesz\u00e9d hely\u00e9t sokszor a s\u00e9rt\u0151d\u00e9s \u00e9s a v\u00e9lem\u00e9nyek \u00fctk\u00f6ztet\u00e9se veszi \u00e1t. J\u00e9zus szerint nem lehet elod\u00e1zni a szemben\u00e9z\u00e9st, de nem is szabad nyilv\u00e1noss\u00e1 tenni, amit n\u00e9gyszemk\u00f6zt lehet rendezni.\r\n \u201eHa ketten k\u00f6z\u00fcletek valamiben egyet\u00e9rtenek a f\u00f6ld\u00f6n, \u00e9s \u00fagy k\u00e9rik, megkapj\u00e1k azt mennyei Aty\u00e1mt\u00f3l\u201d \u2013 folytat\u00f3dik a tan\u00edt\u00e1s. J\u00e9zus nem azt \u00edg\u00e9ri, hogy b\u00e1rmit k\u00e9r\u00fcnk, az azonnal teljes\u00fcl, hanem azt \u00e1ll\u00edtja, hogy az egys\u00e9gben mondott k\u00e9r\u00e9s k\u00fcl\u00f6n\u00f6s er\u0151vel b\u00edr. Amikor k\u00e9t ember sz\u00edvb\u0151l, val\u00f3di egyet\u00e9rt\u00e9sben fordul Istenhez, az m\u00e1r a Szentl\u00e9lek munk\u00e1j\u00e1nak jele.\r\n A hit nem mag\u00e1n\u00fcgy. B\u00e1r van bens\u0151s\u00e9ges, szem\u00e9lyes oldala, de mindig k\u00f6z\u00f6ss\u00e9gi is: az Egyh\u00e1z k\u00f6z\u00f6ss\u00e9ge, az im\u00e1dkoz\u00f3 csal\u00e1d. A k\u00f6z\u00f6s ima ereje nem abban \u00e1ll, hogy t\u00f6bben k\u00e9rnek valamit, hanem hogy a jelenlev\u0151 szeretet \u00e9s egys\u00e9g megteremti J\u00e9zus jelenl\u00e9t\u00e9t: \u201eOtt vagyok k\u00f6z\u00f6tt\u00fck.\u201d\r\n Ez a jelenl\u00e9t nem l\u00e1tv\u00e1nyos, nem felt\u00e9tlen\u00fcl \u00e9rz\u00e9kelhet\u0151, de val\u00f3s. Olyan, mint a keny\u00e9r \u00e9s bor sz\u00edne alatt jelen l\u00e9v\u0151 Krisztus \u2013 csendes, m\u00e9gis val\u00f3s\u00e1gos. Ha ketten vagy h\u00e1rman egy\u00fctt vannak az \u00dar nev\u00e9ben, m\u00e9gpedig nemcsak fizikailag egy helyen, hanem l\u00e9lekben is, azaz egy c\u00e9l\u00e9rt, egy sz\u00edvvel im\u00e1dkoznak \u2013, akkor az a hely m\u00e1r templomm\u00e1 v\u00e1lik. Ahol emberek k\u00e9pesek megbocs\u00e1tani egym\u00e1snak, elengedni a haragot, vagy \u00e9ppen figyelmeztetni egym\u00e1st szeretetb\u0151l, ott templom \u00e9p\u00fcl, m\u00e9g ha nem is k\u0151b\u0151l.\r\n Ez\u00e9rt annyira fontos a kiengesztel\u0151d\u00e9s. Mert ha a sz\u00edvek sz\u00e9th\u00faznak, ha a sz\u00e1nd\u00e9kok nem tiszt\u00e1k, ha az egys\u00e9g csak l\u00e1tszat, akkor hi\u00e1ba sz\u00e1llnak szavak az \u00e9g fel\u00e9: J\u00e9zus nem tud \u00fagy jelen lenni, mint szeretne. Az igazi k\u00f6z\u00f6ss\u00e9g egy ir\u00e1nyba n\u00e9z: Isten fel\u00e9.\r\n&copy; Horv\u00e1th Istv\u00e1n S\u00e1ndor<\/p>\r\n\r\n\r\n<!-- \/wp:post-content -->\r\n\r\n<!-- wp:paragraph -->\r\n<p>Im\u00e1ds\u00e1g:\n\n \nUram, J\u00e9zus Krisztus! Te megtan\u00edtott\u00e1l arra, hogy a m\u00e1sik ember\u00e9rt nemcsak im\u00e1dkozhatok, hanem felel\u0151s is vagyok \u00e9rte. Adj nekem b\u00e1tors\u00e1got, hogy ha kell, szeretettel \u00e9s al\u00e1zattal figyelmeztessek m\u00e1sokat, \u00e9s adj nyitott sz\u00edvet, hogy m\u00e1sok figyelmeztet\u00e9s\u00e9t \u00e9n is elfogadjam! Seg\u00edts, hogy ne a harag vezessen, hanem a kiengesztel\u0151d\u00e9s v\u00e1gya! Tan\u00edts, hogy ne csak igazs\u00e1gos legyek, hanem irgalmas is! Add, hogy a k\u00f6z\u00f6ss\u00e9geinkben jelen legyen a te b\u00e9k\u00e9d, \u00e9s val\u00f3ban megtapasztalhassuk: ahol ketten vagy h\u00e1rman \u00f6sszegy\u0171l\u00fcnk a te nevedben, ott jelen vagy, \u00e9s jelen van a szeretet!<\/p>\r\n<!-- \/wp:paragraph -->","protected":false},"excerpt":{"rendered":"<p>Abban az id\u0151ben J\u00e9zus \u00edgy sz\u00f3lt apostolaihoz: \u201eHa testv\u00e9red v\u00e9tkezik ellened, menj \u00e9s figyelmeztesd \u0151t n\u00e9gyszemk\u00f6zt. Ha hallgat r\u00e1d, megnyerted testv\u00e9redet. Ha azonban nem hallgat r\u00e1d, vigy\u00e9l magaddal egy vagy k\u00e9t t\u00e1rsat, hogy kett\u0151nek a tan\u00fabizonys\u00e1ga vagy h\u00e1rom\u00e9 tan\u00fas\u00edtsa a dolgot. Ha r\u00e1juk sem hallgat, mondd meg a h\u00edvek k\u00f6z\u00f6ss\u00e9g\u00e9nek. Ha a h\u00edvek k\u00f6z\u00f6ss\u00e9g\u00e9re sem hallgat, vedd \u00fagy, mintha pog\u00e1ny volna vagy v\u00e1mos. Bizony mondom nektek: Amit megk\u00f6tt\u00f6k a f\u00f6ld\u00f6n, meg lesz k\u00f6tve a mennyben is; \u00e9s amit feloldotok a f\u00f6ld\u00f6n, fel lesz oldva a mennyben is. \u00c9s bizony mondom&#8230;<\/p>","protected":false},"author":1,"featured_media":3695,"comment_status":"","ping_status":"","sticky":false,"template":"","format":"standard","meta":{"_price":"","_stock":"","_tribe_ticket_header":"","_tribe_default_ticket_provider":"","_tribe_ticket_capacity":"0","_ticket_start_date":"","_ticket_end_date":"","_tribe_ticket_show_description":"","_tribe_ticket_show_not_going":false,"_tribe_ticket_use_global_stock":"","_tribe_ticket_global_stock_level":"","_global_stock_mode":"","_global_stock_cap":"","_tribe_rsvp_for_event":"","_tribe_ticket_going_count":"","_tribe_ticket_not_going_count":"","_tribe_tickets_list":"[]","_tribe_ticket_has_attendee_info_fields":false,"footnotes":""},"categories":[42],"tags":[],"class_list":["post-10490","post","type-post","status-publish","format-standard","has-post-thumbnail","hentry","category-napi-evangelium"],"_links":{"self":[{"href":"https:\/\/bazilikabudapest.hu\/en\/wp-json\/wp\/v2\/posts\/10490","targetHints":{"allow":["GET"]}}],"collection":[{"href":"https:\/\/bazilikabudapest.hu\/en\/wp-json\/wp\/v2\/posts"}],"about":[{"href":"https:\/\/bazilikabudapest.hu\/en\/wp-json\/wp\/v2\/types\/post"}],"author":[{"embeddable":true,"href":"https:\/\/bazilikabudapest.hu\/en\/wp-json\/wp\/v2\/users\/1"}],"replies":[{"embeddable":true,"href":"https:\/\/bazilikabudapest.hu\/en\/wp-json\/wp\/v2\/comments?post=10490"}],"version-history":[{"count":0,"href":"https:\/\/bazilikabudapest.hu\/en\/wp-json\/wp\/v2\/posts\/10490\/revisions"}],"wp:featuredmedia":[{"embeddable":true,"href":"https:\/\/bazilikabudapest.hu\/en\/wp-json\/wp\/v2\/media\/3695"}],"wp:attachment":[{"href":"https:\/\/bazilikabudapest.hu\/en\/wp-json\/wp\/v2\/media?parent=10490"}],"wp:term":[{"taxonomy":"category","embeddable":true,"href":"https:\/\/bazilikabudapest.hu\/en\/wp-json\/wp\/v2\/categories?post=10490"},{"taxonomy":"post_tag","embeddable":true,"href":"https:\/\/bazilikabudapest.hu\/en\/wp-json\/wp\/v2\/tags?post=10490"}],"curies":[{"name":"wp","href":"https:\/\/api.w.org\/{rel}","templated":true}]}}