{"id":5034,"date":"2024-03-28T20:31:36","date_gmt":"2024-03-28T19:31:36","guid":{"rendered":"https:\/\/bazilikabudapest.hu\/?p=5034"},"modified":"2024-03-28T20:34:16","modified_gmt":"2024-03-28T19:34:16","slug":"hazahuzo-riport","status":"publish","type":"post","link":"https:\/\/bazilikabudapest.hu\/en\/2024\/03\/28\/hazahuzo-riport\/","title":{"rendered":"A HAZAH\u00daZ\u00d3 RIPORTJA A SZENT ISTV\u00c1N BAZILIK\u00c1R\u00d3L"},"content":{"rendered":"<div data-elementor-type=\"wp-post\" data-elementor-id=\"5034\" class=\"elementor elementor-5034\">\n\t\t\t\t<div class=\"elementor-element elementor-element-a036aac e-con-full e-flex e-con e-parent\" data-id=\"a036aac\" data-element_type=\"container\" data-e-type=\"container\">\n\t\t\t\t<div class=\"elementor-element elementor-element-8b26635 elementor-invisible elementor-widget elementor-widget-text-editor\" data-id=\"8b26635\" data-element_type=\"widget\" data-e-type=\"widget\" data-settings=\"{&quot;_animation&quot;:&quot;fadeIn&quot;}\" data-widget_type=\"text-editor.default\">\n\t\t\t\t<div class=\"elementor-widget-container\">\n\t\t\t\t\t\t\t\t\t<h6><strong>Az ATV Hazah\u00faz\u00f3 c\u00edm\u0171 m\u0171sor\u00e1ban a Szent Istv\u00e1n Bazilika \u00e9s a kar\u00e1csonyi v\u00e1s\u00e1r kapott f\u0151szerepet.<\/strong><\/h6><p>A riport a Bazilika leny\u0171g\u00f6z\u0151 templomtere mellett bemutatja a Szent Jobb k\u00fcl\u00f6nleges t\u00f6rt\u00e9net\u00e9t, a Kincst\u00e1r \u00e9rt\u00e9keit, <br \/>a Kil\u00e1t\u00f3 p\u00e1ratlan panor\u00e1m\u00e1j\u00e1t \u00e9s a Bazilika rendezv\u00e9nyeit is.<\/p><p>Szeretettel aj\u00e1nljuk a\u00a0<a href=\"https:\/\/www.atv.hu\/videok\/20230106\/bazilika-es-karacsonyi-vasar-20230106\">m\u0171sort<\/a>.<\/p>\t\t\t\t\t\t\t\t<\/div>\n\t\t\t\t<\/div>\n\t\t\t\t<\/div>\n\t\t\t\t<\/div>","protected":false},"excerpt":{"rendered":"<p>Az ATV Hazah\u00faz\u00f3 c\u00edm\u0171 m\u0171sor\u00e1ban a Szent Istv\u00e1n Bazilika \u00e9s a kar\u00e1csonyi v\u00e1s\u00e1r kapott f\u0151szerepet. A riport a Bazilika leny\u0171g\u00f6z\u0151 templomtere mellett bemutatja a Szent Jobb k\u00fcl\u00f6nleges t\u00f6rt\u00e9net\u00e9t, a Kincst\u00e1r \u00e9rt\u00e9keit, a Kil\u00e1t\u00f3 p\u00e1ratlan panor\u00e1m\u00e1j\u00e1t \u00e9s a Bazilika rendezv\u00e9nyeit is. Szeretettel aj\u00e1nljuk a\u00a0m\u0171sort.<\/p>","protected":false},"author":1,"featured_media":5043,"comment_status":"open","ping_status":"open","sticky":false,"template":"","format":"standard","meta":{"_price":"","_stock":"","_tribe_ticket_header":"","_tribe_default_ticket_provider":"","_tribe_ticket_capacity":"0","_ticket_start_date":"","_ticket_end_date":"","_tribe_ticket_show_description":"","_tribe_ticket_show_not_going":false,"_tribe_ticket_use_global_stock":"","_tribe_ticket_global_stock_level":"","_global_stock_mode":"","_global_stock_cap":"","_tribe_rsvp_for_event":"","_tribe_ticket_going_count":"","_tribe_ticket_not_going_count":"","_tribe_tickets_list":"[]","_tribe_ticket_has_attendee_info_fields":false,"footnotes":""},"categories":[80],"tags":[85],"class_list":["post-5034","post","type-post","status-publish","format-standard","has-post-thumbnail","hentry","category-galeria","tag-video"],"_links":{"self":[{"href":"https:\/\/bazilikabudapest.hu\/en\/wp-json\/wp\/v2\/posts\/5034","targetHints":{"allow":["GET"]}}],"collection":[{"href":"https:\/\/bazilikabudapest.hu\/en\/wp-json\/wp\/v2\/posts"}],"about":[{"href":"https:\/\/bazilikabudapest.hu\/en\/wp-json\/wp\/v2\/types\/post"}],"author":[{"embeddable":true,"href":"https:\/\/bazilikabudapest.hu\/en\/wp-json\/wp\/v2\/users\/1"}],"replies":[{"embeddable":true,"href":"https:\/\/bazilikabudapest.hu\/en\/wp-json\/wp\/v2\/comments?post=5034"}],"version-history":[{"count":5,"href":"https:\/\/bazilikabudapest.hu\/en\/wp-json\/wp\/v2\/posts\/5034\/revisions"}],"predecessor-version":[{"id":5039,"href":"https:\/\/bazilikabudapest.hu\/en\/wp-json\/wp\/v2\/posts\/5034\/revisions\/5039"}],"wp:featuredmedia":[{"embeddable":true,"href":"https:\/\/bazilikabudapest.hu\/en\/wp-json\/wp\/v2\/media\/5043"}],"wp:attachment":[{"href":"https:\/\/bazilikabudapest.hu\/en\/wp-json\/wp\/v2\/media?parent=5034"}],"wp:term":[{"taxonomy":"category","embeddable":true,"href":"https:\/\/bazilikabudapest.hu\/en\/wp-json\/wp\/v2\/categories?post=5034"},{"taxonomy":"post_tag","embeddable":true,"href":"https:\/\/bazilikabudapest.hu\/en\/wp-json\/wp\/v2\/tags?post=5034"}],"curies":[{"name":"wp","href":"https:\/\/api.w.org\/{rel}","templated":true}]}}