{"id":5461,"date":"2024-04-12T15:46:51","date_gmt":"2024-04-12T13:46:51","guid":{"rendered":"https:\/\/bazilikabudapest.hu\/?p=5461"},"modified":"2024-05-22T12:49:31","modified_gmt":"2024-05-22T10:49:31","slug":"fooltar","status":"publish","type":"post","link":"https:\/\/bazilikabudapest.hu\/en\/2024\/04\/12\/fooltar\/","title":{"rendered":"Main altar"},"content":{"rendered":"<div data-elementor-type=\"wp-post\" data-elementor-id=\"5461\" class=\"elementor elementor-5461\">\n\t\t\t\t<div class=\"elementor-element elementor-element-313e169 e-con-full e-flex e-con e-parent\" data-id=\"313e169\" data-element_type=\"container\" data-e-type=\"container\">\n\t\t<div class=\"elementor-element elementor-element-2b93f6b e-flex e-con-boxed e-con e-child\" data-id=\"2b93f6b\" data-element_type=\"container\" data-e-type=\"container\">\n\t\t\t\t\t<div class=\"e-con-inner\">\n\t\t\t\t<div class=\"elementor-element elementor-element-f1f7987 elementor-widget elementor-widget-text-editor\" data-id=\"f1f7987\" data-element_type=\"widget\" data-e-type=\"widget\" data-widget_type=\"text-editor.default\">\n\t\t\t\t<div class=\"elementor-widget-container\">\n\t\t\t\t\t\t\t\t\t<div style=\"text-align: justify;\"><p>In the imposing sanctuary, beneath the canopy of the main altar and surrounded\nby a colonnade, stands a statue of the Basilica&#039;s eponymous saint. Carved in\nCarrara marble he holds the double cross and the orb, symbols of apostolic and\nroyal power. At the top of the canopy there is a statue of the Archangel Gabriel,\nholding the Holy Crown sent by Pope Sylvester II to our Apostolic King at the\nturn of the first millennium. The back wall of the sanctuary is decorated with a\nseries of bronze reliefs by Ede Mayer depicting scenes from the life of the Holy\nKing. They are the following: St. Stephen defeats Kopp\u00e1ny, Abbot Astrik\narrives from Rome with the Holy Crown, the foundation of Pannonhalma, and\nfinally, St. Stephen hands over his Admonitions to Prince St. Imre. Behind the\naltar is the apotheosis (exaltation) of the Holy Crown with the coat of arms of\nHungary and the Capital. Above it is the Latin invocation, which reads: \u201cKing\nStephen, intercede for us before the immortal King of the centuries\u201d. On the\nhalf-dome of the sanctuary, designed by Gyula Bencz\u00far, are allegorical\nrepresentations of the parts of the Holy Mass: Kyrie Eleison, Christe eleison;\nGloria in excelsis Deo; O salutaris Hostia; Dona nobis pacem; Benedicamus\nDomino Alleluia. <em>Kyrie eleison, Christe eleison; Gloria in excelsis Deo; O salutaris Hostia; Dona nobis pacem; Benedicamus Domino Alleluja.<\/em><\/p><\/div>\t\t\t\t\t\t\t\t<\/div>\n\t\t\t\t<\/div>\n\t\t\t\t\t<\/div>\n\t\t\t\t<\/div>\n\t\t<div class=\"elementor-element elementor-element-e3ca4ad e-flex e-con-boxed e-con e-child\" data-id=\"e3ca4ad\" data-element_type=\"container\" data-e-type=\"container\" data-settings=\"{&quot;background_background&quot;:&quot;classic&quot;}\">\n\t\t\t\t\t<div class=\"e-con-inner\">\n\t\t\t\t\t<\/div>\n\t\t\t\t<\/div>\n\t\t\t\t<\/div>\n\t\t\t\t<\/div>","protected":false},"excerpt":{"rendered":"<p>Az impoz\u00e1ns szent\u00e9ly oszlopsorral k\u00f6r\u00fclvett f\u0151olt\u00e1r\u00e1nak baldachinja alatt \u00e1ll a Bazilika n\u00e9vad\u00f3 szentj\u00e9nek carrarai m\u00e1rv\u00e1nyb\u00f3l faragott szobra, kez\u00e9ben az apostoli \u00e9s kir\u00e1lyi hatalom jelk\u00e9peivel: a kett\u0151s kereszttel \u00e9s az orsz\u00e1galm\u00e1val. A baldachin tetej\u00e9n G\u00e1briel arkangyal szobra \u00e1ll, kez\u00e9ben a Szent Koron\u00e1val, amelyet II. Szilveszter p\u00e1pa k\u00fcld\u00f6tt apostoli kir\u00e1lyunknak az els\u0151 \u00e9vezredfordul\u00f3n. A szent\u00e9ly h\u00e1ts\u00f3 fal\u00e1t Mayer Ede bronz domborm\u0171 sorozata d\u00edsz\u00edti a Szent Kir\u00e1ly \u00e9let\u00e9b\u0151l vett jelenetekkel. Ezek a k\u00f6vetkez\u0151k: Szent Istv\u00e1n legy\u0151zi Kopp\u00e1nyt, Asztrik ap\u00e1t meg\u00e9rkezik R\u00f3m\u00e1b\u00f3l a Szent Koron\u00e1val, Pannonhalma megalap\u00edt\u00e1sa, Szent Istv\u00e1n \u00e1tadja az Intelmeket Szent Imre&#8230;<\/p>","protected":false},"author":1,"featured_media":5628,"comment_status":"closed","ping_status":"closed","sticky":false,"template":"","format":"standard","meta":{"_price":"","_stock":"","_tribe_ticket_header":"","_tribe_default_ticket_provider":"","_tribe_ticket_capacity":"0","_ticket_start_date":"","_ticket_end_date":"","_tribe_ticket_show_description":"","_tribe_ticket_show_not_going":false,"_tribe_ticket_use_global_stock":"","_tribe_ticket_global_stock_level":"","_global_stock_mode":"","_global_stock_cap":"","_tribe_rsvp_for_event":"","_tribe_ticket_going_count":"","_tribe_ticket_not_going_count":"","_tribe_tickets_list":"[]","_tribe_ticket_has_attendee_info_fields":false,"footnotes":""},"categories":[89],"tags":[],"class_list":["post-5461","post","type-post","status-publish","format-standard","has-post-thumbnail","hentry","category-turizmus"],"_links":{"self":[{"href":"https:\/\/bazilikabudapest.hu\/en\/wp-json\/wp\/v2\/posts\/5461","targetHints":{"allow":["GET"]}}],"collection":[{"href":"https:\/\/bazilikabudapest.hu\/en\/wp-json\/wp\/v2\/posts"}],"about":[{"href":"https:\/\/bazilikabudapest.hu\/en\/wp-json\/wp\/v2\/types\/post"}],"author":[{"embeddable":true,"href":"https:\/\/bazilikabudapest.hu\/en\/wp-json\/wp\/v2\/users\/1"}],"replies":[{"embeddable":true,"href":"https:\/\/bazilikabudapest.hu\/en\/wp-json\/wp\/v2\/comments?post=5461"}],"version-history":[{"count":10,"href":"https:\/\/bazilikabudapest.hu\/en\/wp-json\/wp\/v2\/posts\/5461\/revisions"}],"predecessor-version":[{"id":6165,"href":"https:\/\/bazilikabudapest.hu\/en\/wp-json\/wp\/v2\/posts\/5461\/revisions\/6165"}],"wp:featuredmedia":[{"embeddable":true,"href":"https:\/\/bazilikabudapest.hu\/en\/wp-json\/wp\/v2\/media\/5628"}],"wp:attachment":[{"href":"https:\/\/bazilikabudapest.hu\/en\/wp-json\/wp\/v2\/media?parent=5461"}],"wp:term":[{"taxonomy":"category","embeddable":true,"href":"https:\/\/bazilikabudapest.hu\/en\/wp-json\/wp\/v2\/categories?post=5461"},{"taxonomy":"post_tag","embeddable":true,"href":"https:\/\/bazilikabudapest.hu\/en\/wp-json\/wp\/v2\/tags?post=5461"}],"curies":[{"name":"wp","href":"https:\/\/api.w.org\/{rel}","templated":true}]}}