{"id":5486,"date":"2024-04-12T16:04:30","date_gmt":"2024-04-12T14:04:30","guid":{"rendered":"https:\/\/bazilikabudapest.hu\/?p=5486"},"modified":"2024-05-22T12:48:23","modified_gmt":"2024-05-22T10:48:23","slug":"szent-adalbert-oltar","status":"publish","type":"post","link":"https:\/\/bazilikabudapest.hu\/en\/2024\/04\/12\/szent-adalbert-oltar\/","title":{"rendered":"Altar of St. Adalbert"},"content":{"rendered":"<div data-elementor-type=\"wp-post\" data-elementor-id=\"5486\" class=\"elementor elementor-5486\">\n\t\t\t\t<div class=\"elementor-element elementor-element-313e169 e-con-full e-flex e-con e-parent\" data-id=\"313e169\" data-element_type=\"container\" data-e-type=\"container\">\n\t\t<div class=\"elementor-element elementor-element-bd0ff06 e-flex e-con-boxed e-con e-child\" data-id=\"bd0ff06\" data-element_type=\"container\" data-e-type=\"container\">\n\t\t\t\t\t<div class=\"e-con-inner\">\n\t\t\t\t<div class=\"elementor-element elementor-element-f1f7987 elementor-widget elementor-widget-text-editor\" data-id=\"f1f7987\" data-element_type=\"widget\" data-e-type=\"widget\" data-widget_type=\"text-editor.default\">\n\t\t\t\t<div class=\"elementor-widget-container\">\n\t\t\t\t\t\t\t\t\t<div style=\"text-align: justify;\">\n\nNext to the entrance of the left aisle, a painting by Ign\u00e1c Roskovics depicts the\npatron saint of the Esztergom Archdiocese, the former bishop of Prague, St.\nAdalbert (956-997). The martyred bishop visited Hungary in 994-995, baptising\nand christening St. Stephen. Adalbert died a martyr&#039;s death on the 23rd of April\n997 during the conversion of the Baltic peoples (the spears on the altarpiece\nindicate this). His body was buried in Poland. In 999, he was canonised by Pope\nSylvester II, from whom the Hungarian monarch received the royal crown that\nsignified its independence.\nIn 2003, the glass window was decorated with the figure of Saint Lip\u00f3t (1073-\n1136), the patron saint of Austria, who gave his name to the former temporary\nparish church (and the district). In 2012, the altar cross was replaced by a\nreliquary bust with a rib bone of Blessed Charles IV (1887-1922), the Hungarian\nApostolic King (Emperor of Austria and King of Bohemia) and the last monarch\nof the Austro-Hungarian Empire. On his shoulder is the decorative collar of the\nRoyal Hungarian Order of St. Stephen which was founded in the 18th century.\nThe Emperor Karl Prayer League is a tribute to the confessor monarch in\nCentral Europe and throughout the world.\n<br>Az olt\u00e1rkereszt hely\u00e9n 2012 \u00f3ta \u00e1ll Boldog IV. K\u00e1roly (1887-1922) magyar apostoli kir\u00e1ly (ausztriai cs\u00e1sz\u00e1r \u00e9s cseh kir\u00e1ly) bordacsont-ereklyetart\u00f3 mellszobra, aki az Osztr\u00e1k-Magyar Monarchia utols\u00f3 uralkod\u00f3ja volt. V\u00e1llain a XVIII. sz\u00e1zadban alap\u00edtott Magyar Kir\u00e1lyi Szent Istv\u00e1n Rend d\u00edszgall\u00e9rja l\u00e1that\u00f3. A hitvall\u00f3 uralkod\u00f3 tisztelet\u00e9t K\u00f6z\u00e9p-Eur\u00f3p\u00e1ban \u00e9s vil\u00e1gszerte a K\u00e1roly Kir\u00e1ly Imaliga \u00e1polja.\n\n<\/div>\t\t\t\t\t\t\t\t<\/div>\n\t\t\t\t<\/div>\n\t\t\t\t\t<\/div>\n\t\t\t\t<\/div>\n\t\t<div class=\"elementor-element elementor-element-e9cbd20 e-flex e-con-boxed e-con e-child\" data-id=\"e9cbd20\" data-element_type=\"container\" data-e-type=\"container\" data-settings=\"{&quot;background_background&quot;:&quot;classic&quot;}\">\n\t\t\t\t\t<div class=\"e-con-inner\">\n\t\t\t\t\t<\/div>\n\t\t\t\t<\/div>\n\t\t\t\t<\/div>\n\t\t\t\t<\/div>","protected":false},"excerpt":{"rendered":"<p>A bal oldalhaj\u00f3 bej\u00e1rata mellett Roskovics Ign\u00e1c festm\u00e9nye \u00f6r\u00f6k\u00edti meg az Esztergomi F\u0151egyh\u00e1zmegye v\u00e9d\u0151szentj\u00e9t, Pr\u00e1ga egykori p\u00fcsp\u00f6k\u00e9t, Szent Adalbertet ( 956-997). A v\u00e9rtan\u00fa p\u00fcsp\u00f6k 994\u2013995-ben j\u00e1rt Magyarorsz\u00e1gon, \u0151 keresztelte \u00e9s b\u00e9rm\u00e1lta meg Szent Istv\u00e1nt. Adalbert a balti n\u00e9pek t\u00e9r\u00edt\u00e9se sor\u00e1n, 997. \u00e1prilis 23-\u00e1n halt v\u00e9rtan\u00fahal\u00e1lt (erre utalnak az olt\u00e1rk\u00e9pen l\u00e1that\u00f3 l\u00e1ndzs\u00e1k), teste Lengyelorsz\u00e1gban nyugszik. 999-ben avatta szentt\u00e9 II. Szilveszter p\u00e1pa, akit\u0151l a magyar uralkod\u00f3 a f\u00fcggetlens\u00e9g\u00e9t jelent\u0151 kir\u00e1lyi koron\u00e1t kapta. Az \u00fcvegablakra 2003-ban ker\u00fclt a kor\u00e1bbi ideiglenes pl\u00e9b\u00e1niatemplom (\u00e9s a v\u00e1rosr\u00e9sz) n\u00e9vad\u00f3ja, Szent (III. Babenberg) Lip\u00f3t (1073-1136) alakja, aki egyben&#8230;<\/p>","protected":false},"author":1,"featured_media":5589,"comment_status":"closed","ping_status":"closed","sticky":false,"template":"","format":"standard","meta":{"_price":"","_stock":"","_tribe_ticket_header":"","_tribe_default_ticket_provider":"","_tribe_ticket_capacity":"0","_ticket_start_date":"","_ticket_end_date":"","_tribe_ticket_show_description":"","_tribe_ticket_show_not_going":false,"_tribe_ticket_use_global_stock":"","_tribe_ticket_global_stock_level":"","_global_stock_mode":"","_global_stock_cap":"","_tribe_rsvp_for_event":"","_tribe_ticket_going_count":"","_tribe_ticket_not_going_count":"","_tribe_tickets_list":"[]","_tribe_ticket_has_attendee_info_fields":false,"footnotes":""},"categories":[89],"tags":[],"class_list":["post-5486","post","type-post","status-publish","format-standard","has-post-thumbnail","hentry","category-turizmus"],"_links":{"self":[{"href":"https:\/\/bazilikabudapest.hu\/en\/wp-json\/wp\/v2\/posts\/5486","targetHints":{"allow":["GET"]}}],"collection":[{"href":"https:\/\/bazilikabudapest.hu\/en\/wp-json\/wp\/v2\/posts"}],"about":[{"href":"https:\/\/bazilikabudapest.hu\/en\/wp-json\/wp\/v2\/types\/post"}],"author":[{"embeddable":true,"href":"https:\/\/bazilikabudapest.hu\/en\/wp-json\/wp\/v2\/users\/1"}],"replies":[{"embeddable":true,"href":"https:\/\/bazilikabudapest.hu\/en\/wp-json\/wp\/v2\/comments?post=5486"}],"version-history":[{"count":11,"href":"https:\/\/bazilikabudapest.hu\/en\/wp-json\/wp\/v2\/posts\/5486\/revisions"}],"predecessor-version":[{"id":6704,"href":"https:\/\/bazilikabudapest.hu\/en\/wp-json\/wp\/v2\/posts\/5486\/revisions\/6704"}],"wp:featuredmedia":[{"embeddable":true,"href":"https:\/\/bazilikabudapest.hu\/en\/wp-json\/wp\/v2\/media\/5589"}],"wp:attachment":[{"href":"https:\/\/bazilikabudapest.hu\/en\/wp-json\/wp\/v2\/media?parent=5486"}],"wp:term":[{"taxonomy":"category","embeddable":true,"href":"https:\/\/bazilikabudapest.hu\/en\/wp-json\/wp\/v2\/categories?post=5486"},{"taxonomy":"post_tag","embeddable":true,"href":"https:\/\/bazilikabudapest.hu\/en\/wp-json\/wp\/v2\/tags?post=5486"}],"curies":[{"name":"wp","href":"https:\/\/api.w.org\/{rel}","templated":true}]}}