{"id":6108,"date":"2024-05-21T18:34:35","date_gmt":"2024-05-21T16:34:35","guid":{"rendered":"https:\/\/bazilikabudapest.hu\/?p=6108"},"modified":"2024-05-22T13:07:14","modified_gmt":"2024-05-22T11:07:14","slug":"ascensio-domini-az-ur-mennybemenetele","status":"publish","type":"post","link":"https:\/\/bazilikabudapest.hu\/en\/2024\/05\/21\/ascensio-domini-az-ur-mennybemenetele\/","title":{"rendered":"ASCENSIO DOMINI-AZ \u00daR MENNYBEMENETELE"},"content":{"rendered":"<div data-elementor-type=\"wp-post\" data-elementor-id=\"6108\" class=\"elementor elementor-6108\">\n\t\t\t\t<div class=\"elementor-element elementor-element-313e169 e-con-full e-flex e-con e-parent\" data-id=\"313e169\" data-element_type=\"container\" data-e-type=\"container\">\n\t\t<div class=\"elementor-element elementor-element-d912ef2 e-flex e-con-boxed e-con e-child\" data-id=\"d912ef2\" data-element_type=\"container\" data-e-type=\"container\">\n\t\t\t\t\t<div class=\"e-con-inner\">\n\t\t\t\t<div class=\"elementor-element elementor-element-f1f7987 elementor-widget elementor-widget-text-editor\" data-id=\"f1f7987\" data-element_type=\"widget\" data-e-type=\"widget\" data-widget_type=\"text-editor.default\">\n\t\t\t\t<div class=\"elementor-widget-container\">\n\t\t\t\t\t\t\t\t\t<div style=\"text-align: justify;\"><p><strong>A h\u00fasv\u00e9t ut\u00e1ni 40. napon \u00fcnnepelj\u00fck az V. sz\u00e1zad \u00f3ta Urunk mennybemenetel\u00e9nek napj\u00e1t, amikor kereszthal\u00e1la \u00e9s felt\u00e1mad\u00e1sa ut\u00e1n Krisztus Urunk a mennybe ment.<\/strong><\/p><p>A liturgikus \u00fcnnepet a Bazilik\u00e1ban 2024. m\u00e1jus 12-\u00e9n vas\u00e1rnap tartjuk, a 10 \u00f3rai szentmis\u00e9n az olt\u00e1r tetej\u00e9r\u0151l a felt\u00e1mad\u00e1si szobor lev\u00e9tele is szimboliz\u00e1lja az \u00fcnnepet. Ezen a szentmis\u00e9n ker\u00fcl sor az els\u0151\u00e1ldoz\u00e1sra.<\/p><p>\u201eEzut\u00e1n kivitte \u0151ket Bet\u00e1ni\u00e1ig, felemelte a kez\u00e9t, \u00e9s meg\u00e1ldotta \u0151ket. \u00c9s mik\u00f6zben \u00e1ldotta \u0151ket, elt\u00e1volodott t\u0151l\u00fck, \u00e9s felvitetett a mennybe. Ekkor leborulva im\u00e1dt\u00e1k \u0151t, majd nagy \u00f6r\u00f6mmel visszat\u00e9rtek Jeruzs\u00e1lembe; mindig a templomban voltak, \u00e9s \u00e1ldott\u00e1k Istent.\u201d<br \/>(Lk 24,51\u201353)<\/p><\/div>\t\t\t\t\t\t\t\t<\/div>\n\t\t\t\t<\/div>\n\t\t\t\t\t<\/div>\n\t\t\t\t<\/div>\n\t\t<div class=\"elementor-element elementor-element-2ba6427 e-flex e-con-boxed e-con e-child\" data-id=\"2ba6427\" data-element_type=\"container\" data-e-type=\"container\" data-settings=\"{&quot;background_background&quot;:&quot;classic&quot;}\">\n\t\t\t\t\t<div class=\"e-con-inner\">\n\t\t\t\t\t<\/div>\n\t\t\t\t<\/div>\n\t\t\t\t<\/div>\n\t\t\t\t<\/div>","protected":false},"excerpt":{"rendered":"<p>A h\u00fasv\u00e9t ut\u00e1ni 40. napon \u00fcnnepelj\u00fck az V. sz\u00e1zad \u00f3ta Urunk mennybemenetel\u00e9nek napj\u00e1t, amikor kereszthal\u00e1la \u00e9s felt\u00e1mad\u00e1sa ut\u00e1n Krisztus Urunk a mennybe ment. A liturgikus \u00fcnnepet a Bazilik\u00e1ban 2024. m\u00e1jus 12-\u00e9n vas\u00e1rnap tartjuk, a 10 \u00f3rai szentmis\u00e9n az olt\u00e1r tetej\u00e9r\u0151l a felt\u00e1mad\u00e1si szobor lev\u00e9tele is szimboliz\u00e1lja az \u00fcnnepet. Ezen a szentmis\u00e9n ker\u00fcl sor az els\u0151\u00e1ldoz\u00e1sra. \u201eEzut\u00e1n kivitte \u0151ket Bet\u00e1ni\u00e1ig, felemelte a kez\u00e9t, \u00e9s meg\u00e1ldotta \u0151ket. \u00c9s mik\u00f6zben \u00e1ldotta \u0151ket, elt\u00e1volodott t\u0151l\u00fck, \u00e9s felvitetett a mennybe. Ekkor leborulva im\u00e1dt\u00e1k \u0151t, majd nagy \u00f6r\u00f6mmel visszat\u00e9rtek Jeruzs\u00e1lembe; mindig a templomban voltak, \u00e9s \u00e1ldott\u00e1k&#8230;<\/p>","protected":false},"author":1,"featured_media":6110,"comment_status":"closed","ping_status":"closed","sticky":false,"template":"","format":"standard","meta":{"_price":"","_stock":"","_tribe_ticket_header":"","_tribe_default_ticket_provider":"","_tribe_ticket_capacity":"0","_ticket_start_date":"","_ticket_end_date":"","_tribe_ticket_show_description":"","_tribe_ticket_show_not_going":false,"_tribe_ticket_use_global_stock":"","_tribe_ticket_global_stock_level":"","_global_stock_mode":"","_global_stock_cap":"","_tribe_rsvp_for_event":"","_tribe_ticket_going_count":"","_tribe_ticket_not_going_count":"","_tribe_tickets_list":"[]","_tribe_ticket_has_attendee_info_fields":false,"footnotes":""},"categories":[17],"tags":[],"class_list":["post-6108","post","type-post","status-publish","format-standard","has-post-thumbnail","hentry","category-informacio"],"_links":{"self":[{"href":"https:\/\/bazilikabudapest.hu\/en\/wp-json\/wp\/v2\/posts\/6108","targetHints":{"allow":["GET"]}}],"collection":[{"href":"https:\/\/bazilikabudapest.hu\/en\/wp-json\/wp\/v2\/posts"}],"about":[{"href":"https:\/\/bazilikabudapest.hu\/en\/wp-json\/wp\/v2\/types\/post"}],"author":[{"embeddable":true,"href":"https:\/\/bazilikabudapest.hu\/en\/wp-json\/wp\/v2\/users\/1"}],"replies":[{"embeddable":true,"href":"https:\/\/bazilikabudapest.hu\/en\/wp-json\/wp\/v2\/comments?post=6108"}],"version-history":[{"count":7,"href":"https:\/\/bazilikabudapest.hu\/en\/wp-json\/wp\/v2\/posts\/6108\/revisions"}],"predecessor-version":[{"id":6183,"href":"https:\/\/bazilikabudapest.hu\/en\/wp-json\/wp\/v2\/posts\/6108\/revisions\/6183"}],"wp:featuredmedia":[{"embeddable":true,"href":"https:\/\/bazilikabudapest.hu\/en\/wp-json\/wp\/v2\/media\/6110"}],"wp:attachment":[{"href":"https:\/\/bazilikabudapest.hu\/en\/wp-json\/wp\/v2\/media?parent=6108"}],"wp:term":[{"taxonomy":"category","embeddable":true,"href":"https:\/\/bazilikabudapest.hu\/en\/wp-json\/wp\/v2\/categories?post=6108"},{"taxonomy":"post_tag","embeddable":true,"href":"https:\/\/bazilikabudapest.hu\/en\/wp-json\/wp\/v2\/tags?post=6108"}],"curies":[{"name":"wp","href":"https:\/\/api.w.org\/{rel}","templated":true}]}}