{"id":6532,"date":"2024-02-23T15:13:20","date_gmt":"2024-02-23T14:13:20","guid":{"rendered":"https:\/\/bazilikabudapest.hu\/?p=6532"},"modified":"2024-05-23T15:17:33","modified_gmt":"2024-05-23T13:17:33","slug":"tarlatvezeto-applikacion-a-szent-istvan-bazilika","status":"publish","type":"post","link":"https:\/\/bazilikabudapest.hu\/en\/2024\/02\/23\/tarlatvezeto-applikacion-a-szent-istvan-bazilika\/","title":{"rendered":"T\u00c1RLATVEZET\u0150 APPLIK\u00c1CI\u00d3N A SZENT ISTV\u00c1N BAZILIKA"},"content":{"rendered":"<div data-elementor-type=\"wp-post\" data-elementor-id=\"6532\" class=\"elementor elementor-6532\">\n\t\t\t\t<div class=\"elementor-element elementor-element-313e169 e-con-full e-flex e-con e-parent\" data-id=\"313e169\" data-element_type=\"container\" data-e-type=\"container\">\n\t\t<div class=\"elementor-element elementor-element-d912ef2 e-flex e-con-boxed e-con e-child\" data-id=\"d912ef2\" data-element_type=\"container\" data-e-type=\"container\">\n\t\t\t\t\t<div class=\"e-con-inner\">\n\t\t\t\t<div class=\"elementor-element elementor-element-f1f7987 elementor-widget elementor-widget-text-editor\" data-id=\"f1f7987\" data-element_type=\"widget\" data-e-type=\"widget\" data-widget_type=\"text-editor.default\">\n\t\t\t\t<div class=\"elementor-widget-container\">\n\t\t\t\t\t\t\t\t\t<div style=\"text-align: justify;\"><p>Elk\u00e9sz\u00fclt az Esztergom-Budapesti F\u0151egyh\u00e1zmegye k\u00f6z\u00f6s t\u00e1rlatvezet\u0151 applik\u00e1ci\u00f3ja, a ChurchApp Esztergom-Budapest.<\/p><p>Az ingyenes program -t\u00f6bbek k\u00f6z\u00f6tt- bemutatja a Szent Istv\u00e1n Bazilika \u00e9p\u00edt\u00e9s\u00e9nek t\u00f6rt\u00e9net\u00e9t, a monument\u00e1lis templomt\u00e9r nevezetess\u00e9geit, a Kincst\u00e1r egyed\u00fcl\u00e1ll\u00f3 \u00e9rt\u00e9keit \u00e9s a Panor\u00e1ma Terasz csod\u00e1latos kil\u00e1t\u00e1s\u00e1t.<\/p><p>Az applik\u00e1ci\u00f3 let\u00f6lthet\u0151 <a href=\"https:\/\/apps.apple.com\/us\/app\/churchapp-esztergom-budapest\/id6472082367\"><strong><span style=\"text-decoration: underline;\">IOS<\/span><\/strong><\/a> \u00e9s <a href=\"https:\/\/play.google.com\/store\/apps\/details?id=hu.infotec.churchapp&amp;fbclid=IwAR1oZBnyCuJ4me9kMPHplAQwPdBqhrHpA76i_FmUMr_9734XRyr2mYajPfE\"><span style=\"text-decoration: underline;\"><strong>Android<\/strong><\/span><\/a> k\u00e9sz\u00fcl\u00e9kekre is.<\/p><\/div>\t\t\t\t\t\t\t\t<\/div>\n\t\t\t\t<\/div>\n\t\t\t\t\t<\/div>\n\t\t\t\t<\/div>\n\t\t<div class=\"elementor-element elementor-element-2ba6427 e-flex e-con-boxed e-con e-child\" data-id=\"2ba6427\" data-element_type=\"container\" data-e-type=\"container\" data-settings=\"{&quot;background_background&quot;:&quot;classic&quot;}\">\n\t\t\t\t\t<div class=\"e-con-inner\">\n\t\t\t\t\t<\/div>\n\t\t\t\t<\/div>\n\t\t\t\t<\/div>\n\t\t\t\t<\/div>","protected":false},"excerpt":{"rendered":"<p>Elk\u00e9sz\u00fclt az Esztergom-Budapesti F\u0151egyh\u00e1zmegye k\u00f6z\u00f6s t\u00e1rlatvezet\u0151 applik\u00e1ci\u00f3ja, a ChurchApp Esztergom-Budapest. Az ingyenes program -t\u00f6bbek k\u00f6z\u00f6tt- bemutatja a Szent Istv\u00e1n Bazilika \u00e9p\u00edt\u00e9s\u00e9nek t\u00f6rt\u00e9net\u00e9t, a monument\u00e1lis templomt\u00e9r nevezetess\u00e9geit, a Kincst\u00e1r egyed\u00fcl\u00e1ll\u00f3 \u00e9rt\u00e9keit \u00e9s a Panor\u00e1ma Terasz csod\u00e1latos kil\u00e1t\u00e1s\u00e1t. Az applik\u00e1ci\u00f3 let\u00f6lthet\u0151 IOS \u00e9s Android k\u00e9sz\u00fcl\u00e9kekre is.<\/p>","protected":false},"author":1,"featured_media":6546,"comment_status":"closed","ping_status":"closed","sticky":false,"template":"","format":"standard","meta":{"_price":"","_stock":"","_tribe_ticket_header":"","_tribe_default_ticket_provider":"","_tribe_ticket_capacity":"0","_ticket_start_date":"","_ticket_end_date":"","_tribe_ticket_show_description":"","_tribe_ticket_show_not_going":false,"_tribe_ticket_use_global_stock":"","_tribe_ticket_global_stock_level":"","_global_stock_mode":"","_global_stock_cap":"","_tribe_rsvp_for_event":"","_tribe_ticket_going_count":"","_tribe_ticket_not_going_count":"","_tribe_tickets_list":"[]","_tribe_ticket_has_attendee_info_fields":false,"footnotes":""},"categories":[17],"tags":[],"class_list":["post-6532","post","type-post","status-publish","format-standard","has-post-thumbnail","hentry","category-informacio"],"_links":{"self":[{"href":"https:\/\/bazilikabudapest.hu\/en\/wp-json\/wp\/v2\/posts\/6532","targetHints":{"allow":["GET"]}}],"collection":[{"href":"https:\/\/bazilikabudapest.hu\/en\/wp-json\/wp\/v2\/posts"}],"about":[{"href":"https:\/\/bazilikabudapest.hu\/en\/wp-json\/wp\/v2\/types\/post"}],"author":[{"embeddable":true,"href":"https:\/\/bazilikabudapest.hu\/en\/wp-json\/wp\/v2\/users\/1"}],"replies":[{"embeddable":true,"href":"https:\/\/bazilikabudapest.hu\/en\/wp-json\/wp\/v2\/comments?post=6532"}],"version-history":[{"count":4,"href":"https:\/\/bazilikabudapest.hu\/en\/wp-json\/wp\/v2\/posts\/6532\/revisions"}],"predecessor-version":[{"id":6549,"href":"https:\/\/bazilikabudapest.hu\/en\/wp-json\/wp\/v2\/posts\/6532\/revisions\/6549"}],"wp:featuredmedia":[{"embeddable":true,"href":"https:\/\/bazilikabudapest.hu\/en\/wp-json\/wp\/v2\/media\/6546"}],"wp:attachment":[{"href":"https:\/\/bazilikabudapest.hu\/en\/wp-json\/wp\/v2\/media?parent=6532"}],"wp:term":[{"taxonomy":"category","embeddable":true,"href":"https:\/\/bazilikabudapest.hu\/en\/wp-json\/wp\/v2\/categories?post=6532"},{"taxonomy":"post_tag","embeddable":true,"href":"https:\/\/bazilikabudapest.hu\/en\/wp-json\/wp\/v2\/tags?post=6532"}],"curies":[{"name":"wp","href":"https:\/\/api.w.org\/{rel}","templated":true}]}}