{"id":6533,"date":"2024-02-21T15:13:24","date_gmt":"2024-02-21T14:13:24","guid":{"rendered":"https:\/\/bazilikabudapest.hu\/?p=6533"},"modified":"2024-05-23T15:17:58","modified_gmt":"2024-05-23T13:17:58","slug":"modositott-nyitvatartas-februar-17","status":"publish","type":"post","link":"https:\/\/bazilikabudapest.hu\/en\/2024\/02\/21\/modositott-nyitvatartas-februar-17\/","title":{"rendered":"M\u00d3DOS\u00cdTOTT NYITVATART\u00c1S &#8211; FEBRU\u00c1R 17."},"content":{"rendered":"<div data-elementor-type=\"wp-post\" data-elementor-id=\"6533\" class=\"elementor elementor-6533\">\n\t\t\t\t<div class=\"elementor-element elementor-element-313e169 e-con-full e-flex e-con e-parent\" data-id=\"313e169\" data-element_type=\"container\" data-e-type=\"container\">\n\t\t<div class=\"elementor-element elementor-element-d912ef2 e-flex e-con-boxed e-con e-child\" data-id=\"d912ef2\" data-element_type=\"container\" data-e-type=\"container\">\n\t\t\t\t\t<div class=\"e-con-inner\">\n\t\t\t\t<div class=\"elementor-element elementor-element-f1f7987 elementor-widget elementor-widget-text-editor\" data-id=\"f1f7987\" data-element_type=\"widget\" data-e-type=\"widget\" data-widget_type=\"text-editor.default\">\n\t\t\t\t<div class=\"elementor-widget-container\">\n\t\t\t\t\t\t\t\t\t<div style=\"text-align: justify;\"><p>2024. febru\u00e1r 17-\u00e9n, szombaton liturgikus esem\u00e9ny miatt a templomt\u00e9r 12 \u00f3r\u00e1t\u00f3l l\u00e1togathat\u00f3.<\/p><p>A Panor\u00e1ma Terasz \u00e9s a Kincst\u00e1r 09.00-19.00 \u00f3ra k\u00f6z\u00f6tt bel\u00e9p\u0151jeggyel tekinthet\u0151 meg.<\/p><p>Az online jegyrendszer ezen a napon nem \u00fczemel, jegyv\u00e1s\u00e1rl\u00e1sra a Bazilika mellett tal\u00e1lhat\u00f3 jegyp\u00e9nzt\u00e1rban van lehet\u0151s\u00e9g.<\/p><\/div>\t\t\t\t\t\t\t\t<\/div>\n\t\t\t\t<\/div>\n\t\t\t\t\t<\/div>\n\t\t\t\t<\/div>\n\t\t\t\t<\/div>\n\t\t\t\t<\/div>","protected":false},"excerpt":{"rendered":"<p>2024. febru\u00e1r 17-\u00e9n, szombaton liturgikus esem\u00e9ny miatt a templomt\u00e9r 12 \u00f3r\u00e1t\u00f3l l\u00e1togathat\u00f3. A Panor\u00e1ma Terasz \u00e9s a Kincst\u00e1r 09.00-19.00 \u00f3ra k\u00f6z\u00f6tt bel\u00e9p\u0151jeggyel tekinthet\u0151 meg. Az online jegyrendszer ezen a napon nem \u00fczemel, jegyv\u00e1s\u00e1rl\u00e1sra a Bazilika mellett tal\u00e1lhat\u00f3 jegyp\u00e9nzt\u00e1rban van lehet\u0151s\u00e9g.<\/p>","protected":false},"author":1,"featured_media":5433,"comment_status":"closed","ping_status":"closed","sticky":false,"template":"","format":"standard","meta":{"_price":"","_stock":"","_tribe_ticket_header":"","_tribe_default_ticket_provider":"","_tribe_ticket_capacity":"0","_ticket_start_date":"","_ticket_end_date":"","_tribe_ticket_show_description":"","_tribe_ticket_show_not_going":false,"_tribe_ticket_use_global_stock":"","_tribe_ticket_global_stock_level":"","_global_stock_mode":"","_global_stock_cap":"","_tribe_rsvp_for_event":"","_tribe_ticket_going_count":"","_tribe_ticket_not_going_count":"","_tribe_tickets_list":"[]","_tribe_ticket_has_attendee_info_fields":false,"footnotes":""},"categories":[17],"tags":[],"class_list":["post-6533","post","type-post","status-publish","format-standard","has-post-thumbnail","hentry","category-informacio"],"_links":{"self":[{"href":"https:\/\/bazilikabudapest.hu\/en\/wp-json\/wp\/v2\/posts\/6533","targetHints":{"allow":["GET"]}}],"collection":[{"href":"https:\/\/bazilikabudapest.hu\/en\/wp-json\/wp\/v2\/posts"}],"about":[{"href":"https:\/\/bazilikabudapest.hu\/en\/wp-json\/wp\/v2\/types\/post"}],"author":[{"embeddable":true,"href":"https:\/\/bazilikabudapest.hu\/en\/wp-json\/wp\/v2\/users\/1"}],"replies":[{"embeddable":true,"href":"https:\/\/bazilikabudapest.hu\/en\/wp-json\/wp\/v2\/comments?post=6533"}],"version-history":[{"count":4,"href":"https:\/\/bazilikabudapest.hu\/en\/wp-json\/wp\/v2\/posts\/6533\/revisions"}],"predecessor-version":[{"id":6552,"href":"https:\/\/bazilikabudapest.hu\/en\/wp-json\/wp\/v2\/posts\/6533\/revisions\/6552"}],"wp:featuredmedia":[{"embeddable":true,"href":"https:\/\/bazilikabudapest.hu\/en\/wp-json\/wp\/v2\/media\/5433"}],"wp:attachment":[{"href":"https:\/\/bazilikabudapest.hu\/en\/wp-json\/wp\/v2\/media?parent=6533"}],"wp:term":[{"taxonomy":"category","embeddable":true,"href":"https:\/\/bazilikabudapest.hu\/en\/wp-json\/wp\/v2\/categories?post=6533"},{"taxonomy":"post_tag","embeddable":true,"href":"https:\/\/bazilikabudapest.hu\/en\/wp-json\/wp\/v2\/tags?post=6533"}],"curies":[{"name":"wp","href":"https:\/\/api.w.org\/{rel}","templated":true}]}}