{"id":6536,"date":"2024-02-24T15:14:10","date_gmt":"2024-02-24T14:14:10","guid":{"rendered":"https:\/\/bazilikabudapest.hu\/?p=6536"},"modified":"2024-05-23T15:26:45","modified_gmt":"2024-05-23T13:26:45","slug":"karitasz-klubnap","status":"publish","type":"post","link":"https:\/\/bazilikabudapest.hu\/en\/2024\/02\/24\/karitasz-klubnap\/","title":{"rendered":"CHARITY CLUB DAY"},"content":{"rendered":"<div data-elementor-type=\"wp-post\" data-elementor-id=\"6536\" class=\"elementor elementor-6536\">\n\t\t\t\t<div class=\"elementor-element elementor-element-313e169 e-con-full e-flex e-con e-parent\" data-id=\"313e169\" data-element_type=\"container\" data-e-type=\"container\">\n\t\t<div class=\"elementor-element elementor-element-d912ef2 e-flex e-con-boxed e-con e-child\" data-id=\"d912ef2\" data-element_type=\"container\" data-e-type=\"container\">\n\t\t\t\t\t<div class=\"e-con-inner\">\n\t\t\t\t<div class=\"elementor-element elementor-element-f1f7987 elementor-widget elementor-widget-text-editor\" data-id=\"f1f7987\" data-element_type=\"widget\" data-e-type=\"widget\" data-widget_type=\"text-editor.default\">\n\t\t\t\t<div class=\"elementor-widget-container\">\n\t\t\t\t\t\t\t\t\t<div style=\"text-align: justify;\"><p>2024. febru\u00e1r 24-\u00e9n 15:00 \u00f3r\u00e1t\u00f3l a Bazilika M\u00e1ria term\u00e9ben.<\/p><p>K A R I T \u00c1 S Z K L U B N A P<\/p><p>Time: <strong>2024. febru\u00e1r 24. szombat 15:00 \u00f3ra<\/strong><\/p><p>Megh\u00edvott el\u0151ad\u00f3<\/p><p><strong>B\u00c1DI ANIK\u00d3<\/strong><\/p><p>a Belv\u00e1ros-Lip\u00f3tv\u00e1ros Eg\u00e9szs\u00e9g\u00fcgyi Szolg\u00e1lat f\u0151igazgat\u00f3ja<\/p><p>T\u00e9ma: Id\u0151seket \u00e9rint\u0151 eg\u00e9szs\u00e9g\u00fcgyi probl\u00e9m\u00e1k<\/p><p>Helysz\u00edn: Szent Istv\u00e1n Bazilika M\u00e1ria terme<\/p><p>C\u00edm: (Bej\u00e1rat a Bajcsy-Zsilinszky \u00fat fel\u0151l), Bp. Szent Istv\u00e1n t\u00e9r 1.<\/p><\/div>\t\t\t\t\t\t\t\t<\/div>\n\t\t\t\t<\/div>\n\t\t\t\t\t<\/div>\n\t\t\t\t<\/div>\n\t\t<div class=\"elementor-element elementor-element-2ba6427 e-flex e-con-boxed e-con e-child\" data-id=\"2ba6427\" data-element_type=\"container\" data-e-type=\"container\" data-settings=\"{&quot;background_background&quot;:&quot;classic&quot;}\">\n\t\t\t\t\t<div class=\"e-con-inner\">\n\t\t\t\t\t<\/div>\n\t\t\t\t<\/div>\n\t\t\t\t<\/div>\n\t\t\t\t<\/div>","protected":false},"excerpt":{"rendered":"<p>2024. febru\u00e1r 24-\u00e9n 15:00 \u00f3r\u00e1t\u00f3l a Bazilika M\u00e1ria term\u00e9ben. K A R I T \u00c1 S Z K L U B N A P Id\u0151pont: 2024. febru\u00e1r 24. szombat 15:00 \u00f3ra Megh\u00edvott el\u0151ad\u00f3 B\u00c1DI ANIK\u00d3 a Belv\u00e1ros-Lip\u00f3tv\u00e1ros Eg\u00e9szs\u00e9g\u00fcgyi Szolg\u00e1lat f\u0151igazgat\u00f3ja T\u00e9ma: Id\u0151seket \u00e9rint\u0151 eg\u00e9szs\u00e9g\u00fcgyi probl\u00e9m\u00e1k Helysz\u00edn: Szent Istv\u00e1n Bazilika M\u00e1ria terme C\u00edm: (Bej\u00e1rat a Bajcsy-Zsilinszky \u00fat fel\u0151l), Bp. Szent Istv\u00e1n t\u00e9r 1.<\/p>","protected":false},"author":1,"featured_media":6581,"comment_status":"closed","ping_status":"closed","sticky":false,"template":"","format":"standard","meta":{"_price":"","_stock":"","_tribe_ticket_header":"","_tribe_default_ticket_provider":"","_tribe_ticket_capacity":"0","_ticket_start_date":"","_ticket_end_date":"","_tribe_ticket_show_description":"","_tribe_ticket_show_not_going":false,"_tribe_ticket_use_global_stock":"","_tribe_ticket_global_stock_level":"","_global_stock_mode":"","_global_stock_cap":"","_tribe_rsvp_for_event":"","_tribe_ticket_going_count":"","_tribe_ticket_not_going_count":"","_tribe_tickets_list":"[]","_tribe_ticket_has_attendee_info_fields":false,"footnotes":""},"categories":[16],"tags":[],"class_list":["post-6536","post","type-post","status-publish","format-standard","has-post-thumbnail","hentry","category-esemeny"],"_links":{"self":[{"href":"https:\/\/bazilikabudapest.hu\/en\/wp-json\/wp\/v2\/posts\/6536","targetHints":{"allow":["GET"]}}],"collection":[{"href":"https:\/\/bazilikabudapest.hu\/en\/wp-json\/wp\/v2\/posts"}],"about":[{"href":"https:\/\/bazilikabudapest.hu\/en\/wp-json\/wp\/v2\/types\/post"}],"author":[{"embeddable":true,"href":"https:\/\/bazilikabudapest.hu\/en\/wp-json\/wp\/v2\/users\/1"}],"replies":[{"embeddable":true,"href":"https:\/\/bazilikabudapest.hu\/en\/wp-json\/wp\/v2\/comments?post=6536"}],"version-history":[{"count":4,"href":"https:\/\/bazilikabudapest.hu\/en\/wp-json\/wp\/v2\/posts\/6536\/revisions"}],"predecessor-version":[{"id":6587,"href":"https:\/\/bazilikabudapest.hu\/en\/wp-json\/wp\/v2\/posts\/6536\/revisions\/6587"}],"wp:featuredmedia":[{"embeddable":true,"href":"https:\/\/bazilikabudapest.hu\/en\/wp-json\/wp\/v2\/media\/6581"}],"wp:attachment":[{"href":"https:\/\/bazilikabudapest.hu\/en\/wp-json\/wp\/v2\/media?parent=6536"}],"wp:term":[{"taxonomy":"category","embeddable":true,"href":"https:\/\/bazilikabudapest.hu\/en\/wp-json\/wp\/v2\/categories?post=6536"},{"taxonomy":"post_tag","embeddable":true,"href":"https:\/\/bazilikabudapest.hu\/en\/wp-json\/wp\/v2\/tags?post=6536"}],"curies":[{"name":"wp","href":"https:\/\/api.w.org\/{rel}","templated":true}]}}