{"id":6588,"date":"2024-04-19T15:28:06","date_gmt":"2024-04-19T13:28:06","guid":{"rendered":"https:\/\/bazilikabudapest.hu\/?p=6588"},"modified":"2024-05-23T15:44:40","modified_gmt":"2024-05-23T13:44:40","slug":"modositott-nyitvatartas-aprilis-19","status":"publish","type":"post","link":"https:\/\/bazilikabudapest.hu\/en\/2024\/04\/19\/modositott-nyitvatartas-aprilis-19\/","title":{"rendered":"M\u00d3DOS\u00cdTOTT NYITVATART\u00c1S &#8211; \u00c1PRILIS 19."},"content":{"rendered":"<div data-elementor-type=\"wp-post\" data-elementor-id=\"6588\" class=\"elementor elementor-6588\">\n\t\t\t\t<div class=\"elementor-element elementor-element-313e169 e-con-full e-flex e-con e-parent\" data-id=\"313e169\" data-element_type=\"container\" data-e-type=\"container\">\n\t\t<div class=\"elementor-element elementor-element-d912ef2 e-flex e-con-boxed e-con e-child\" data-id=\"d912ef2\" data-element_type=\"container\" data-e-type=\"container\">\n\t\t\t\t\t<div class=\"e-con-inner\">\n\t\t\t\t<div class=\"elementor-element elementor-element-f1f7987 elementor-widget elementor-widget-text-editor\" data-id=\"f1f7987\" data-element_type=\"widget\" data-e-type=\"widget\" data-widget_type=\"text-editor.default\">\n\t\t\t\t<div class=\"elementor-widget-container\">\n\t\t\t\t\t\t\t\t\t<div style=\"text-align: justify;\"><p><strong>Liturgikus esem\u00e9ny miatt 2024. \u00e1prilis 19-\u00e9n a templomt\u00e9r csak 13 \u00f3r\u00e1t\u00f3l l\u00e1togathat\u00f3.<\/strong><\/p><p>A Panor\u00e1ma Terasz \u00e9s a Kincst\u00e1r 09.00-19.00 k\u00f6z\u00f6tt tekinthet\u0151 meg bel\u00e9p\u0151jeggyel. Az online jegyrendszer ezen a napon sz\u00fcnetel, jegyv\u00e1s\u00e1rl\u00e1sra csak a Bazilika mellett tal\u00e1lhat\u00f3 jegyirod\u00e1ban van lehet\u0151s\u00e9g.<\/p><\/div>\t\t\t\t\t\t\t\t<\/div>\n\t\t\t\t<\/div>\n\t\t\t\t\t<\/div>\n\t\t\t\t<\/div>\n\t\t<div class=\"elementor-element elementor-element-2ba6427 e-flex e-con-boxed e-con e-child\" data-id=\"2ba6427\" data-element_type=\"container\" data-e-type=\"container\" data-settings=\"{&quot;background_background&quot;:&quot;classic&quot;}\">\n\t\t\t\t\t<div class=\"e-con-inner\">\n\t\t\t\t\t<\/div>\n\t\t\t\t<\/div>\n\t\t\t\t<\/div>\n\t\t\t\t<\/div>","protected":false},"excerpt":{"rendered":"<p>Liturgikus esem\u00e9ny miatt 2024. \u00e1prilis 19-\u00e9n a templomt\u00e9r csak 13 \u00f3r\u00e1t\u00f3l l\u00e1togathat\u00f3. A Panor\u00e1ma Terasz \u00e9s a Kincst\u00e1r 09.00-19.00 k\u00f6z\u00f6tt tekinthet\u0151 meg bel\u00e9p\u0151jeggyel. Az online jegyrendszer ezen a napon sz\u00fcnetel, jegyv\u00e1s\u00e1rl\u00e1sra csak a Bazilika mellett tal\u00e1lhat\u00f3 jegyirod\u00e1ban van lehet\u0151s\u00e9g.<\/p>","protected":false},"author":1,"featured_media":6646,"comment_status":"closed","ping_status":"closed","sticky":false,"template":"","format":"standard","meta":{"_price":"","_stock":"","_tribe_ticket_header":"","_tribe_default_ticket_provider":"","_tribe_ticket_capacity":"0","_ticket_start_date":"","_ticket_end_date":"","_tribe_ticket_show_description":"","_tribe_ticket_show_not_going":false,"_tribe_ticket_use_global_stock":"","_tribe_ticket_global_stock_level":"","_global_stock_mode":"","_global_stock_cap":"","_tribe_rsvp_for_event":"","_tribe_ticket_going_count":"","_tribe_ticket_not_going_count":"","_tribe_tickets_list":"[]","_tribe_ticket_has_attendee_info_fields":false,"footnotes":""},"categories":[17],"tags":[],"class_list":["post-6588","post","type-post","status-publish","format-standard","has-post-thumbnail","hentry","category-informacio"],"_links":{"self":[{"href":"https:\/\/bazilikabudapest.hu\/en\/wp-json\/wp\/v2\/posts\/6588","targetHints":{"allow":["GET"]}}],"collection":[{"href":"https:\/\/bazilikabudapest.hu\/en\/wp-json\/wp\/v2\/posts"}],"about":[{"href":"https:\/\/bazilikabudapest.hu\/en\/wp-json\/wp\/v2\/types\/post"}],"author":[{"embeddable":true,"href":"https:\/\/bazilikabudapest.hu\/en\/wp-json\/wp\/v2\/users\/1"}],"replies":[{"embeddable":true,"href":"https:\/\/bazilikabudapest.hu\/en\/wp-json\/wp\/v2\/comments?post=6588"}],"version-history":[{"count":4,"href":"https:\/\/bazilikabudapest.hu\/en\/wp-json\/wp\/v2\/posts\/6588\/revisions"}],"predecessor-version":[{"id":6649,"href":"https:\/\/bazilikabudapest.hu\/en\/wp-json\/wp\/v2\/posts\/6588\/revisions\/6649"}],"wp:featuredmedia":[{"embeddable":true,"href":"https:\/\/bazilikabudapest.hu\/en\/wp-json\/wp\/v2\/media\/6646"}],"wp:attachment":[{"href":"https:\/\/bazilikabudapest.hu\/en\/wp-json\/wp\/v2\/media?parent=6588"}],"wp:term":[{"taxonomy":"category","embeddable":true,"href":"https:\/\/bazilikabudapest.hu\/en\/wp-json\/wp\/v2\/categories?post=6588"},{"taxonomy":"post_tag","embeddable":true,"href":"https:\/\/bazilikabudapest.hu\/en\/wp-json\/wp\/v2\/tags?post=6588"}],"curies":[{"name":"wp","href":"https:\/\/api.w.org\/{rel}","templated":true}]}}