{"id":6597,"date":"2024-03-10T15:28:46","date_gmt":"2024-03-10T14:28:46","guid":{"rendered":"https:\/\/bazilikabudapest.hu\/?p=6597"},"modified":"2024-05-23T15:35:25","modified_gmt":"2024-05-23T13:35:25","slug":"nagybojti-utravalo","status":"publish","type":"post","link":"https:\/\/bazilikabudapest.hu\/en\/2024\/03\/10\/nagybojti-utravalo\/","title":{"rendered":"NAGYB\u00d6JTI \u00daTRAVAL\u00d3"},"content":{"rendered":"<div data-elementor-type=\"wp-post\" data-elementor-id=\"6597\" class=\"elementor elementor-6597\">\n\t\t\t\t<div class=\"elementor-element elementor-element-313e169 e-con-full e-flex e-con e-parent\" data-id=\"313e169\" data-element_type=\"container\" data-e-type=\"container\">\n\t\t<div class=\"elementor-element elementor-element-d912ef2 e-flex e-con-boxed e-con e-child\" data-id=\"d912ef2\" data-element_type=\"container\" data-e-type=\"container\">\n\t\t\t\t\t<div class=\"e-con-inner\">\n\t\t\t\t<div class=\"elementor-element elementor-element-f1f7987 elementor-widget elementor-widget-text-editor\" data-id=\"f1f7987\" data-element_type=\"widget\" data-e-type=\"widget\" data-widget_type=\"text-editor.default\">\n\t\t\t\t<div class=\"elementor-widget-container\">\n\t\t\t\t\t\t\t\t\t<div style=\"text-align: justify;\"><p><strong>Id\u00e9n is k\u00fcl\u00f6nleges lelki \u00fczenetekkel v\u00e1rjuk a h\u00edveket \u00e9s a l\u00e1togat\u00f3kat a nagyb\u00f6jti id\u0151szak alatt.<\/strong><\/p><p>A templomt\u00e9rben elhelyezt\u00fcnk egy kosarat, amelyben t\u00f6bb ezer c\u00e9dula, \u00fagynevezett Nagyb\u00f6jti \u00datraval\u00f3 tal\u00e1lhat\u00f3 magyar \u00e9s angol nyelven. Az id\u00e9zetek a Bibli\u00e1b\u00f3l, illetve szentekt\u0151l \u00e9s Ferenc p\u00e1p\u00e1t\u00f3l sz\u00e1rmaznak, \u00fczenet\u00fck pedig a mindennapokhoz \u00e9s az \u00fcnnepi id\u0151szakhoz adhatnak t\u00e1mogat\u00e1st.<\/p><p>V\u00e1runk mindenkit szeretettel!<\/p><\/div>\t\t\t\t\t\t\t\t<\/div>\n\t\t\t\t<\/div>\n\t\t\t\t\t<\/div>\n\t\t\t\t<\/div>\n\t\t<div class=\"elementor-element elementor-element-2ba6427 e-flex e-con-boxed e-con e-child\" data-id=\"2ba6427\" data-element_type=\"container\" data-e-type=\"container\" data-settings=\"{&quot;background_background&quot;:&quot;classic&quot;}\">\n\t\t\t\t\t<div class=\"e-con-inner\">\n\t\t\t\t\t<\/div>\n\t\t\t\t<\/div>\n\t\t\t\t<\/div>\n\t\t\t\t<\/div>","protected":false},"excerpt":{"rendered":"<p>Id\u00e9n is k\u00fcl\u00f6nleges lelki \u00fczenetekkel v\u00e1rjuk a h\u00edveket \u00e9s a l\u00e1togat\u00f3kat a nagyb\u00f6jti id\u0151szak alatt. A templomt\u00e9rben elhelyezt\u00fcnk egy kosarat, amelyben t\u00f6bb ezer c\u00e9dula, \u00fagynevezett Nagyb\u00f6jti \u00datraval\u00f3 tal\u00e1lhat\u00f3 magyar \u00e9s angol nyelven. Az id\u00e9zetek a Bibli\u00e1b\u00f3l, illetve szentekt\u0151l \u00e9s Ferenc p\u00e1p\u00e1t\u00f3l sz\u00e1rmaznak, \u00fczenet\u00fck pedig a mindennapokhoz \u00e9s az \u00fcnnepi id\u0151szakhoz adhatnak t\u00e1mogat\u00e1st. V\u00e1runk mindenkit szeretettel!<\/p>","protected":false},"author":1,"featured_media":6610,"comment_status":"closed","ping_status":"closed","sticky":false,"template":"","format":"standard","meta":{"_price":"","_stock":"","_tribe_ticket_header":"","_tribe_default_ticket_provider":"","_tribe_ticket_capacity":"0","_ticket_start_date":"","_ticket_end_date":"","_tribe_ticket_show_description":"","_tribe_ticket_show_not_going":false,"_tribe_ticket_use_global_stock":"","_tribe_ticket_global_stock_level":"","_global_stock_mode":"","_global_stock_cap":"","_tribe_rsvp_for_event":"","_tribe_ticket_going_count":"","_tribe_ticket_not_going_count":"","_tribe_tickets_list":"[]","_tribe_ticket_has_attendee_info_fields":false,"footnotes":""},"categories":[17],"tags":[],"class_list":["post-6597","post","type-post","status-publish","format-standard","has-post-thumbnail","hentry","category-informacio"],"_links":{"self":[{"href":"https:\/\/bazilikabudapest.hu\/en\/wp-json\/wp\/v2\/posts\/6597","targetHints":{"allow":["GET"]}}],"collection":[{"href":"https:\/\/bazilikabudapest.hu\/en\/wp-json\/wp\/v2\/posts"}],"about":[{"href":"https:\/\/bazilikabudapest.hu\/en\/wp-json\/wp\/v2\/types\/post"}],"author":[{"embeddable":true,"href":"https:\/\/bazilikabudapest.hu\/en\/wp-json\/wp\/v2\/users\/1"}],"replies":[{"embeddable":true,"href":"https:\/\/bazilikabudapest.hu\/en\/wp-json\/wp\/v2\/comments?post=6597"}],"version-history":[{"count":4,"href":"https:\/\/bazilikabudapest.hu\/en\/wp-json\/wp\/v2\/posts\/6597\/revisions"}],"predecessor-version":[{"id":6614,"href":"https:\/\/bazilikabudapest.hu\/en\/wp-json\/wp\/v2\/posts\/6597\/revisions\/6614"}],"wp:featuredmedia":[{"embeddable":true,"href":"https:\/\/bazilikabudapest.hu\/en\/wp-json\/wp\/v2\/media\/6610"}],"wp:attachment":[{"href":"https:\/\/bazilikabudapest.hu\/en\/wp-json\/wp\/v2\/media?parent=6597"}],"wp:term":[{"taxonomy":"category","embeddable":true,"href":"https:\/\/bazilikabudapest.hu\/en\/wp-json\/wp\/v2\/categories?post=6597"},{"taxonomy":"post_tag","embeddable":true,"href":"https:\/\/bazilikabudapest.hu\/en\/wp-json\/wp\/v2\/tags?post=6597"}],"curies":[{"name":"wp","href":"https:\/\/api.w.org\/{rel}","templated":true}]}}