{"id":7050,"date":"2024-06-22T13:40:37","date_gmt":"2024-06-22T11:40:37","guid":{"rendered":"https:\/\/bazilikabudapest.hu\/?p=7050"},"modified":"2024-11-29T13:52:28","modified_gmt":"2024-11-29T12:52:28","slug":"muzeumok-ejszakaja-a-bazilikaban","status":"publish","type":"post","link":"https:\/\/bazilikabudapest.hu\/en\/2024\/06\/22\/muzeumok-ejszakaja-a-bazilikaban\/","title":{"rendered":"Night of Museums in the Basilica"},"content":{"rendered":"<div data-elementor-type=\"wp-post\" data-elementor-id=\"7050\" class=\"elementor elementor-7050\">\n\t\t\t\t<div class=\"elementor-element elementor-element-313e169 e-con-full e-flex e-con e-parent\" data-id=\"313e169\" data-element_type=\"container\" data-e-type=\"container\">\n\t\t<div class=\"elementor-element elementor-element-d912ef2 e-flex e-con-boxed e-con e-child\" data-id=\"d912ef2\" data-element_type=\"container\" data-e-type=\"container\">\n\t\t\t\t\t<div class=\"e-con-inner\">\n\t\t\t\t<div class=\"elementor-element elementor-element-f1f7987 elementor-widget elementor-widget-text-editor\" data-id=\"f1f7987\" data-element_type=\"widget\" data-e-type=\"widget\" data-widget_type=\"text-editor.default\">\n\t\t\t\t<div class=\"elementor-widget-container\">\n\t\t\t\t\t\t\t\t\t<div style=\"text-align: justify;\"><div id=\"sText\" class=\"float-left full-width with-padding clear margin-bottom font14\"><p><strong>A Szent Istv\u00e1n Bazilika id\u00e9n is csatlakozik a M\u00fazeumok \u00c9jszak\u00e1ka rendezv\u00e9nysorozathoz 2024. j\u00fanius 22-\u00e9n.<\/strong><\/p><\/div><div id=\"lText\" class=\"float-left full-width with-padding margin-bottom font14\"><div dir=\"auto\">Vezetett t\u00far\u00e1kkal \u00e9s csod\u00e1latos orgonakoncerttel is v\u00e1rjuk a l\u00e1togat\u00f3kat. Igazi k\u00fcl\u00f6nlegess\u00e9gk\u00e9nt megnyitjuk a ritk\u00e1n l\u00e1togathat\u00f3 Altemplom kapuit, este pedig a leny\u0171g\u00f6z\u0151 templomt\u00e9r mellett a belv\u00e1ros f\u00e9nyeiben is gy\u00f6ny\u00f6rk\u00f6dhetnek a l\u00e1togat\u00f3k a Panor\u00e1ma Teraszr\u00f3l.<\/div><div dir=\"auto\">\u00a0<\/div><div dir=\"auto\">A vezetett templomt\u00e9ri t\u00far\u00e1ra el\u0151zetes regisztr\u00e1ci\u00f3 sz\u00fcks\u00e9ges a\u00a0<em>bazilika.regisztracio@gmail.com<\/em> c\u00edmen, n\u00e9v, id\u0151pont, l\u00e9tsz\u00e1m megjel\u00f6l\u00e9s\u00e9vel.<\/div><div dir=\"auto\">\u00a0<\/div><div dir=\"auto\">Karszalagok m\u00e1r megv\u00e1r\u00e1solhat\u00f3k a jegymester\u00a0<span style=\"text-decoration: underline;\"><a href=\"https:\/\/jegymester.hu\/production\/10082146\/szent-istvan-bazilika\/8273464?fbclid=IwZXh0bgNhZW0CMTAAAR3ODiN8lZSAJveyKaNxYE8fz3vRkm-4q-SYz6uX-YxjU6-BP_LZnCDZ-CE_aem_AeCTsSKRlrTlWUjBZukcmgVZIbA1tNqhyOkElSZxjBcMYxVtg_SnHYxtN1iMiz0ZPwUa0duHOCYzUCi21201bYY0\">oldal\u00e1n.<\/a><\/span><\/div><div class=\"google-auto-placed ap_container\"><ins class=\"adsbygoogle adsbygoogle-noablate\" data-ad-format=\"auto\" data-ad-client=\"ca-pub-5543934158947559\" data-adsbygoogle-status=\"done\" data-ad-status=\"unfilled\"><div id=\"aswift_2_host\">\u00a0<\/div><\/ins><\/div><div dir=\"auto\">B\u0151vebb inform\u00e1ci\u00f3 a plak\u00e1ton \u00e9s a M\u00fazeumok \u00c9jszak\u00e1ja\u00a0<span style=\"text-decoration: underline;\"><a href=\"https:\/\/muzej.hu\/\">honlapj\u00e1n<\/a>.\u00a0<\/span><\/div><\/div><\/div>\t\t\t\t\t\t\t\t<\/div>\n\t\t\t\t<\/div>\n\t\t\t\t\t<\/div>\n\t\t\t\t<\/div>\n\t\t<div class=\"elementor-element elementor-element-2ba6427 e-flex e-con-boxed e-con e-child\" data-id=\"2ba6427\" data-element_type=\"container\" data-e-type=\"container\">\n\t\t\t\t\t<div class=\"e-con-inner\">\n\t\t\t\t<div class=\"elementor-element elementor-element-aa48a16 elementor-widget elementor-widget-image\" data-id=\"aa48a16\" data-element_type=\"widget\" data-e-type=\"widget\" data-widget_type=\"image.default\">\n\t\t\t\t<div class=\"elementor-widget-container\">\n\t\t\t\t\t\t\t\t\t\t\t\t\t\t\t<img fetchpriority=\"high\" decoding=\"async\" width=\"724\" height=\"1024\" src=\"https:\/\/bazilikabudapest.hu\/wp-content\/themes\/panric\/includes\/assets\/img\/placeholder.png\" class=\"attachment-large size-large wp-image-7083 ric-lazy-load\" alt=\"\" data-src=\"https:\/\/bazilikabudapest.hu\/wp-content\/uploads\/2024\/11\/3225c9dd-0b18-4568-ab4c-da97a59e01a2-1-724x1024.jpeg\" data-srcset=\"https:\/\/bazilikabudapest.hu\/wp-content\/uploads\/2024\/11\/3225c9dd-0b18-4568-ab4c-da97a59e01a2-1-724x1024.jpeg 724w, https:\/\/bazilikabudapest.hu\/wp-content\/uploads\/2024\/11\/3225c9dd-0b18-4568-ab4c-da97a59e01a2-1-212x300.jpeg 212w, https:\/\/bazilikabudapest.hu\/wp-content\/uploads\/2024\/11\/3225c9dd-0b18-4568-ab4c-da97a59e01a2-1-768x1086.jpeg 768w, https:\/\/bazilikabudapest.hu\/wp-content\/uploads\/2024\/11\/3225c9dd-0b18-4568-ab4c-da97a59e01a2-1-1086x1536.jpeg 1086w, https:\/\/bazilikabudapest.hu\/wp-content\/uploads\/2024\/11\/3225c9dd-0b18-4568-ab4c-da97a59e01a2-1-8x12.jpeg 8w, https:\/\/bazilikabudapest.hu\/wp-content\/uploads\/2024\/11\/3225c9dd-0b18-4568-ab4c-da97a59e01a2-1-415x587.jpeg 415w, https:\/\/bazilikabudapest.hu\/wp-content\/uploads\/2024\/11\/3225c9dd-0b18-4568-ab4c-da97a59e01a2-1-650x919.jpeg 650w, https:\/\/bazilikabudapest.hu\/wp-content\/uploads\/2024\/11\/3225c9dd-0b18-4568-ab4c-da97a59e01a2-1-250x353.jpeg 250w, https:\/\/bazilikabudapest.hu\/wp-content\/uploads\/2024\/11\/3225c9dd-0b18-4568-ab4c-da97a59e01a2-1.jpeg 1300w\" data-sizes=\"(max-width: 724px) 100vw, 724px\" \/>\t\t\t\t\t\t\t\t\t\t\t\t\t\t\t<\/div>\n\t\t\t\t<\/div>\n\t\t\t\t\t<\/div>\n\t\t\t\t<\/div>\n\t\t\t\t<\/div>\n\t\t\t\t<\/div>","protected":false},"excerpt":{"rendered":"<p>A Szent Istv\u00e1n Bazilika id\u00e9n is csatlakozik a M\u00fazeumok \u00c9jszak\u00e1ka rendezv\u00e9nysorozathoz 2024. j\u00fanius 22-\u00e9n. Vezetett t\u00far\u00e1kkal \u00e9s csod\u00e1latos orgonakoncerttel is v\u00e1rjuk a l\u00e1togat\u00f3kat. Igazi k\u00fcl\u00f6nlegess\u00e9gk\u00e9nt megnyitjuk a ritk\u00e1n l\u00e1togathat\u00f3 Altemplom kapuit, este pedig a leny\u0171g\u00f6z\u0151 templomt\u00e9r mellett a belv\u00e1ros f\u00e9nyeiben is gy\u00f6ny\u00f6rk\u00f6dhetnek a l\u00e1togat\u00f3k a Panor\u00e1ma Teraszr\u00f3l.\u00a0A vezetett templomt\u00e9ri t\u00far\u00e1ra el\u0151zetes regisztr\u00e1ci\u00f3 sz\u00fcks\u00e9ges a\u00a0bazilika.regisztracio@gmail.com c\u00edmen, n\u00e9v, id\u0151pont, l\u00e9tsz\u00e1m megjel\u00f6l\u00e9s\u00e9vel.\u00a0Karszalagok m\u00e1r megv\u00e1r\u00e1solhat\u00f3k a jegymester\u00a0oldal\u00e1n.\u00a0B\u0151vebb inform\u00e1ci\u00f3 a plak\u00e1ton \u00e9s a M\u00fazeumok \u00c9jszak\u00e1ja\u00a0honlapj\u00e1n.\u00a0<\/p>","protected":false},"author":1,"featured_media":7083,"comment_status":"closed","ping_status":"closed","sticky":false,"template":"","format":"standard","meta":{"_price":"","_stock":"","_tribe_ticket_header":"","_tribe_default_ticket_provider":"","_tribe_ticket_capacity":"0","_ticket_start_date":"","_ticket_end_date":"","_tribe_ticket_show_description":"","_tribe_ticket_show_not_going":false,"_tribe_ticket_use_global_stock":"","_tribe_ticket_global_stock_level":"","_global_stock_mode":"","_global_stock_cap":"","_tribe_rsvp_for_event":"","_tribe_ticket_going_count":"","_tribe_ticket_not_going_count":"","_tribe_tickets_list":"[]","_tribe_ticket_has_attendee_info_fields":false,"footnotes":""},"categories":[16],"tags":[],"class_list":["post-7050","post","type-post","status-publish","format-standard","has-post-thumbnail","hentry","category-esemeny"],"_links":{"self":[{"href":"https:\/\/bazilikabudapest.hu\/en\/wp-json\/wp\/v2\/posts\/7050","targetHints":{"allow":["GET"]}}],"collection":[{"href":"https:\/\/bazilikabudapest.hu\/en\/wp-json\/wp\/v2\/posts"}],"about":[{"href":"https:\/\/bazilikabudapest.hu\/en\/wp-json\/wp\/v2\/types\/post"}],"author":[{"embeddable":true,"href":"https:\/\/bazilikabudapest.hu\/en\/wp-json\/wp\/v2\/users\/1"}],"replies":[{"embeddable":true,"href":"https:\/\/bazilikabudapest.hu\/en\/wp-json\/wp\/v2\/comments?post=7050"}],"version-history":[{"count":4,"href":"https:\/\/bazilikabudapest.hu\/en\/wp-json\/wp\/v2\/posts\/7050\/revisions"}],"predecessor-version":[{"id":7086,"href":"https:\/\/bazilikabudapest.hu\/en\/wp-json\/wp\/v2\/posts\/7050\/revisions\/7086"}],"wp:featuredmedia":[{"embeddable":true,"href":"https:\/\/bazilikabudapest.hu\/en\/wp-json\/wp\/v2\/media\/7083"}],"wp:attachment":[{"href":"https:\/\/bazilikabudapest.hu\/en\/wp-json\/wp\/v2\/media?parent=7050"}],"wp:term":[{"taxonomy":"category","embeddable":true,"href":"https:\/\/bazilikabudapest.hu\/en\/wp-json\/wp\/v2\/categories?post=7050"},{"taxonomy":"post_tag","embeddable":true,"href":"https:\/\/bazilikabudapest.hu\/en\/wp-json\/wp\/v2\/tags?post=7050"}],"curies":[{"name":"wp","href":"https:\/\/api.w.org\/{rel}","templated":true}]}}