{"id":7062,"date":"2024-08-17T13:42:45","date_gmt":"2024-08-17T11:42:45","guid":{"rendered":"https:\/\/bazilikabudapest.hu\/?p=7062"},"modified":"2024-11-29T14:17:43","modified_gmt":"2024-11-29T13:17:43","slug":"online-angol-magyar-nyelvu-katolikus-jegyesoktatas","status":"publish","type":"post","link":"https:\/\/bazilikabudapest.hu\/en\/2024\/08\/17\/online-angol-magyar-nyelvu-katolikus-jegyesoktatas\/","title":{"rendered":"ONLINE ANGOL-MAGYAR NYELV\u0170 KATOLIKUS JEGYESOKTAT\u00c1S"},"content":{"rendered":"<div data-elementor-type=\"wp-post\" data-elementor-id=\"7062\" class=\"elementor elementor-7062\">\n\t\t\t\t<div class=\"elementor-element elementor-element-313e169 e-con-full e-flex e-con e-parent\" data-id=\"313e169\" data-element_type=\"container\" data-e-type=\"container\">\n\t\t<div class=\"elementor-element elementor-element-d912ef2 e-flex e-con-boxed e-con e-child\" data-id=\"d912ef2\" data-element_type=\"container\" data-e-type=\"container\">\n\t\t\t\t\t<div class=\"e-con-inner\">\n\t\t\t\t<div class=\"elementor-element elementor-element-f1f7987 elementor-widget elementor-widget-text-editor\" data-id=\"f1f7987\" data-element_type=\"widget\" data-e-type=\"widget\" data-widget_type=\"text-editor.default\">\n\t\t\t\t<div class=\"elementor-widget-container\">\n\t\t\t\t\t\t\t\t\t<div style=\"text-align: justify;\"><div id=\"sText\" class=\"float-left full-width with-padding clear margin-bottom font14\"><p><strong>A Ter\u00e9zv\u00e1rosi Szent Csal\u00e1d Pl\u00e9b\u00e1nia online katolikus jegyesoktat\u00e1sra h\u00edvja \u00e9s v\u00e1rja a h\u00e1zass\u00e1gra k\u00e9sz\u00fcl\u0151ket magyar \u00e9s angol nyelven augusztus 18-t\u00f3l Babos \u00c1ron atya vezet\u00e9s\u00e9vel.<\/strong><\/p><\/div><div id=\"lText\" class=\"float-left full-width with-padding margin-bottom font14\"><p>Az 6 alkalmas jegyesoktat\u00e1s sor\u00e1n a katolikus h\u00e1zass\u00e1g mibenl\u00e9t\u00e9vel ismerked\u00fcnk meg a Szent\u00edr\u00e1s \u00e9s az Egyh\u00e1z tan\u00edt\u00e1sa alapj\u00e1n Szent II. J\u00e1nos P\u00e1l p\u00e1pa szellemis\u00e9g\u00e9ben (Test Teol\u00f3gi\u00e1ja). P\u00e1rkapcsolati fejleszt\u00e9sre \u00e9s ment\u00e1lis felk\u00e9sz\u00edt\u00e9sre sajnos nincs m\u00f3d ilyen sz\u0171k\u00f6s id\u0151keretek k\u00f6z\u00f6tt. Ezekre csak buzd\u00edtani tudunk minden jegyesp\u00e1rt.<\/p><p><span style=\"text-decoration: underline;\"><a href=\"http:\/\/www.bazilika.biz\/upload\/Esem%C3%A9nyek%202022\/2024%20ny%C3%A1r\/Online%20angol_jegyesoktat%C3%A1s_page-0001.jpg\">Tov\u00e1bbi<\/a>\u00a0<a href=\"http:\/\/www.bazilika.biz\/upload\/Esem%C3%A9nyek%202022\/2024%20ny%C3%A1r\/Online%20angol_jegyesoktat%C3%A1s_page-0002.jpg\">tudnival\u00f3k<\/a><\/span><\/p><p>Jelentkezni augusztus 17-ig lehet az al\u00e1bbi \u0171rlap kit\u00f6lt\u00e9s\u00e9vel:<\/p><p><span style=\"text-decoration: underline;\"><a href=\"https:\/\/docs.google.com\/forms\/d\/e\/1FAIpQLSfeUBCk8s8QXGcLWky663rj0fVU0brSCiDSTLnO-Y-vJCPOdA\/viewform?pli=1\">Application for the Course<\/a><\/span><\/p><\/div><\/div>\t\t\t\t\t\t\t\t<\/div>\n\t\t\t\t<\/div>\n\t\t\t\t\t<\/div>\n\t\t\t\t<\/div>\n\t\t<div class=\"elementor-element elementor-element-2ba6427 e-flex e-con-boxed e-con e-child\" data-id=\"2ba6427\" data-element_type=\"container\" data-e-type=\"container\" data-settings=\"{&quot;background_background&quot;:&quot;classic&quot;}\">\n\t\t\t\t\t<div class=\"e-con-inner\">\n\t\t\t\t\t<\/div>\n\t\t\t\t<\/div>\n\t\t\t\t<\/div>\n\t\t\t\t<\/div>","protected":false},"excerpt":{"rendered":"<p>A Ter\u00e9zv\u00e1rosi Szent Csal\u00e1d Pl\u00e9b\u00e1nia online katolikus jegyesoktat\u00e1sra h\u00edvja \u00e9s v\u00e1rja a h\u00e1zass\u00e1gra k\u00e9sz\u00fcl\u0151ket magyar \u00e9s angol nyelven augusztus 18-t\u00f3l Babos \u00c1ron atya vezet\u00e9s\u00e9vel. Az 6 alkalmas jegyesoktat\u00e1s sor\u00e1n a katolikus h\u00e1zass\u00e1g mibenl\u00e9t\u00e9vel ismerked\u00fcnk meg a Szent\u00edr\u00e1s \u00e9s az Egyh\u00e1z tan\u00edt\u00e1sa alapj\u00e1n Szent II. J\u00e1nos P\u00e1l p\u00e1pa szellemis\u00e9g\u00e9ben (Test Teol\u00f3gi\u00e1ja). P\u00e1rkapcsolati fejleszt\u00e9sre \u00e9s ment\u00e1lis felk\u00e9sz\u00edt\u00e9sre sajnos nincs m\u00f3d ilyen sz\u0171k\u00f6s id\u0151keretek k\u00f6z\u00f6tt. Ezekre csak buzd\u00edtani tudunk minden jegyesp\u00e1rt. Tov\u00e1bbi\u00a0tudnival\u00f3k Jelentkezni augusztus 17-ig lehet az al\u00e1bbi \u0171rlap kit\u00f6lt\u00e9s\u00e9vel: Jelentkez\u00e9s jegyeskurzusra<\/p>","protected":false},"author":1,"featured_media":7142,"comment_status":"closed","ping_status":"closed","sticky":false,"template":"","format":"standard","meta":{"_price":"","_stock":"","_tribe_ticket_header":"","_tribe_default_ticket_provider":"","_tribe_ticket_capacity":"0","_ticket_start_date":"","_ticket_end_date":"","_tribe_ticket_show_description":"","_tribe_ticket_show_not_going":false,"_tribe_ticket_use_global_stock":"","_tribe_ticket_global_stock_level":"","_global_stock_mode":"","_global_stock_cap":"","_tribe_rsvp_for_event":"","_tribe_ticket_going_count":"","_tribe_ticket_not_going_count":"","_tribe_tickets_list":"[]","_tribe_ticket_has_attendee_info_fields":false,"footnotes":""},"categories":[16],"tags":[],"class_list":["post-7062","post","type-post","status-publish","format-standard","has-post-thumbnail","hentry","category-esemeny"],"_links":{"self":[{"href":"https:\/\/bazilikabudapest.hu\/en\/wp-json\/wp\/v2\/posts\/7062","targetHints":{"allow":["GET"]}}],"collection":[{"href":"https:\/\/bazilikabudapest.hu\/en\/wp-json\/wp\/v2\/posts"}],"about":[{"href":"https:\/\/bazilikabudapest.hu\/en\/wp-json\/wp\/v2\/types\/post"}],"author":[{"embeddable":true,"href":"https:\/\/bazilikabudapest.hu\/en\/wp-json\/wp\/v2\/users\/1"}],"replies":[{"embeddable":true,"href":"https:\/\/bazilikabudapest.hu\/en\/wp-json\/wp\/v2\/comments?post=7062"}],"version-history":[{"count":7,"href":"https:\/\/bazilikabudapest.hu\/en\/wp-json\/wp\/v2\/posts\/7062\/revisions"}],"predecessor-version":[{"id":7149,"href":"https:\/\/bazilikabudapest.hu\/en\/wp-json\/wp\/v2\/posts\/7062\/revisions\/7149"}],"wp:featuredmedia":[{"embeddable":true,"href":"https:\/\/bazilikabudapest.hu\/en\/wp-json\/wp\/v2\/media\/7142"}],"wp:attachment":[{"href":"https:\/\/bazilikabudapest.hu\/en\/wp-json\/wp\/v2\/media?parent=7062"}],"wp:term":[{"taxonomy":"category","embeddable":true,"href":"https:\/\/bazilikabudapest.hu\/en\/wp-json\/wp\/v2\/categories?post=7062"},{"taxonomy":"post_tag","embeddable":true,"href":"https:\/\/bazilikabudapest.hu\/en\/wp-json\/wp\/v2\/tags?post=7062"}],"curies":[{"name":"wp","href":"https:\/\/api.w.org\/{rel}","templated":true}]}}