{"id":7188,"date":"2024-11-29T14:44:30","date_gmt":"2024-11-29T13:44:30","guid":{"rendered":"https:\/\/bazilikabudapest.hu\/?p=7188"},"modified":"2024-11-29T14:45:17","modified_gmt":"2024-11-29T13:45:17","slug":"karacsonyi-miserend-es-nyitvatartas-2024","status":"publish","type":"post","link":"https:\/\/bazilikabudapest.hu\/en\/2024\/11\/29\/karacsonyi-miserend-es-nyitvatartas-2024\/","title":{"rendered":"Christmas Mass schedule and opening hours-2024."},"content":{"rendered":"<div data-elementor-type=\"wp-post\" data-elementor-id=\"7188\" class=\"elementor elementor-7188\">\n\t\t\t\t<div class=\"elementor-element elementor-element-313e169 e-con-full e-flex e-con e-parent\" data-id=\"313e169\" data-element_type=\"container\" data-e-type=\"container\">\n\t\t<div class=\"elementor-element elementor-element-d912ef2 e-flex e-con-boxed e-con e-child\" data-id=\"d912ef2\" data-element_type=\"container\" data-e-type=\"container\">\n\t\t\t\t\t<div class=\"e-con-inner\">\n\t\t\t\t<div class=\"elementor-element elementor-element-f1f7987 elementor-widget elementor-widget-text-editor\" data-id=\"f1f7987\" data-element_type=\"widget\" data-e-type=\"widget\" data-widget_type=\"text-editor.default\">\n\t\t\t\t<div class=\"elementor-widget-container\">\n\t\t\t\t\t\t\t\t\t<div style=\"text-align: justify;\"><div id=\"sText\" class=\"float-left full-width with-padding clear margin-bottom font14\"><p><strong>A Szent Istv\u00e1n Bazilika kar\u00e1csonyi miserendje \u00e9s nyitvatart\u00e1sa 2024-ben.\u00a0<\/strong><\/p><\/div><div id=\"lText\" class=\"float-left full-width with-padding margin-bottom font14\"><p><strong><u>DECEMBER 24. KEDD<\/u><\/strong><\/p><p>07.00 Szentmise-M\u00e1ria-k\u00e1polna<\/p><p>16.00 P\u00e1sztorj\u00e1t\u00e9k<\/p><p>24.00 \u00c9jf\u00e9li mise Erd\u0151 P\u00e9ter b\u00edboros, pr\u00edm\u00e1s Esztergom-Budapesti \u00e9rsek celebr\u00e1l\u00e1s\u00e1val<\/p><p><em>Turist\u00e1k sz\u00e1m\u00e1ra a templomt\u00e9r\u00a0ingyenesen\u00a0l\u00e1togathat\u00f3 reggel 9 \u00f3r\u00e1t\u00f3l \u00e9jf\u00e9lig. A Kincst\u00e1r \u00e9s a Panor\u00e1ma Terasz bel\u00e9p\u0151jeggyel tekinthet\u0151 meg 09.00-14.00 k\u00f6z\u00f6tt. A Jegyp\u00e9nzt\u00e1r 13.30-ig van nyitva.<\/em><\/p><p><strong><u>DECEMBER 25 \u2013 26. SZERDA-CS\u00dcT\u00d6RT\u00d6K<\/u><\/strong><\/p><p>08.30 Szentmise<\/p><p>10.00 \u00dcnnepi nagymise<\/p><p>12.00 Szentmise<\/p><p>16.00 Angol nyelv\u0171 szentmise<\/p><p>18.00 Szentmise<\/p><p><em>A templomt\u00e9r turist\u00e1k sz\u00e1m\u00e1ra 13.00-17.45 k\u00f6z\u00f6tt\u00a0ingyenesen\u00a0l\u00e1togathat\u00f3. A Kincst\u00e1r \u00e9s a Panor\u00e1ma Terasz 09.00-18.45 k\u00f6z\u00f6tt bel\u00e9p\u0151jeggyel tekinthet\u0151 meg.\u00a0 A Jegyp\u00e9nzt\u00e1r 18.30-ig van nyitva.<\/em><\/p><p>December 27-30. k\u00f6z\u00f6tt a szok\u00e1sos miserend \u00e9s l\u00e1togat\u00f3i nyitvatart\u00e1s \u00e9rv\u00e9nyes.<\/p><div class=\"google-auto-placed ap_container\"><div id=\"aswift_1_host\">\u00a0<\/div><\/div><p><strong>December 29-\u00e9n vas\u00e1rnap a 10 \u00f3rai \u00fcnnepi szentmis\u00e9n Erd\u0151 P\u00e9ter b\u00edboros \u00far hivatalosan megnyitja a 2025-\u00f6s Szent\u00e9vet.<\/strong><\/p><p><strong><u>DECEMBER 31. KEDD<\/u><\/strong><\/p><p>07.00 Szentmise \u2013 M\u00e1ria k\u00e1polna<\/p><p>18.00 \u00c9vv\u00e9gi h\u00e1laad\u00f3 mise<\/p><p>20.00-05.00 Virraszt\u00e1s<\/p><p>24.00 Szentmise<\/p><p><em>Turist\u00e1k sz\u00e1m\u00e1ra a templomt\u00e9r 09.00-17.45 k\u00f6z\u00f6tt, a Kincst\u00e1r \u00e9s a Panor\u00e1ma Terasz 09.00-17.45 k\u00f6z\u00f6tt bel\u00e9p\u0151jeggyel tekinthet\u0151 meg. A jegyp\u00e9nzt\u00e1r 17.30-ig van nyitva.<\/em><\/p><p><strong><u>JANU\u00c1R 1. SZERDA<\/u><\/strong><\/p><p>08.30 Szentmise<\/p><p>10.00 \u00dcnnepi nagymise<\/p><p>12.00 Szentmise<\/p><p>16.00 Angol nyelv\u0171 szentmise<\/p><p>18.00 Szentmise<\/p><p><em>A templomt\u00e9r turist\u00e1k sz\u00e1m\u00e1ra 13.00-17.45 k\u00f6z\u00f6tt\u00a0ingyenesen\u00a0l\u00e1togathat\u00f3. A Kincst\u00e1r \u00e9s a Panor\u00e1ma Terasz 13.00-18.45 k\u00f6z\u00f6tt bel\u00e9p\u0151jeggyel tekinthet\u0151 meg. A jegyp\u00e9nzt\u00e1r 18.30-ig van nyitva<\/em>.<\/p><div><strong>2024. december 24-26. k\u00f6z\u00f6tt \u00e9s janu\u00e1r 1-j\u00e9n az online jegyrendszer nem el\u00e9rhet\u0151,<\/strong><\/div><div class=\"google-auto-placed ap_container\"><div id=\"aswift_2_host\">\u00a0<\/div><\/div><div style=\"text-align: center;\"><strong>jegyv\u00e1s\u00e1rl\u00e1sra csak a Bazilika mellett tal\u00e1lhat\u00f3 jegyp\u00e9nzt\u00e1rban van lehet\u0151s\u00e9g.\u00a0<\/strong><\/div><\/div><\/div>\t\t\t\t\t\t\t\t<\/div>\n\t\t\t\t<\/div>\n\t\t\t\t\t<\/div>\n\t\t\t\t<\/div>\n\t\t\t\t<\/div>\n\t\t\t\t<\/div>","protected":false},"excerpt":{"rendered":"<p>A Szent Istv\u00e1n Bazilika kar\u00e1csonyi miserendje \u00e9s nyitvatart\u00e1sa 2024-ben.\u00a0 DECEMBER 24. KEDD 07.00 Szentmise-M\u00e1ria-k\u00e1polna 16.00 P\u00e1sztorj\u00e1t\u00e9k 24.00 \u00c9jf\u00e9li mise Erd\u0151 P\u00e9ter b\u00edboros, pr\u00edm\u00e1s Esztergom-Budapesti \u00e9rsek celebr\u00e1l\u00e1s\u00e1val Turist\u00e1k sz\u00e1m\u00e1ra a templomt\u00e9r\u00a0ingyenesen\u00a0l\u00e1togathat\u00f3 reggel 9 \u00f3r\u00e1t\u00f3l \u00e9jf\u00e9lig. A Kincst\u00e1r \u00e9s a Panor\u00e1ma Terasz bel\u00e9p\u0151jeggyel tekinthet\u0151 meg 09.00-14.00 k\u00f6z\u00f6tt. A Jegyp\u00e9nzt\u00e1r 13.30-ig van nyitva. DECEMBER 25 \u2013 26. SZERDA-CS\u00dcT\u00d6RT\u00d6K 08.30 Szentmise 10.00 \u00dcnnepi nagymise 12.00 Szentmise 16.00 Angol nyelv\u0171 szentmise 18.00 Szentmise A templomt\u00e9r turist\u00e1k sz\u00e1m\u00e1ra 13.00-17.45 k\u00f6z\u00f6tt\u00a0ingyenesen\u00a0l\u00e1togathat\u00f3. A Kincst\u00e1r \u00e9s a Panor\u00e1ma Terasz 09.00-18.45 k\u00f6z\u00f6tt bel\u00e9p\u0151jeggyel tekinthet\u0151 meg.\u00a0 A Jegyp\u00e9nzt\u00e1r 18.30-ig van nyitva&#8230;.<\/p>","protected":false},"author":1,"featured_media":5433,"comment_status":"closed","ping_status":"closed","sticky":false,"template":"","format":"standard","meta":{"_price":"","_stock":"","_tribe_ticket_header":"","_tribe_default_ticket_provider":"","_tribe_ticket_capacity":"0","_ticket_start_date":"","_ticket_end_date":"","_tribe_ticket_show_description":"","_tribe_ticket_show_not_going":false,"_tribe_ticket_use_global_stock":"","_tribe_ticket_global_stock_level":"","_global_stock_mode":"","_global_stock_cap":"","_tribe_rsvp_for_event":"","_tribe_ticket_going_count":"","_tribe_ticket_not_going_count":"","_tribe_tickets_list":"[]","_tribe_ticket_has_attendee_info_fields":false,"footnotes":""},"categories":[17],"tags":[],"class_list":["post-7188","post","type-post","status-publish","format-standard","has-post-thumbnail","hentry","category-informacio"],"_links":{"self":[{"href":"https:\/\/bazilikabudapest.hu\/en\/wp-json\/wp\/v2\/posts\/7188","targetHints":{"allow":["GET"]}}],"collection":[{"href":"https:\/\/bazilikabudapest.hu\/en\/wp-json\/wp\/v2\/posts"}],"about":[{"href":"https:\/\/bazilikabudapest.hu\/en\/wp-json\/wp\/v2\/types\/post"}],"author":[{"embeddable":true,"href":"https:\/\/bazilikabudapest.hu\/en\/wp-json\/wp\/v2\/users\/1"}],"replies":[{"embeddable":true,"href":"https:\/\/bazilikabudapest.hu\/en\/wp-json\/wp\/v2\/comments?post=7188"}],"version-history":[{"count":4,"href":"https:\/\/bazilikabudapest.hu\/en\/wp-json\/wp\/v2\/posts\/7188\/revisions"}],"predecessor-version":[{"id":7267,"href":"https:\/\/bazilikabudapest.hu\/en\/wp-json\/wp\/v2\/posts\/7188\/revisions\/7267"}],"wp:featuredmedia":[{"embeddable":true,"href":"https:\/\/bazilikabudapest.hu\/en\/wp-json\/wp\/v2\/media\/5433"}],"wp:attachment":[{"href":"https:\/\/bazilikabudapest.hu\/en\/wp-json\/wp\/v2\/media?parent=7188"}],"wp:term":[{"taxonomy":"category","embeddable":true,"href":"https:\/\/bazilikabudapest.hu\/en\/wp-json\/wp\/v2\/categories?post=7188"},{"taxonomy":"post_tag","embeddable":true,"href":"https:\/\/bazilikabudapest.hu\/en\/wp-json\/wp\/v2\/tags?post=7188"}],"curies":[{"name":"wp","href":"https:\/\/api.w.org\/{rel}","templated":true}]}}