{"id":7495,"date":"2024-12-15T14:54:11","date_gmt":"2024-12-15T13:54:11","guid":{"rendered":"https:\/\/bazilikabudapest.hu\/?p=7495"},"modified":"2025-01-15T14:56:19","modified_gmt":"2025-01-15T13:56:19","slug":"unnepi-nagyorgona-bemutato-a-szent-istvan-bazilikaban","status":"publish","type":"post","link":"https:\/\/bazilikabudapest.hu\/en\/2024\/12\/15\/unnepi-nagyorgona-bemutato-a-szent-istvan-bazilikaban\/","title":{"rendered":"Festive grand organ performance in St Stephen's Basilica"},"content":{"rendered":"<div data-elementor-type=\"wp-post\" data-elementor-id=\"7495\" class=\"elementor elementor-7495\">\n\t\t\t\t<div class=\"elementor-element elementor-element-313e169 e-con-full e-flex e-con e-parent\" data-id=\"313e169\" data-element_type=\"container\" data-e-type=\"container\">\n\t\t<div class=\"elementor-element elementor-element-d912ef2 e-flex e-con-boxed e-con e-child\" data-id=\"d912ef2\" data-element_type=\"container\" data-e-type=\"container\">\n\t\t\t\t\t<div class=\"e-con-inner\">\n\t\t\t\t<div class=\"elementor-element elementor-element-f1f7987 elementor-widget elementor-widget-text-editor\" data-id=\"f1f7987\" data-element_type=\"widget\" data-e-type=\"widget\" data-widget_type=\"text-editor.default\">\n\t\t\t\t<div class=\"elementor-widget-container\">\n\t\t\t\t\t\t\t\t\t<div style=\"text-align: justify;\"><div id=\"sText\" class=\"float-left full-width with-padding clear margin-bottom font14\"><div id=\"sText\" class=\"float-left full-width with-padding clear margin-bottom font14\"><div id=\"sText\" class=\"float-left full-width with-padding clear margin-bottom font14\"><p><strong>A Bazilika Angster nagyorgon\u00e1j\u00e1nak bemutat\u00e1sa k\u00f6zvetlen k\u00f6zelr\u0151l \u00e9s megsz\u00f3laltat\u00e1sa Szotyori Nagy G\u00e1bor orgonam\u0171v\u00e9sz k\u00f6zrem\u0171k\u00f6d\u00e9s\u00e9vel december 28-\u00e1n, szombaton 11 \u00f3r\u00e1t\u00f3l.\u00a0<\/strong><\/p><\/div><div id=\"lText\" class=\"float-left full-width with-padding margin-bottom font14\"><p>A program sor\u00e1n a vend\u00e9gek a Bazilika karzat\u00e1n ismerkedhetnek meg a hangszerek kir\u00e1lyn\u0151j\u00e9nek fel\u00e9p\u00edt\u00e9s\u00e9vel \u00e9s a j\u00e1tsz\u00f3asztal szerep\u00e9vel. Az egyed\u00fcl\u00e1ll\u00f3 program minikoncerttel z\u00e1rul, amelyen a legszebb kar\u00e1csonyi dallamok is felcsend\u00fclnek majd.<\/p><p><strong>D\u00c1TUM: 2024. DECEMBER 28.<\/strong><\/p><p><strong>ID\u0150PONT: 11.00<\/strong><\/p><p><strong>ID\u0150TARTAM: 45 PERC<\/strong><\/p><p><strong>R\u00c9SZV\u00c9TELI D\u00cdJ: 25\u00a0000 Ft\/f\u0151<\/strong><\/p><p>Jegyv\u00e1s\u00e1rl\u00e1s a Bazilika jegyirod\u00e1j\u00e1ban vagy\u00a0<a href=\"https:\/\/www.bazilika.jegy.eu\/\">online.<\/a><\/p><\/div><\/div><\/div><\/div>\t\t\t\t\t\t\t\t<\/div>\n\t\t\t\t<\/div>\n\t\t\t\t<div class=\"elementor-element elementor-element-224b32c elementor-widget elementor-widget-image\" data-id=\"224b32c\" data-element_type=\"widget\" data-e-type=\"widget\" data-widget_type=\"image.default\">\n\t\t\t\t<div class=\"elementor-widget-container\">\n\t\t\t\t\t\t\t\t\t\t\t\t\t\t\t<img fetchpriority=\"high\" decoding=\"async\" width=\"724\" height=\"1024\" src=\"https:\/\/bazilikabudapest.hu\/wp-content\/themes\/panric\/includes\/assets\/img\/placeholder.png\" class=\"attachment-large size-large wp-image-7500 ric-lazy-load\" alt=\"\" data-src=\"https:\/\/bazilikabudapest.hu\/wp-content\/uploads\/2024\/12\/nnepi-orgona-bemutato-HU-724x1024.png\" data-srcset=\"https:\/\/bazilikabudapest.hu\/wp-content\/uploads\/2024\/12\/nnepi-orgona-bemutato-HU-724x1024.png 724w, https:\/\/bazilikabudapest.hu\/wp-content\/uploads\/2024\/12\/nnepi-orgona-bemutato-HU-212x300.png 212w, https:\/\/bazilikabudapest.hu\/wp-content\/uploads\/2024\/12\/nnepi-orgona-bemutato-HU-768x1086.png 768w, https:\/\/bazilikabudapest.hu\/wp-content\/uploads\/2024\/12\/nnepi-orgona-bemutato-HU-1086x1536.png 1086w, https:\/\/bazilikabudapest.hu\/wp-content\/uploads\/2024\/12\/nnepi-orgona-bemutato-HU-415x587.png 415w, https:\/\/bazilikabudapest.hu\/wp-content\/uploads\/2024\/12\/nnepi-orgona-bemutato-HU-650x919.png 650w, https:\/\/bazilikabudapest.hu\/wp-content\/uploads\/2024\/12\/nnepi-orgona-bemutato-HU-250x354.png 250w, https:\/\/bazilikabudapest.hu\/wp-content\/uploads\/2024\/12\/nnepi-orgona-bemutato-HU.png 1414w\" data-sizes=\"(max-width: 724px) 100vw, 724px\" \/>\t\t\t\t\t\t\t\t\t\t\t\t\t\t\t<\/div>\n\t\t\t\t<\/div>\n\t\t\t\t\t<\/div>\n\t\t\t\t<\/div>\n\t\t\t\t<\/div>\n\t\t\t\t<\/div>","protected":false},"excerpt":{"rendered":"<p>A Bazilika Angster nagyorgon\u00e1j\u00e1nak bemutat\u00e1sa k\u00f6zvetlen k\u00f6zelr\u0151l \u00e9s megsz\u00f3laltat\u00e1sa Szotyori Nagy G\u00e1bor orgonam\u0171v\u00e9sz k\u00f6zrem\u0171k\u00f6d\u00e9s\u00e9vel december 28-\u00e1n, szombaton 11 \u00f3r\u00e1t\u00f3l.\u00a0 A program sor\u00e1n a vend\u00e9gek a Bazilika karzat\u00e1n ismerkedhetnek meg a hangszerek kir\u00e1lyn\u0151j\u00e9nek fel\u00e9p\u00edt\u00e9s\u00e9vel \u00e9s a j\u00e1tsz\u00f3asztal szerep\u00e9vel. Az egyed\u00fcl\u00e1ll\u00f3 program minikoncerttel z\u00e1rul, amelyen a legszebb kar\u00e1csonyi dallamok is felcsend\u00fclnek majd. D\u00c1TUM: 2024. DECEMBER 28. ID\u0150PONT: 11.00 ID\u0150TARTAM: 45 PERC R\u00c9SZV\u00c9TELI D\u00cdJ: 25\u00a0000 Ft\/f\u0151 Jegyv\u00e1s\u00e1rl\u00e1s a Bazilika jegyirod\u00e1j\u00e1ban vagy\u00a0online.<\/p>","protected":false},"author":1,"featured_media":7500,"comment_status":"closed","ping_status":"closed","sticky":false,"template":"","format":"standard","meta":{"_price":"","_stock":"","_tribe_ticket_header":"","_tribe_default_ticket_provider":"","_tribe_ticket_capacity":"0","_ticket_start_date":"","_ticket_end_date":"","_tribe_ticket_show_description":"","_tribe_ticket_show_not_going":false,"_tribe_ticket_use_global_stock":"","_tribe_ticket_global_stock_level":"","_global_stock_mode":"","_global_stock_cap":"","_tribe_rsvp_for_event":"","_tribe_ticket_going_count":"","_tribe_ticket_not_going_count":"","_tribe_tickets_list":"[]","_tribe_ticket_has_attendee_info_fields":false,"footnotes":""},"categories":[16],"tags":[],"class_list":["post-7495","post","type-post","status-publish","format-standard","has-post-thumbnail","hentry","category-esemeny"],"_links":{"self":[{"href":"https:\/\/bazilikabudapest.hu\/en\/wp-json\/wp\/v2\/posts\/7495","targetHints":{"allow":["GET"]}}],"collection":[{"href":"https:\/\/bazilikabudapest.hu\/en\/wp-json\/wp\/v2\/posts"}],"about":[{"href":"https:\/\/bazilikabudapest.hu\/en\/wp-json\/wp\/v2\/types\/post"}],"author":[{"embeddable":true,"href":"https:\/\/bazilikabudapest.hu\/en\/wp-json\/wp\/v2\/users\/1"}],"replies":[{"embeddable":true,"href":"https:\/\/bazilikabudapest.hu\/en\/wp-json\/wp\/v2\/comments?post=7495"}],"version-history":[{"count":4,"href":"https:\/\/bazilikabudapest.hu\/en\/wp-json\/wp\/v2\/posts\/7495\/revisions"}],"predecessor-version":[{"id":7503,"href":"https:\/\/bazilikabudapest.hu\/en\/wp-json\/wp\/v2\/posts\/7495\/revisions\/7503"}],"wp:featuredmedia":[{"embeddable":true,"href":"https:\/\/bazilikabudapest.hu\/en\/wp-json\/wp\/v2\/media\/7500"}],"wp:attachment":[{"href":"https:\/\/bazilikabudapest.hu\/en\/wp-json\/wp\/v2\/media?parent=7495"}],"wp:term":[{"taxonomy":"category","embeddable":true,"href":"https:\/\/bazilikabudapest.hu\/en\/wp-json\/wp\/v2\/categories?post=7495"},{"taxonomy":"post_tag","embeddable":true,"href":"https:\/\/bazilikabudapest.hu\/en\/wp-json\/wp\/v2\/tags?post=7495"}],"curies":[{"name":"wp","href":"https:\/\/api.w.org\/{rel}","templated":true}]}}