{"id":8114,"date":"2025-02-20T09:29:41","date_gmt":"2025-02-20T08:29:41","guid":{"rendered":"https:\/\/bazilikabudapest.hu\/?p=8114"},"modified":"2025-04-03T11:14:57","modified_gmt":"2025-04-03T09:14:57","slug":"vizkereszt-unnepe-a-szent-istvan-bazilikaban-3","status":"publish","type":"post","link":"https:\/\/bazilikabudapest.hu\/en\/2025\/02\/20\/vizkereszt-unnepe-a-szent-istvan-bazilikaban-3\/","title":{"rendered":"Ima Magyarorsz\u00e1g b\u00e9k\u00e9j\u00e9\u00e9rt"},"content":{"rendered":"<div data-elementor-type=\"wp-post\" data-elementor-id=\"8114\" class=\"elementor elementor-8114\">\n\t\t\t\t<div class=\"elementor-element elementor-element-313e169 e-con-full e-flex e-con e-parent\" data-id=\"313e169\" data-element_type=\"container\" data-e-type=\"container\">\n\t\t<div class=\"elementor-element elementor-element-d912ef2 e-flex e-con-boxed e-con e-child\" data-id=\"d912ef2\" data-element_type=\"container\" data-e-type=\"container\">\n\t\t\t\t\t<div class=\"e-con-inner\">\n\t\t\t\t<div class=\"elementor-element elementor-element-f1f7987 elementor-widget elementor-widget-text-editor\" data-id=\"f1f7987\" data-element_type=\"widget\" data-e-type=\"widget\" data-widget_type=\"text-editor.default\">\n\t\t\t\t<div class=\"elementor-widget-container\">\n\t\t\t\t\t\t\t\t\t<div id=\"sText\" class=\"float-left full-width with-padding clear margin-bottom font14\">\u00a0<\/div><div id=\"lText\" class=\"float-left full-width with-padding margin-bottom font14\"><div><div class=\"xdj266r x11i5rnm xat24cr x1mh8g0r x1vvkbs x126k92a\"><div dir=\"auto\">Imm\u00e1ron h\u00e1rom \u00e9ve d\u00fal a h\u00e1bor\u00fa a szomsz\u00e9dunkban, \u00e9s sajnos egyre t\u00f6bb helyen a vil\u00e1gban.\u00a0 Ez arra kell, hogy \u00f6szt\u00f6n\u00f6zz\u00f6n benn\u00fcnket, hogy m\u00e9g er\u0151teljesebben im\u00e1dkozzunk egy\u00fctt a B\u00c9KE Istent\u0151l j\u00f6v\u0151 nagy kegyelmi aj\u00e1nd\u00e9k\u00e1\u00e9rt! <span class=\"html-span xexx8yu x4uap5 x18d9i69 xkhd6sd x1hl2dhg x16tdsg8 x1vvkbs x3nfvp2 x1j61x8r x1fcty0u xdj266r xat24cr xgzva0m xhhsvwb xxymvpz xlup9mm x1kky2od\"><img decoding=\"async\" class=\"xz74otr\" src=\"https:\/\/static.xx.fbcdn.net\/images\/emoji.php\/v9\/tba\/1\/16\/1f54a.png\" alt=\"\ud83d\udd4a\" width=\"16\" height=\"16\" \/><\/span><\/div><div dir=\"auto\">Rendk\u00edv\u00fcli alkalmunkon most a Csal\u00e1d \u00e9s a fiatalok lesznek a k\u00f6z\u00e9ppontban, Mohos G\u00e1bor atya szem\u00e9lyes \u00e1ld\u00e1s\u00e1val a fiatalok \u00e9s gyerekek r\u00e9sz\u00e9re. Dr. Kov\u00e1cs Zolt\u00e1n mariol\u00f3gus professzor atya, Kemenes G\u00e1bor atya \u00e9s tov\u00e1bbi aty\u00e1k tisztelnek meg jelenl\u00e9t\u00fckkel, elm\u00e9lked\u00e9seikkel \u00e9s im\u00e1ikkal.<\/div><\/div><div class=\"x11i5rnm xat24cr x1mh8g0r x1vvkbs xtlvy1s x126k92a\"><div dir=\"auto\"><strong>Id\u0151pont \u00e9s helysz\u00edn:\u00a0<\/strong><\/div><div dir=\"auto\"><strong>Febru\u00e1r 22. szombat, 19 \u00f3r\u00e1t\u00f3l a Szent Istv\u00e1n Bazilik\u00e1ban.<\/strong><\/div><div dir=\"auto\">Mindenkit szeretettel v\u00e1runk!<\/div><\/div><div class=\"x11i5rnm xat24cr x1mh8g0r x1vvkbs xtlvy1s x126k92a\"><div dir=\"auto\">Emm\u00e1nuel K\u00f6z\u00f6ss\u00e9g<\/div><div dir=\"auto\">Szeretetl\u00e1ng Mozgalom<\/div><div dir=\"auto\">Szoci\u00e1lis Testv\u00e9rek T\u00e1rsas\u00e1ga<\/div><\/div><\/div><div>\u00a0<\/div><\/div>\t\t\t\t\t\t\t\t<\/div>\n\t\t\t\t<\/div>\n\t\t\t\t\t<\/div>\n\t\t\t\t<\/div>\n\t\t\t\t<\/div>\n\t\t<div class=\"elementor-element elementor-element-c143ef4 e-flex e-con-boxed e-con e-parent\" data-id=\"c143ef4\" data-element_type=\"container\" data-e-type=\"container\">\n\t\t\t\t\t<div class=\"e-con-inner\">\n\t\t\t\t<div class=\"elementor-element elementor-element-2ca4143 elementor-widget elementor-widget-image\" data-id=\"2ca4143\" data-element_type=\"widget\" data-e-type=\"widget\" data-widget_type=\"image.default\">\n\t\t\t\t<div class=\"elementor-widget-container\">\n\t\t\t\t\t\t\t\t\t\t\t\t\t\t\t<img fetchpriority=\"high\" decoding=\"async\" width=\"724\" height=\"1024\" src=\"https:\/\/bazilikabudapest.hu\/wp-content\/themes\/panric\/includes\/assets\/img\/placeholder.png\" class=\"attachment-large size-large wp-image-8115 ric-lazy-load\" alt=\"\" data-src=\"https:\/\/bazilikabudapest.hu\/wp-content\/uploads\/2025\/02\/Imaest-02.22-724x1024.jpg\" data-srcset=\"https:\/\/bazilikabudapest.hu\/wp-content\/uploads\/2025\/02\/Imaest-02.22-724x1024.jpg 724w, https:\/\/bazilikabudapest.hu\/wp-content\/uploads\/2025\/02\/Imaest-02.22-212x300.jpg 212w, https:\/\/bazilikabudapest.hu\/wp-content\/uploads\/2025\/02\/Imaest-02.22-768x1086.jpg 768w, https:\/\/bazilikabudapest.hu\/wp-content\/uploads\/2025\/02\/Imaest-02.22-1086x1536.jpg 1086w, https:\/\/bazilikabudapest.hu\/wp-content\/uploads\/2025\/02\/Imaest-02.22-8x12.jpg 8w, https:\/\/bazilikabudapest.hu\/wp-content\/uploads\/2025\/02\/Imaest-02.22-415x587.jpg 415w, https:\/\/bazilikabudapest.hu\/wp-content\/uploads\/2025\/02\/Imaest-02.22-650x919.jpg 650w, https:\/\/bazilikabudapest.hu\/wp-content\/uploads\/2025\/02\/Imaest-02.22-250x354.jpg 250w, https:\/\/bazilikabudapest.hu\/wp-content\/uploads\/2025\/02\/Imaest-02.22.jpg 1414w\" data-sizes=\"(max-width: 724px) 100vw, 724px\" \/>\t\t\t\t\t\t\t\t\t\t\t\t\t\t\t<\/div>\n\t\t\t\t<\/div>\n\t\t\t\t\t<\/div>\n\t\t\t\t<\/div>\n\t\t\t\t<\/div>","protected":false},"excerpt":{"rendered":"<p>\u00a0Imm\u00e1ron h\u00e1rom \u00e9ve d\u00fal a h\u00e1bor\u00fa a szomsz\u00e9dunkban, \u00e9s sajnos egyre t\u00f6bb helyen a vil\u00e1gban.\u00a0 Ez arra kell, hogy \u00f6szt\u00f6n\u00f6zz\u00f6n benn\u00fcnket, hogy m\u00e9g er\u0151teljesebben im\u00e1dkozzunk egy\u00fctt a B\u00c9KE Istent\u0151l j\u00f6v\u0151 nagy kegyelmi aj\u00e1nd\u00e9k\u00e1\u00e9rt! Rendk\u00edv\u00fcli alkalmunkon most a Csal\u00e1d \u00e9s a fiatalok lesznek a k\u00f6z\u00e9ppontban, Mohos G\u00e1bor atya szem\u00e9lyes \u00e1ld\u00e1s\u00e1val a fiatalok \u00e9s gyerekek r\u00e9sz\u00e9re. Dr. Kov\u00e1cs Zolt\u00e1n mariol\u00f3gus professzor atya, Kemenes G\u00e1bor atya \u00e9s tov\u00e1bbi aty\u00e1k tisztelnek meg jelenl\u00e9t\u00fckkel, elm\u00e9lked\u00e9seikkel \u00e9s im\u00e1ikkal.Id\u0151pont \u00e9s helysz\u00edn:\u00a0Febru\u00e1r 22. szombat, 19 \u00f3r\u00e1t\u00f3l a Szent Istv\u00e1n Bazilik\u00e1ban.Mindenkit szeretettel v\u00e1runk!Emm\u00e1nuel K\u00f6z\u00f6ss\u00e9gSzeretetl\u00e1ng MozgalomSzoci\u00e1lis Testv\u00e9rek T\u00e1rsas\u00e1ga\u00a0<\/p>","protected":false},"author":2,"featured_media":8115,"comment_status":"closed","ping_status":"closed","sticky":false,"template":"","format":"standard","meta":{"_price":"","_stock":"","_tribe_ticket_header":"","_tribe_default_ticket_provider":"","_tribe_ticket_capacity":"0","_ticket_start_date":"","_ticket_end_date":"","_tribe_ticket_show_description":"","_tribe_ticket_show_not_going":false,"_tribe_ticket_use_global_stock":"","_tribe_ticket_global_stock_level":"","_global_stock_mode":"","_global_stock_cap":"","_tribe_rsvp_for_event":"","_tribe_ticket_going_count":"","_tribe_ticket_not_going_count":"","_tribe_tickets_list":"[]","_tribe_ticket_has_attendee_info_fields":false,"footnotes":""},"categories":[16,17],"tags":[],"class_list":["post-8114","post","type-post","status-publish","format-standard","has-post-thumbnail","hentry","category-esemeny","category-informacio"],"_links":{"self":[{"href":"https:\/\/bazilikabudapest.hu\/en\/wp-json\/wp\/v2\/posts\/8114","targetHints":{"allow":["GET"]}}],"collection":[{"href":"https:\/\/bazilikabudapest.hu\/en\/wp-json\/wp\/v2\/posts"}],"about":[{"href":"https:\/\/bazilikabudapest.hu\/en\/wp-json\/wp\/v2\/types\/post"}],"author":[{"embeddable":true,"href":"https:\/\/bazilikabudapest.hu\/en\/wp-json\/wp\/v2\/users\/2"}],"replies":[{"embeddable":true,"href":"https:\/\/bazilikabudapest.hu\/en\/wp-json\/wp\/v2\/comments?post=8114"}],"version-history":[{"count":4,"href":"https:\/\/bazilikabudapest.hu\/en\/wp-json\/wp\/v2\/posts\/8114\/revisions"}],"predecessor-version":[{"id":8119,"href":"https:\/\/bazilikabudapest.hu\/en\/wp-json\/wp\/v2\/posts\/8114\/revisions\/8119"}],"wp:featuredmedia":[{"embeddable":true,"href":"https:\/\/bazilikabudapest.hu\/en\/wp-json\/wp\/v2\/media\/8115"}],"wp:attachment":[{"href":"https:\/\/bazilikabudapest.hu\/en\/wp-json\/wp\/v2\/media?parent=8114"}],"wp:term":[{"taxonomy":"category","embeddable":true,"href":"https:\/\/bazilikabudapest.hu\/en\/wp-json\/wp\/v2\/categories?post=8114"},{"taxonomy":"post_tag","embeddable":true,"href":"https:\/\/bazilikabudapest.hu\/en\/wp-json\/wp\/v2\/tags?post=8114"}],"curies":[{"name":"wp","href":"https:\/\/api.w.org\/{rel}","templated":true}]}}