{"id":8590,"date":"2025-04-08T15:24:28","date_gmt":"2025-04-08T13:24:28","guid":{"rendered":"https:\/\/bazilikabudapest.hu\/?p=8590"},"modified":"2025-04-08T15:37:41","modified_gmt":"2025-04-08T13:37:41","slug":"viragvasarnap-a-szent-istvan-bazilikaban-aprilis-13","status":"publish","type":"post","link":"https:\/\/bazilikabudapest.hu\/en\/2025\/04\/08\/viragvasarnap-a-szent-istvan-bazilikaban-aprilis-13\/","title":{"rendered":"Munkat\u00e1rsakat keres\u00fcnk turisztikai ter\u00fcletre"},"content":{"rendered":"<div data-elementor-type=\"wp-post\" data-elementor-id=\"8590\" class=\"elementor elementor-8590\">\n\t\t\t\t<div class=\"elementor-element elementor-element-313e169 e-con-full e-flex e-con e-parent\" data-id=\"313e169\" data-element_type=\"container\" data-e-type=\"container\">\n\t\t<div class=\"elementor-element elementor-element-d912ef2 e-flex e-con-boxed e-con e-child\" data-id=\"d912ef2\" data-element_type=\"container\" data-e-type=\"container\">\n\t\t\t\t\t<div class=\"e-con-inner\">\n\t\t\t\t<div class=\"elementor-element elementor-element-f1f7987 elementor-widget elementor-widget-text-editor\" data-id=\"f1f7987\" data-element_type=\"widget\" data-e-type=\"widget\" data-widget_type=\"text-editor.default\">\n\t\t\t\t<div class=\"elementor-widget-container\">\n\t\t\t\t\t\t\t\t\t<p>A Szent Istv\u00e1n Bazilika Gondnoks\u00e1ga a turisztikai ter\u00fcleten egyidej\u0171leg k\u00e9t, heti 20 \u00f3r\u00e1ban bet\u00f6lthet\u0151 munkak\u00f6rbe keresi leend\u0151 munkat\u00e1rsait kommunik\u00e1ci\u00f3s \u00e9s turisztikai adminisztr\u00e1ci\u00f3s munkak\u00f6rbe. A munkak\u00f6r\u00f6k azonban \u00f6sszevonhat\u00f3ak, \u00edgy lehet\u0151s\u00e9g van heti 40 \u00f3r\u00e1s munkak\u00f6rben ell\u00e1tni a k\u00e9t r\u00e9szmunkaid\u0151s munkak\u00f6rn\u00e9l jelzett feladatokat.<\/p>\n<p>Tov\u00e1bbi r\u00e9szletek az\u00a0 <span style=\"text-decoration: underline;\"><a href=\"https:\/\/egyhaziallas.hu\/?keywords=bazilika&amp;sort=&amp;direction=&amp;page=&amp;c=\" target=\"_blank\" rel=\"noopener\">Egyh\u00e1zi \u00e1ll\u00e1s oldal\u00e1n.<\/a><\/span><\/p>\t\t\t\t\t\t\t\t<\/div>\n\t\t\t\t<\/div>\n\t\t\t\t<div class=\"elementor-element elementor-element-a0642a4 elementor-widget elementor-widget-text-editor\" data-id=\"a0642a4\" data-element_type=\"widget\" data-e-type=\"widget\" data-widget_type=\"text-editor.default\">\n\t\t\t\t<div class=\"elementor-widget-container\">\n\t\t\t\t\t\t\t\t\t<p><img fetchpriority=\"high\" decoding=\"async\" class=\"aligncenter wp-image-8591 size-full\" src=\"https:\/\/bazilikabudapest.hu\/wp-content\/uploads\/2025\/04\/Nevtelen-terv-63.png\" alt=\"\" width=\"940\" height=\"788\" srcset=\"https:\/\/bazilikabudapest.hu\/wp-content\/uploads\/2025\/04\/Nevtelen-terv-63.png 940w, https:\/\/bazilikabudapest.hu\/wp-content\/uploads\/2025\/04\/Nevtelen-terv-63-300x251.png 300w, https:\/\/bazilikabudapest.hu\/wp-content\/uploads\/2025\/04\/Nevtelen-terv-63-768x644.png 768w, https:\/\/bazilikabudapest.hu\/wp-content\/uploads\/2025\/04\/Nevtelen-terv-63-14x12.png 14w, https:\/\/bazilikabudapest.hu\/wp-content\/uploads\/2025\/04\/Nevtelen-terv-63-415x348.png 415w, https:\/\/bazilikabudapest.hu\/wp-content\/uploads\/2025\/04\/Nevtelen-terv-63-650x545.png 650w, https:\/\/bazilikabudapest.hu\/wp-content\/uploads\/2025\/04\/Nevtelen-terv-63-250x210.png 250w\" sizes=\"(max-width: 940px) 100vw, 940px\" \/><\/p>\t\t\t\t\t\t\t\t<\/div>\n\t\t\t\t<\/div>\n\t\t\t\t\t<\/div>\n\t\t\t\t<\/div>\n\t\t\t\t<\/div>\n\t\t\t\t<\/div>","protected":false},"excerpt":{"rendered":"<p>A Szent Istv\u00e1n Bazilika Gondnoks\u00e1ga a turisztikai ter\u00fcleten egyidej\u0171leg k\u00e9t, heti 20 \u00f3r\u00e1ban bet\u00f6lthet\u0151 munkak\u00f6rbe keresi leend\u0151 munkat\u00e1rsait kommunik\u00e1ci\u00f3s \u00e9s turisztikai adminisztr\u00e1ci\u00f3s munkak\u00f6rbe. A munkak\u00f6r\u00f6k azonban \u00f6sszevonhat\u00f3ak, \u00edgy lehet\u0151s\u00e9g van heti 40 \u00f3r\u00e1s munkak\u00f6rben ell\u00e1tni a k\u00e9t r\u00e9szmunkaid\u0151s munkak\u00f6rn\u00e9l jelzett feladatokat. Tov\u00e1bbi r\u00e9szletek az\u00a0 Egyh\u00e1zi \u00e1ll\u00e1s oldal\u00e1n.<\/p>","protected":false},"author":2,"featured_media":8591,"comment_status":"closed","ping_status":"closed","sticky":false,"template":"","format":"standard","meta":{"_price":"","_stock":"","_tribe_ticket_header":"","_tribe_default_ticket_provider":"","_tribe_ticket_capacity":"0","_ticket_start_date":"","_ticket_end_date":"","_tribe_ticket_show_description":"","_tribe_ticket_show_not_going":false,"_tribe_ticket_use_global_stock":"","_tribe_ticket_global_stock_level":"","_global_stock_mode":"","_global_stock_cap":"","_tribe_rsvp_for_event":"","_tribe_ticket_going_count":"","_tribe_ticket_not_going_count":"","_tribe_tickets_list":"[]","_tribe_ticket_has_attendee_info_fields":false,"footnotes":""},"categories":[17],"tags":[],"class_list":["post-8590","post","type-post","status-publish","format-standard","has-post-thumbnail","hentry","category-informacio"],"_links":{"self":[{"href":"https:\/\/bazilikabudapest.hu\/en\/wp-json\/wp\/v2\/posts\/8590","targetHints":{"allow":["GET"]}}],"collection":[{"href":"https:\/\/bazilikabudapest.hu\/en\/wp-json\/wp\/v2\/posts"}],"about":[{"href":"https:\/\/bazilikabudapest.hu\/en\/wp-json\/wp\/v2\/types\/post"}],"author":[{"embeddable":true,"href":"https:\/\/bazilikabudapest.hu\/en\/wp-json\/wp\/v2\/users\/2"}],"replies":[{"embeddable":true,"href":"https:\/\/bazilikabudapest.hu\/en\/wp-json\/wp\/v2\/comments?post=8590"}],"version-history":[{"count":5,"href":"https:\/\/bazilikabudapest.hu\/en\/wp-json\/wp\/v2\/posts\/8590\/revisions"}],"predecessor-version":[{"id":8598,"href":"https:\/\/bazilikabudapest.hu\/en\/wp-json\/wp\/v2\/posts\/8590\/revisions\/8598"}],"wp:featuredmedia":[{"embeddable":true,"href":"https:\/\/bazilikabudapest.hu\/en\/wp-json\/wp\/v2\/media\/8591"}],"wp:attachment":[{"href":"https:\/\/bazilikabudapest.hu\/en\/wp-json\/wp\/v2\/media?parent=8590"}],"wp:term":[{"taxonomy":"category","embeddable":true,"href":"https:\/\/bazilikabudapest.hu\/en\/wp-json\/wp\/v2\/categories?post=8590"},{"taxonomy":"post_tag","embeddable":true,"href":"https:\/\/bazilikabudapest.hu\/en\/wp-json\/wp\/v2\/tags?post=8590"}],"curies":[{"name":"wp","href":"https:\/\/api.w.org\/{rel}","templated":true}]}}