{"id":8624,"date":"2025-04-21T20:41:17","date_gmt":"2025-04-21T18:41:17","guid":{"rendered":"https:\/\/bazilikabudapest.hu\/?p=8624"},"modified":"2025-04-21T20:50:07","modified_gmt":"2025-04-21T18:50:07","slug":"munkatarsakat-keresunk-turisztikai-teruletre-2","status":"publish","type":"post","link":"https:\/\/bazilikabudapest.hu\/en\/2025\/04\/21\/munkatarsakat-keresunk-turisztikai-teruletre-2\/","title":{"rendered":"Szerd\u00e1n szentmis\u00e9t mutatnak be p\u00fcsp\u00f6keink Ferenc p\u00e1pa lelki \u00fcdv\u00e9\u00e9rt"},"content":{"rendered":"<div data-elementor-type=\"wp-post\" data-elementor-id=\"8624\" class=\"elementor elementor-8624\">\n\t\t\t\t<div class=\"elementor-element elementor-element-313e169 e-con-full e-flex e-con e-parent\" data-id=\"313e169\" data-element_type=\"container\" data-e-type=\"container\">\n\t\t<div class=\"elementor-element elementor-element-d912ef2 e-flex e-con-boxed e-con e-child\" data-id=\"d912ef2\" data-element_type=\"container\" data-e-type=\"container\">\n\t\t\t\t\t<div class=\"e-con-inner\">\n\t\t\t\t<div class=\"elementor-element elementor-element-f1f7987 elementor-widget elementor-widget-text-editor\" data-id=\"f1f7987\" data-element_type=\"widget\" data-e-type=\"widget\" data-widget_type=\"text-editor.default\">\n\t\t\t\t<div class=\"elementor-widget-container\">\n\t\t\t\t\t\t\t\t\t<h3 class=\"lead\">A Magyar Katolikus P\u00fcsp\u00f6ki Konferencia (MKPK) tagjai \u00e1prilis 23-\u00e1n, szerd\u00e1n 18 \u00f3rakor k\u00f6z\u00f6sen mutatnak be szentmis\u00e9t Budapesten, a Szent Istv\u00e1n-bazilik\u00e1ban az elhunyt Ferenc p\u00e1pa lelki \u00fcdv\u00e9\u00e9rt.<\/h3><div><p>Az esem\u00e9nyre a katolikus h\u00edv\u0151ket \u00e9s minden j\u00f3 sz\u00e1nd\u00e9kkal \u00e9rkez\u0151 embert szeretettel v\u00e1rnak.<\/p><p><strong>Forr\u00e1s: MKPK Sajt\u00f3szolg\u00e1lat<\/strong><\/p><p><strong style=\"font-size: inherit;\">Fot\u00f3 (arch\u00edv, 2023): Mer\u00e9nyi Zita<\/strong><\/p><p><strong>Magyar Kur\u00edr<\/strong><\/p><\/div>\t\t\t\t\t\t\t\t<\/div>\n\t\t\t\t<\/div>\n\t\t\t\t<div class=\"elementor-element elementor-element-ea4eabc elementor-widget elementor-widget-image\" data-id=\"ea4eabc\" data-element_type=\"widget\" data-e-type=\"widget\" data-widget_type=\"image.default\">\n\t\t\t\t<div class=\"elementor-widget-container\">\n\t\t\t\t\t\t\t\t\t\t\t\t\t\t\t<img fetchpriority=\"high\" decoding=\"async\" width=\"810\" height=\"540\" src=\"https:\/\/bazilikabudapest.hu\/wp-content\/themes\/panric\/includes\/assets\/img\/placeholder.png\" class=\"attachment-large size-large wp-image-8632 ric-lazy-load\" alt=\"\" data-src=\"https:\/\/bazilikabudapest.hu\/wp-content\/uploads\/2025\/04\/szentatyabazilika.jpg\" data-srcset=\"https:\/\/bazilikabudapest.hu\/wp-content\/uploads\/2025\/04\/szentatyabazilika.jpg 810w, https:\/\/bazilikabudapest.hu\/wp-content\/uploads\/2025\/04\/szentatyabazilika-300x200.jpg 300w, https:\/\/bazilikabudapest.hu\/wp-content\/uploads\/2025\/04\/szentatyabazilika-768x512.jpg 768w, https:\/\/bazilikabudapest.hu\/wp-content\/uploads\/2025\/04\/szentatyabazilika-18x12.jpg 18w, https:\/\/bazilikabudapest.hu\/wp-content\/uploads\/2025\/04\/szentatyabazilika-415x277.jpg 415w, https:\/\/bazilikabudapest.hu\/wp-content\/uploads\/2025\/04\/szentatyabazilika-650x433.jpg 650w, https:\/\/bazilikabudapest.hu\/wp-content\/uploads\/2025\/04\/szentatyabazilika-250x167.jpg 250w\" data-sizes=\"(max-width: 810px) 100vw, 810px\" \/>\t\t\t\t\t\t\t\t\t\t\t\t\t\t\t<\/div>\n\t\t\t\t<\/div>\n\t\t\t\t\t<\/div>\n\t\t\t\t<\/div>\n\t\t\t\t<\/div>\n\t\t\t\t<\/div>","protected":false},"excerpt":{"rendered":"<p>A Magyar Katolikus P\u00fcsp\u00f6ki Konferencia (MKPK) tagjai \u00e1prilis 23-\u00e1n, szerd\u00e1n 18 \u00f3rakor k\u00f6z\u00f6sen mutatnak be szentmis\u00e9t Budapesten, a Szent Istv\u00e1n-bazilik\u00e1ban az elhunyt Ferenc p\u00e1pa lelki \u00fcdv\u00e9\u00e9rt. Az esem\u00e9nyre a katolikus h\u00edv\u0151ket \u00e9s minden j\u00f3 sz\u00e1nd\u00e9kkal \u00e9rkez\u0151 embert szeretettel v\u00e1rnak. Forr\u00e1s: MKPK Sajt\u00f3szolg\u00e1lat Fot\u00f3 (arch\u00edv, 2023): Mer\u00e9nyi Zita Magyar Kur\u00edr<\/p>","protected":false},"author":6,"featured_media":8632,"comment_status":"closed","ping_status":"closed","sticky":false,"template":"","format":"standard","meta":{"_price":"","_stock":"","_tribe_ticket_header":"","_tribe_default_ticket_provider":"","_tribe_ticket_capacity":"0","_ticket_start_date":"","_ticket_end_date":"","_tribe_ticket_show_description":"","_tribe_ticket_show_not_going":false,"_tribe_ticket_use_global_stock":"","_tribe_ticket_global_stock_level":"","_global_stock_mode":"","_global_stock_cap":"","_tribe_rsvp_for_event":"","_tribe_ticket_going_count":"","_tribe_ticket_not_going_count":"","_tribe_tickets_list":"[]","_tribe_ticket_has_attendee_info_fields":false,"footnotes":""},"categories":[17],"tags":[],"class_list":["post-8624","post","type-post","status-publish","format-standard","has-post-thumbnail","hentry","category-informacio"],"_links":{"self":[{"href":"https:\/\/bazilikabudapest.hu\/en\/wp-json\/wp\/v2\/posts\/8624","targetHints":{"allow":["GET"]}}],"collection":[{"href":"https:\/\/bazilikabudapest.hu\/en\/wp-json\/wp\/v2\/posts"}],"about":[{"href":"https:\/\/bazilikabudapest.hu\/en\/wp-json\/wp\/v2\/types\/post"}],"author":[{"embeddable":true,"href":"https:\/\/bazilikabudapest.hu\/en\/wp-json\/wp\/v2\/users\/6"}],"replies":[{"embeddable":true,"href":"https:\/\/bazilikabudapest.hu\/en\/wp-json\/wp\/v2\/comments?post=8624"}],"version-history":[{"count":10,"href":"https:\/\/bazilikabudapest.hu\/en\/wp-json\/wp\/v2\/posts\/8624\/revisions"}],"predecessor-version":[{"id":8635,"href":"https:\/\/bazilikabudapest.hu\/en\/wp-json\/wp\/v2\/posts\/8624\/revisions\/8635"}],"wp:featuredmedia":[{"embeddable":true,"href":"https:\/\/bazilikabudapest.hu\/en\/wp-json\/wp\/v2\/media\/8632"}],"wp:attachment":[{"href":"https:\/\/bazilikabudapest.hu\/en\/wp-json\/wp\/v2\/media?parent=8624"}],"wp:term":[{"taxonomy":"category","embeddable":true,"href":"https:\/\/bazilikabudapest.hu\/en\/wp-json\/wp\/v2\/categories?post=8624"},{"taxonomy":"post_tag","embeddable":true,"href":"https:\/\/bazilikabudapest.hu\/en\/wp-json\/wp\/v2\/tags?post=8624"}],"curies":[{"name":"wp","href":"https:\/\/api.w.org\/{rel}","templated":true}]}}