{"id":8671,"date":"2025-04-25T06:12:29","date_gmt":"2025-04-25T04:12:29","guid":{"rendered":"https:\/\/bazilikabudapest.hu\/?p=8671"},"modified":"2025-04-25T06:17:31","modified_gmt":"2025-04-25T04:17:31","slug":"mindszenty-50-orszagos-engesztelo-zarandoklat","status":"publish","type":"post","link":"https:\/\/bazilikabudapest.hu\/en\/2025\/04\/25\/mindszenty-50-orszagos-engesztelo-zarandoklat\/","title":{"rendered":"Mindszenty 50. Orsz\u00e1gos Engesztel\u0151 Zar\u00e1ndoklat Budapesten"},"content":{"rendered":"<p>Mindszenty b\u00edboros hal\u00e1l\u00e1nak 50-\u00e9vfordul\u00f3ja alkalm\u00e1b\u00f3l 2025. m\u00e1jus 3-\u00e1n, 10 \u00f3r\u00e1t\u00f3l itt a budapesti Szent Istv\u00e1n Bazilik\u00e1ban szentmis\u00e9t mutatunk be. Szentbesz\u00e9det mond Udvardy Gy\u00f6rgy veszpr\u00e9mi \u00e9rsek. Szeretettel v\u00e1runk mindenkit!<\/p>","protected":false},"excerpt":{"rendered":"<p>Mindszenty b\u00edboros hal\u00e1l\u00e1nak 50-\u00e9vfordul\u00f3ja alkalm\u00e1b\u00f3l 2025. m\u00e1jus 3-\u00e1n, 10 \u00f3r\u00e1t\u00f3l itt a budapesti Szent Istv\u00e1n Bazilik\u00e1ban szentmis\u00e9t mutatunk be. Szentbesz\u00e9det mond Udvardy Gy\u00f6rgy veszpr\u00e9mi \u00e9rsek. Szeretettel v\u00e1runk mindenkit!<\/p>","protected":false},"author":6,"featured_media":8672,"comment_status":"open","ping_status":"open","sticky":false,"template":"","format":"standard","meta":{"_price":"","_stock":"","_tribe_ticket_header":"","_tribe_default_ticket_provider":"","_tribe_ticket_capacity":"0","_ticket_start_date":"","_ticket_end_date":"","_tribe_ticket_show_description":"","_tribe_ticket_show_not_going":false,"_tribe_ticket_use_global_stock":"","_tribe_ticket_global_stock_level":"","_global_stock_mode":"","_global_stock_cap":"","_tribe_rsvp_for_event":"","_tribe_ticket_going_count":"","_tribe_ticket_not_going_count":"","_tribe_tickets_list":"[]","_tribe_ticket_has_attendee_info_fields":false,"footnotes":""},"categories":[17],"tags":[],"class_list":["post-8671","post","type-post","status-publish","format-standard","has-post-thumbnail","hentry","category-informacio"],"_links":{"self":[{"href":"https:\/\/bazilikabudapest.hu\/en\/wp-json\/wp\/v2\/posts\/8671","targetHints":{"allow":["GET"]}}],"collection":[{"href":"https:\/\/bazilikabudapest.hu\/en\/wp-json\/wp\/v2\/posts"}],"about":[{"href":"https:\/\/bazilikabudapest.hu\/en\/wp-json\/wp\/v2\/types\/post"}],"author":[{"embeddable":true,"href":"https:\/\/bazilikabudapest.hu\/en\/wp-json\/wp\/v2\/users\/6"}],"replies":[{"embeddable":true,"href":"https:\/\/bazilikabudapest.hu\/en\/wp-json\/wp\/v2\/comments?post=8671"}],"version-history":[{"count":3,"href":"https:\/\/bazilikabudapest.hu\/en\/wp-json\/wp\/v2\/posts\/8671\/revisions"}],"predecessor-version":[{"id":8675,"href":"https:\/\/bazilikabudapest.hu\/en\/wp-json\/wp\/v2\/posts\/8671\/revisions\/8675"}],"wp:featuredmedia":[{"embeddable":true,"href":"https:\/\/bazilikabudapest.hu\/en\/wp-json\/wp\/v2\/media\/8672"}],"wp:attachment":[{"href":"https:\/\/bazilikabudapest.hu\/en\/wp-json\/wp\/v2\/media?parent=8671"}],"wp:term":[{"taxonomy":"category","embeddable":true,"href":"https:\/\/bazilikabudapest.hu\/en\/wp-json\/wp\/v2\/categories?post=8671"},{"taxonomy":"post_tag","embeddable":true,"href":"https:\/\/bazilikabudapest.hu\/en\/wp-json\/wp\/v2\/tags?post=8671"}],"curies":[{"name":"wp","href":"https:\/\/api.w.org\/{rel}","templated":true}]}}