{"id":8708,"date":"2025-05-14T15:30:01","date_gmt":"2025-05-14T13:30:01","guid":{"rendered":"https:\/\/bazilikabudapest.hu\/?p=8708"},"modified":"2025-05-14T15:37:11","modified_gmt":"2025-05-14T13:37:11","slug":"habemus-papam","status":"publish","type":"post","link":"https:\/\/bazilikabudapest.hu\/en\/2025\/05\/14\/habemus-papam\/","title":{"rendered":"Habemus papam!"},"content":{"rendered":"<p>Habemus papam!\u201d, vagyis \u201eVan p\u00e1p\u00e1nk!\u201d:  XIV. Le\u00f3 n\u00e9ven. 2025 m\u00e1jus 8-\u00e1n p\u00e1r perccel 18-\u00f3ra ut\u00e1n felsz\u00e1llt a feh\u00e9r f\u00fcst \u00e9s megkondultak a Bazilika harangjai. <\/p>\n\n\n\n<p>Robert Francis Prevost 1955. szeptember 14-\u00e9n sz\u00fcletett Chicag\u00f3ban (Amerikai Egyes\u00fclt \u00c1llamok, Illinois \u00e1llam). Szent \u00c1goston rendj\u00e9be l\u00e9pett, majd 1981. augusztus 29-\u00e9n letette az \u00f6r\u00f6kfogadalmat.<\/p>\n\n\n\n<p>1987-ben teol\u00f3gi\u00e1b\u00f3l doktori fokozatot szerzett. 1988-ban Peruba, a trujill\u00f3i misszi\u00f3ba k\u00fcldt\u00e9k, hogy a Chulucanas, Iquitos \u00e9s Apur\u00edmac vikari\u00e1tusokban az \u00e1gostonos jel\u00f6ltek k\u00f6z\u00f6s k\u00e9pz\u00e9s\u00e9t vezesse. Ez a misszi\u00f3 11 \u00e9vig tartott, ezut\u00e1n kinevezt\u00e9k a chicag\u00f3i J\u00f3 Tan\u00e1cs Anyja tartom\u00e1ny perjel\u00e9v\u00e9, k\u00e9s\u0151bb pedig a rend \u00e1ltal\u00e1nos perjel\u00e9v\u00e9. \u00cdgy \u0151 lett a felel\u0151s az \u00c1goston-rend tervez\u00e9si \u00e9s ir\u00e1ny\u00edt\u00e1si folyamatai\u00e9rt.<\/p>\n\n\n\n<p>Ferenc p\u00e1pa 2014. november 3-\u00e1n kinevezte a perui chiclay\u00f3i egyh\u00e1zmegye apostoli korm\u00e1nyz\u00f3j\u00e1v\u00e1, \u00e9s ezzel szuf\u00e1ri c\u00edmzetes p\u00fcsp\u00f6ki m\u00e9lt\u00f3s\u00e1gra emelte. 2014. december 12-\u00e9n szentelt\u00e9k p\u00fcsp\u00f6kk\u00e9. A Szentatya 2020. \u00e1prilis 15-\u00e9n kinevezte a calla\u00f3i egyh\u00e1zmegye apostoli korm\u00e1nyz\u00f3j\u00e1v\u00e1, majd 2023-ban a P\u00fcsp\u00f6ki Dikaszt\u00e9rium prefektus\u00e1v\u00e1..<\/p>\n\n\n\n<figure class=\"wp-block-image size-large is-resized\"><img fetchpriority=\"high\" decoding=\"async\" width=\"694\" height=\"1024\" src=\"https:\/\/bazilikabudapest.hu\/wp-content\/uploads\/2025\/05\/IMG_7265-1-694x1024.jpg\" alt=\"\" class=\"wp-image-8711\" style=\"width:840px;height:auto\" srcset=\"https:\/\/bazilikabudapest.hu\/wp-content\/uploads\/2025\/05\/IMG_7265-1-694x1024.jpg 694w, https:\/\/bazilikabudapest.hu\/wp-content\/uploads\/2025\/05\/IMG_7265-1-203x300.jpg 203w, https:\/\/bazilikabudapest.hu\/wp-content\/uploads\/2025\/05\/IMG_7265-1-768x1133.jpg 768w, https:\/\/bazilikabudapest.hu\/wp-content\/uploads\/2025\/05\/IMG_7265-1-1041x1536.jpg 1041w, https:\/\/bazilikabudapest.hu\/wp-content\/uploads\/2025\/05\/IMG_7265-1-8x12.jpg 8w, https:\/\/bazilikabudapest.hu\/wp-content\/uploads\/2025\/05\/IMG_7265-1-415x612.jpg 415w, https:\/\/bazilikabudapest.hu\/wp-content\/uploads\/2025\/05\/IMG_7265-1-650x959.jpg 650w, https:\/\/bazilikabudapest.hu\/wp-content\/uploads\/2025\/05\/IMG_7265-1-250x369.jpg 250w, https:\/\/bazilikabudapest.hu\/wp-content\/uploads\/2025\/05\/IMG_7265-1.jpg 1388w\" sizes=\"(max-width: 694px) 100vw, 694px\" \/><\/figure>","protected":false},"excerpt":{"rendered":"<p>Habemus papam!\u201d, vagyis \u201eVan p\u00e1p\u00e1nk!\u201d: XIV. Le\u00f3 n\u00e9ven. 2025 m\u00e1jus 8-\u00e1n p\u00e1r perccel 18-\u00f3ra ut\u00e1n felsz\u00e1llt a feh\u00e9r f\u00fcst \u00e9s megkondultak a Bazilika harangjai. Robert Francis Prevost 1955. szeptember 14-\u00e9n sz\u00fcletett Chicag\u00f3ban (Amerikai Egyes\u00fclt \u00c1llamok, Illinois \u00e1llam). Szent \u00c1goston rendj\u00e9be l\u00e9pett, majd 1981. augusztus 29-\u00e9n letette az \u00f6r\u00f6kfogadalmat. 1987-ben teol\u00f3gi\u00e1b\u00f3l doktori fokozatot szerzett. 1988-ban Peruba, a trujill\u00f3i misszi\u00f3ba k\u00fcldt\u00e9k, hogy a Chulucanas, Iquitos \u00e9s Apur\u00edmac vikari\u00e1tusokban az \u00e1gostonos jel\u00f6ltek k\u00f6z\u00f6s k\u00e9pz\u00e9s\u00e9t vezesse. Ez a misszi\u00f3 11 \u00e9vig tartott, ezut\u00e1n kinevezt\u00e9k a chicag\u00f3i J\u00f3 Tan\u00e1cs Anyja tartom\u00e1ny perjel\u00e9v\u00e9, k\u00e9s\u0151bb pedig a&#8230;<\/p>","protected":false},"author":6,"featured_media":8713,"comment_status":"closed","ping_status":"closed","sticky":false,"template":"","format":"standard","meta":{"_price":"","_stock":"","_tribe_ticket_header":"","_tribe_default_ticket_provider":"","_tribe_ticket_capacity":"0","_ticket_start_date":"","_ticket_end_date":"","_tribe_ticket_show_description":"","_tribe_ticket_show_not_going":false,"_tribe_ticket_use_global_stock":"","_tribe_ticket_global_stock_level":"","_global_stock_mode":"","_global_stock_cap":"","_tribe_rsvp_for_event":"","_tribe_ticket_going_count":"","_tribe_ticket_not_going_count":"","_tribe_tickets_list":"[]","_tribe_ticket_has_attendee_info_fields":false,"footnotes":""},"categories":[17],"tags":[],"class_list":["post-8708","post","type-post","status-publish","format-standard","has-post-thumbnail","hentry","category-informacio"],"_links":{"self":[{"href":"https:\/\/bazilikabudapest.hu\/en\/wp-json\/wp\/v2\/posts\/8708","targetHints":{"allow":["GET"]}}],"collection":[{"href":"https:\/\/bazilikabudapest.hu\/en\/wp-json\/wp\/v2\/posts"}],"about":[{"href":"https:\/\/bazilikabudapest.hu\/en\/wp-json\/wp\/v2\/types\/post"}],"author":[{"embeddable":true,"href":"https:\/\/bazilikabudapest.hu\/en\/wp-json\/wp\/v2\/users\/6"}],"replies":[{"embeddable":true,"href":"https:\/\/bazilikabudapest.hu\/en\/wp-json\/wp\/v2\/comments?post=8708"}],"version-history":[{"count":3,"href":"https:\/\/bazilikabudapest.hu\/en\/wp-json\/wp\/v2\/posts\/8708\/revisions"}],"predecessor-version":[{"id":8714,"href":"https:\/\/bazilikabudapest.hu\/en\/wp-json\/wp\/v2\/posts\/8708\/revisions\/8714"}],"wp:featuredmedia":[{"embeddable":true,"href":"https:\/\/bazilikabudapest.hu\/en\/wp-json\/wp\/v2\/media\/8713"}],"wp:attachment":[{"href":"https:\/\/bazilikabudapest.hu\/en\/wp-json\/wp\/v2\/media?parent=8708"}],"wp:term":[{"taxonomy":"category","embeddable":true,"href":"https:\/\/bazilikabudapest.hu\/en\/wp-json\/wp\/v2\/categories?post=8708"},{"taxonomy":"post_tag","embeddable":true,"href":"https:\/\/bazilikabudapest.hu\/en\/wp-json\/wp\/v2\/tags?post=8708"}],"curies":[{"name":"wp","href":"https:\/\/api.w.org\/{rel}","templated":true}]}}