{"id":8718,"date":"2025-05-17T10:22:56","date_gmt":"2025-05-17T08:22:56","guid":{"rendered":"https:\/\/bazilikabudapest.hu\/?p=8718"},"modified":"2025-05-17T10:22:56","modified_gmt":"2025-05-17T08:22:56","slug":"mariat-dicserni-hivek-jojjetek","status":"publish","type":"post","link":"https:\/\/bazilikabudapest.hu\/en\/2025\/05\/17\/mariat-dicserni-hivek-jojjetek\/","title":{"rendered":"&#8222;M\u00e1ri\u00e1t dics\u00e9rni h\u00edvek j\u00f6jjetek&#8230;&#8221;"},"content":{"rendered":"<p>M\u00e1jus h\u00f3napban minden nap este 17:30-kor egy\u00fctt <strong>im\u00e1dkozzuk a Loret\u00f3i lit\u00e1ni\u00e1t a Sz\u0171zanya tisztelet\u00e9re<\/strong> a M\u00e1ria k\u00e1poln\u00e1ban, melyre szeretettel h\u00edvjuk \u00e9s v\u00e1rjuk a kedves testv\u00e9reket.\u00a0<\/p>\n\n\n<div class=\"wp-block-image\">\n<figure class=\"aligncenter size-full\"><img fetchpriority=\"high\" decoding=\"async\" width=\"800\" height=\"479\" src=\"https:\/\/bazilikabudapest.hu\/wp-content\/uploads\/2025\/05\/szuzmaria-1-1.jpg\" alt=\"\" class=\"wp-image-8720\" srcset=\"https:\/\/bazilikabudapest.hu\/wp-content\/uploads\/2025\/05\/szuzmaria-1-1.jpg 800w, https:\/\/bazilikabudapest.hu\/wp-content\/uploads\/2025\/05\/szuzmaria-1-1-300x180.jpg 300w, https:\/\/bazilikabudapest.hu\/wp-content\/uploads\/2025\/05\/szuzmaria-1-1-768x460.jpg 768w, https:\/\/bazilikabudapest.hu\/wp-content\/uploads\/2025\/05\/szuzmaria-1-1-18x12.jpg 18w, https:\/\/bazilikabudapest.hu\/wp-content\/uploads\/2025\/05\/szuzmaria-1-1-415x248.jpg 415w, https:\/\/bazilikabudapest.hu\/wp-content\/uploads\/2025\/05\/szuzmaria-1-1-650x389.jpg 650w, https:\/\/bazilikabudapest.hu\/wp-content\/uploads\/2025\/05\/szuzmaria-1-1-250x150.jpg 250w\" sizes=\"(max-width: 800px) 100vw, 800px\" \/><\/figure>\n<\/div>","protected":false},"excerpt":{"rendered":"<p>M\u00e1jus h\u00f3napban minden nap este 17:30-kor egy\u00fctt im\u00e1dkozzuk a Loret\u00f3i lit\u00e1ni\u00e1t a Sz\u0171zanya tisztelet\u00e9re a M\u00e1ria k\u00e1poln\u00e1ban, melyre szeretettel h\u00edvjuk \u00e9s v\u00e1rjuk a kedves testv\u00e9reket.\u00a0<\/p>","protected":false},"author":6,"featured_media":8719,"comment_status":"closed","ping_status":"closed","sticky":false,"template":"","format":"standard","meta":{"_price":"","_stock":"","_tribe_ticket_header":"","_tribe_default_ticket_provider":"","_tribe_ticket_capacity":"0","_ticket_start_date":"","_ticket_end_date":"","_tribe_ticket_show_description":"","_tribe_ticket_show_not_going":false,"_tribe_ticket_use_global_stock":"","_tribe_ticket_global_stock_level":"","_global_stock_mode":"","_global_stock_cap":"","_tribe_rsvp_for_event":"","_tribe_ticket_going_count":"","_tribe_ticket_not_going_count":"","_tribe_tickets_list":"[]","_tribe_ticket_has_attendee_info_fields":false,"footnotes":""},"categories":[17],"tags":[],"class_list":["post-8718","post","type-post","status-publish","format-standard","has-post-thumbnail","hentry","category-informacio"],"_links":{"self":[{"href":"https:\/\/bazilikabudapest.hu\/en\/wp-json\/wp\/v2\/posts\/8718","targetHints":{"allow":["GET"]}}],"collection":[{"href":"https:\/\/bazilikabudapest.hu\/en\/wp-json\/wp\/v2\/posts"}],"about":[{"href":"https:\/\/bazilikabudapest.hu\/en\/wp-json\/wp\/v2\/types\/post"}],"author":[{"embeddable":true,"href":"https:\/\/bazilikabudapest.hu\/en\/wp-json\/wp\/v2\/users\/6"}],"replies":[{"embeddable":true,"href":"https:\/\/bazilikabudapest.hu\/en\/wp-json\/wp\/v2\/comments?post=8718"}],"version-history":[{"count":1,"href":"https:\/\/bazilikabudapest.hu\/en\/wp-json\/wp\/v2\/posts\/8718\/revisions"}],"predecessor-version":[{"id":8721,"href":"https:\/\/bazilikabudapest.hu\/en\/wp-json\/wp\/v2\/posts\/8718\/revisions\/8721"}],"wp:featuredmedia":[{"embeddable":true,"href":"https:\/\/bazilikabudapest.hu\/en\/wp-json\/wp\/v2\/media\/8719"}],"wp:attachment":[{"href":"https:\/\/bazilikabudapest.hu\/en\/wp-json\/wp\/v2\/media?parent=8718"}],"wp:term":[{"taxonomy":"category","embeddable":true,"href":"https:\/\/bazilikabudapest.hu\/en\/wp-json\/wp\/v2\/categories?post=8718"},{"taxonomy":"post_tag","embeddable":true,"href":"https:\/\/bazilikabudapest.hu\/en\/wp-json\/wp\/v2\/tags?post=8718"}],"curies":[{"name":"wp","href":"https:\/\/api.w.org\/{rel}","templated":true}]}}