{"id":8737,"date":"2025-05-24T13:08:00","date_gmt":"2025-05-24T11:08:00","guid":{"rendered":"https:\/\/bazilikabudapest.hu\/?p=8737"},"modified":"2025-05-24T13:08:00","modified_gmt":"2025-05-24T11:08:00","slug":"szent-jobb-unnepe","status":"publish","type":"post","link":"https:\/\/bazilikabudapest.hu\/en\/2025\/05\/24\/szent-jobb-unnepe\/","title":{"rendered":"Szent Jobb \u00fcnnepe"},"content":{"rendered":"<p>2025. m\u00e1jus 30-\u00e1n p\u00e9nteken a Szent Jobb \u00e1tvitel\u00e9nek napj\u00e1n, a Bazilika kisb\u00facs\u00faj\u00e1n este 18:00-\u00f3rakor Gregori\u00e1n \u00e9s N\u00e9p\u00e9nekes p\u00fcsp\u00f6ki nagymise lesz.\u00a0 A Szent Jobb Erekly\u00e9t a Bazilika Szent\u00e9ly\u00e9ben helyezz\u00fck el. A mis\u00e9n k\u00f6zrem\u0171k\u00f6dnek a Ward M\u00e1ria Zenem\u0171v\u00e9szeti Szakgimn\u00e1zium egyh\u00e1zzene \u00e9s n\u00e9pzene tagozata, a Szent Ang\u00e9la Ferences Gimn\u00e1zium \u00e9nekesei \u00e9s a Magyar Teker\u0151zenekar \u00e9s Virtus dudazenekar hangszeresei \u00e9s \u00e9nekesei. Nemzeti Erekly\u00e9nket a Szent Korona d\u00edsz\u0151rs\u00e9ge k\u00eds\u00e9ri.<\/p>\n\n\n<div class=\"wp-block-image\">\n<figure class=\"aligncenter size-full is-resized\"><img fetchpriority=\"high\" decoding=\"async\" width=\"1683\" height=\"2381\" src=\"https:\/\/bazilikabudapest.hu\/wp-content\/uploads\/2025\/05\/meghivo-jpg.jpg\" alt=\"\" class=\"wp-image-8739\" style=\"width:730px;height:auto\" srcset=\"https:\/\/bazilikabudapest.hu\/wp-content\/uploads\/2025\/05\/meghivo-jpg.jpg 1683w, https:\/\/bazilikabudapest.hu\/wp-content\/uploads\/2025\/05\/meghivo-jpg-212x300.jpg 212w, https:\/\/bazilikabudapest.hu\/wp-content\/uploads\/2025\/05\/meghivo-jpg-724x1024.jpg 724w, https:\/\/bazilikabudapest.hu\/wp-content\/uploads\/2025\/05\/meghivo-jpg-768x1087.jpg 768w, https:\/\/bazilikabudapest.hu\/wp-content\/uploads\/2025\/05\/meghivo-jpg-1086x1536.jpg 1086w, https:\/\/bazilikabudapest.hu\/wp-content\/uploads\/2025\/05\/meghivo-jpg-1448x2048.jpg 1448w, https:\/\/bazilikabudapest.hu\/wp-content\/uploads\/2025\/05\/meghivo-jpg-8x12.jpg 8w, https:\/\/bazilikabudapest.hu\/wp-content\/uploads\/2025\/05\/meghivo-jpg-415x587.jpg 415w, https:\/\/bazilikabudapest.hu\/wp-content\/uploads\/2025\/05\/meghivo-jpg-650x920.jpg 650w, https:\/\/bazilikabudapest.hu\/wp-content\/uploads\/2025\/05\/meghivo-jpg-250x354.jpg 250w\" sizes=\"(max-width: 1683px) 100vw, 1683px\" \/><\/figure>\n<\/div>","protected":false},"excerpt":{"rendered":"<p>2025. m\u00e1jus 30-\u00e1n p\u00e9nteken a Szent Jobb \u00e1tvitel\u00e9nek napj\u00e1n, a Bazilika kisb\u00facs\u00faj\u00e1n este 18:00-\u00f3rakor Gregori\u00e1n \u00e9s N\u00e9p\u00e9nekes p\u00fcsp\u00f6ki nagymise lesz.\u00a0 A Szent Jobb Erekly\u00e9t a Bazilika Szent\u00e9ly\u00e9ben helyezz\u00fck el. A mis\u00e9n k\u00f6zrem\u0171k\u00f6dnek a Ward M\u00e1ria Zenem\u0171v\u00e9szeti Szakgimn\u00e1zium egyh\u00e1zzene \u00e9s n\u00e9pzene tagozata, a Szent Ang\u00e9la Ferences Gimn\u00e1zium \u00e9nekesei \u00e9s a Magyar Teker\u0151zenekar \u00e9s Virtus dudazenekar hangszeresei \u00e9s \u00e9nekesei. Nemzeti Erekly\u00e9nket a Szent Korona d\u00edsz\u0151rs\u00e9ge k\u00eds\u00e9ri.<\/p>","protected":false},"author":6,"featured_media":8738,"comment_status":"closed","ping_status":"closed","sticky":false,"template":"","format":"standard","meta":{"_price":"","_stock":"","_tribe_ticket_header":"","_tribe_default_ticket_provider":"","_tribe_ticket_capacity":"0","_ticket_start_date":"","_ticket_end_date":"","_tribe_ticket_show_description":"","_tribe_ticket_show_not_going":false,"_tribe_ticket_use_global_stock":"","_tribe_ticket_global_stock_level":"","_global_stock_mode":"","_global_stock_cap":"","_tribe_rsvp_for_event":"","_tribe_ticket_going_count":"","_tribe_ticket_not_going_count":"","_tribe_tickets_list":"[]","_tribe_ticket_has_attendee_info_fields":false,"footnotes":""},"categories":[17],"tags":[],"class_list":["post-8737","post","type-post","status-publish","format-standard","has-post-thumbnail","hentry","category-informacio"],"_links":{"self":[{"href":"https:\/\/bazilikabudapest.hu\/en\/wp-json\/wp\/v2\/posts\/8737","targetHints":{"allow":["GET"]}}],"collection":[{"href":"https:\/\/bazilikabudapest.hu\/en\/wp-json\/wp\/v2\/posts"}],"about":[{"href":"https:\/\/bazilikabudapest.hu\/en\/wp-json\/wp\/v2\/types\/post"}],"author":[{"embeddable":true,"href":"https:\/\/bazilikabudapest.hu\/en\/wp-json\/wp\/v2\/users\/6"}],"replies":[{"embeddable":true,"href":"https:\/\/bazilikabudapest.hu\/en\/wp-json\/wp\/v2\/comments?post=8737"}],"version-history":[{"count":1,"href":"https:\/\/bazilikabudapest.hu\/en\/wp-json\/wp\/v2\/posts\/8737\/revisions"}],"predecessor-version":[{"id":8740,"href":"https:\/\/bazilikabudapest.hu\/en\/wp-json\/wp\/v2\/posts\/8737\/revisions\/8740"}],"wp:featuredmedia":[{"embeddable":true,"href":"https:\/\/bazilikabudapest.hu\/en\/wp-json\/wp\/v2\/media\/8738"}],"wp:attachment":[{"href":"https:\/\/bazilikabudapest.hu\/en\/wp-json\/wp\/v2\/media?parent=8737"}],"wp:term":[{"taxonomy":"category","embeddable":true,"href":"https:\/\/bazilikabudapest.hu\/en\/wp-json\/wp\/v2\/categories?post=8737"},{"taxonomy":"post_tag","embeddable":true,"href":"https:\/\/bazilikabudapest.hu\/en\/wp-json\/wp\/v2\/tags?post=8737"}],"curies":[{"name":"wp","href":"https:\/\/api.w.org\/{rel}","templated":true}]}}