{"id":8745,"date":"2025-05-26T08:40:31","date_gmt":"2025-05-26T06:40:31","guid":{"rendered":"https:\/\/bazilikabudapest.hu\/?p=8745"},"modified":"2025-05-26T08:40:31","modified_gmt":"2025-05-26T06:40:31","slug":"karitaszklubnap","status":"publish","type":"post","link":"https:\/\/bazilikabudapest.hu\/en\/2025\/05\/26\/karitaszklubnap\/","title":{"rendered":"Karit\u00e1szklubnap"},"content":{"rendered":"<p class=\"has-text-align-center\">Szeretettel megh\u00edvjuk klubnapunkra!<\/p>\n\n\n\n<p class=\"has-text-align-center\">Id\u0151pont: 2025. m\u00e1jus 31. szombat 15 \u00f3ra<\/p>\n\n\n\n<p class=\"has-text-align-center\">El\u0151ad\u00f3<br>Szentgy\u00f6rgyv\u00f6lgyi G\u00e1bor<br>Belv\u00e1ros-Lip\u00f3tv\u00e1ros \u00f6nkorm\u00e1nyzati<br>k\u00e9pvisel\u0151je<\/p>\n\n\n\n<p class=\"has-text-align-center\">T\u00e9ma<br>Az \u00d6nkorm\u00e1nyzat kapcsolatai k\u00fcl\u00f6n\u00f6s<br>tekintettel az egyh\u00e1zi kapcsolatokra<\/p>\n\n\n\n<p class=\"has-text-align-center\">Helysz\u00edn: Szent Istv\u00e1n Bazilika M\u00e1ria terme<\/p>\n\n\n\n<p class=\"has-text-align-center\">C\u00edm: Bp. Szent Istv\u00e1n t\u00e9r 1.<br>(Bej\u00e1rat a Bajcsy-Zsilinszky \u00fat fel\u0151l)\u00a0<\/p>\n\n\n<div class=\"wp-block-image\">\n<figure class=\"aligncenter\"><img decoding=\"async\" src=\"https:\/\/mail.google.com\/mail\/u\/0?ui=2&amp;ik=332a51da66&amp;attid=0.1&amp;permmsgid=msg-a:r-8509476622691566756&amp;th=1970b4c2a4c3bee5&amp;view=fimg&amp;fur=ip&amp;permmsgid=msg-a:r-8509476622691566756&amp;sz=s0-l75-ft&amp;attbid=ANGjdJ8Zco_g4oz2UTIJ0PBZJiZwldJlEpaooYCoEz6zk3p7h5ox7DxUb7x_xHVbaPsgVy9R_DWJEi_X2DUGrWXdvX3p60it1qbeCaLCzJn-oRAl0HzlpY1f7-kdF2o&amp;disp=emb&amp;realattid=9E253909-ED56-4687-9B93-4CA4F70D887C&amp;zw\" alt=\"\"\/><\/figure>\n<\/div>","protected":false},"excerpt":{"rendered":"<p>Szeretettel megh\u00edvjuk klubnapunkra! Id\u0151pont: 2025. m\u00e1jus 31. szombat 15 \u00f3ra El\u0151ad\u00f3Szentgy\u00f6rgyv\u00f6lgyi G\u00e1borBelv\u00e1ros-Lip\u00f3tv\u00e1ros \u00f6nkorm\u00e1nyzatik\u00e9pvisel\u0151je T\u00e9maAz \u00d6nkorm\u00e1nyzat kapcsolatai k\u00fcl\u00f6n\u00f6stekintettel az egyh\u00e1zi kapcsolatokra Helysz\u00edn: Szent Istv\u00e1n Bazilika M\u00e1ria terme C\u00edm: Bp. Szent Istv\u00e1n t\u00e9r 1.(Bej\u00e1rat a Bajcsy-Zsilinszky \u00fat fel\u0151l)\u00a0<\/p>","protected":false},"author":6,"featured_media":8748,"comment_status":"closed","ping_status":"closed","sticky":false,"template":"","format":"standard","meta":{"_price":"","_stock":"","_tribe_ticket_header":"","_tribe_default_ticket_provider":"","_tribe_ticket_capacity":"0","_ticket_start_date":"","_ticket_end_date":"","_tribe_ticket_show_description":"","_tribe_ticket_show_not_going":false,"_tribe_ticket_use_global_stock":"","_tribe_ticket_global_stock_level":"","_global_stock_mode":"","_global_stock_cap":"","_tribe_rsvp_for_event":"","_tribe_ticket_going_count":"","_tribe_ticket_not_going_count":"","_tribe_tickets_list":"[]","_tribe_ticket_has_attendee_info_fields":false,"footnotes":""},"categories":[17],"tags":[],"class_list":["post-8745","post","type-post","status-publish","format-standard","has-post-thumbnail","hentry","category-informacio"],"_links":{"self":[{"href":"https:\/\/bazilikabudapest.hu\/en\/wp-json\/wp\/v2\/posts\/8745","targetHints":{"allow":["GET"]}}],"collection":[{"href":"https:\/\/bazilikabudapest.hu\/en\/wp-json\/wp\/v2\/posts"}],"about":[{"href":"https:\/\/bazilikabudapest.hu\/en\/wp-json\/wp\/v2\/types\/post"}],"author":[{"embeddable":true,"href":"https:\/\/bazilikabudapest.hu\/en\/wp-json\/wp\/v2\/users\/6"}],"replies":[{"embeddable":true,"href":"https:\/\/bazilikabudapest.hu\/en\/wp-json\/wp\/v2\/comments?post=8745"}],"version-history":[{"count":1,"href":"https:\/\/bazilikabudapest.hu\/en\/wp-json\/wp\/v2\/posts\/8745\/revisions"}],"predecessor-version":[{"id":8746,"href":"https:\/\/bazilikabudapest.hu\/en\/wp-json\/wp\/v2\/posts\/8745\/revisions\/8746"}],"wp:featuredmedia":[{"embeddable":true,"href":"https:\/\/bazilikabudapest.hu\/en\/wp-json\/wp\/v2\/media\/8748"}],"wp:attachment":[{"href":"https:\/\/bazilikabudapest.hu\/en\/wp-json\/wp\/v2\/media?parent=8745"}],"wp:term":[{"taxonomy":"category","embeddable":true,"href":"https:\/\/bazilikabudapest.hu\/en\/wp-json\/wp\/v2\/categories?post=8745"},{"taxonomy":"post_tag","embeddable":true,"href":"https:\/\/bazilikabudapest.hu\/en\/wp-json\/wp\/v2\/tags?post=8745"}],"curies":[{"name":"wp","href":"https:\/\/api.w.org\/{rel}","templated":true}]}}