{"id":8753,"date":"2025-05-30T15:57:22","date_gmt":"2025-05-30T13:57:22","guid":{"rendered":"https:\/\/bazilikabudapest.hu\/?p=8753"},"modified":"2025-05-30T15:58:55","modified_gmt":"2025-05-30T13:58:55","slug":"modositott-nyitvatartas-a-szent-istvan-bazilikaban-2025-junius","status":"publish","type":"post","link":"https:\/\/bazilikabudapest.hu\/en\/2025\/05\/30\/modositott-nyitvatartas-a-szent-istvan-bazilikaban-2025-junius\/","title":{"rendered":"Modified opening hoursin the St. Stephen's Basilica - June 2025"},"content":{"rendered":"<p>In June 2025 due to liturgical events the St. Stephen's Basilica will have modified opening hours for tourists on the following days. Please check it before visiting.<\/p>\n\n\n\n<h5 class=\"wp-block-heading\">3rd of June<\/h5>\n\n\n\n<ul class=\"wp-block-list\">\n<li>Church hall, Panoramic terrace and treasury: 9:00-16:30<\/li>\n\n\n\n<li>Ticket office: 9:00-16:00<\/li>\n<\/ul>\n\n\n\n<h5 class=\"wp-block-heading\">14th of June<\/h5>\n\n\n\n<ul class=\"wp-block-list\">\n<li>Church hall: 13:00-17:45<\/li>\n\n\n\n<li>Panoramic terrace and treasury: 13:00-19:00<\/li>\n\n\n\n<li>Ticket office: 13:00-18:30<\/li>\n<\/ul>\n\n\n\n<h5 class=\"wp-block-heading\">22nd of June<\/h5>\n\n\n\n<ul class=\"wp-block-list\">\n<li>Church hall: 13:00-17:45<\/li>\n\n\n\n<li>Panoramic terrace and treasury: 13:00-19:00<\/li>\n\n\n\n<li>Ticket office: 13:00-18:30<\/li>\n<\/ul>\n\n\n\n<h5 class=\"wp-block-heading\">28th of June<\/h5>\n\n\n\n<ul class=\"wp-block-list\">\n<li>Church hall: 14:30-17:45<\/li>\n\n\n\n<li>Panoramic terrace and treasury: 13:00-19:00<\/li>\n\n\n\n<li>Ticket office: 13:00-18:30<\/li>\n<\/ul>\n\n\n\n<p><\/p>","protected":false},"excerpt":{"rendered":"<p>Liturgikus esem\u00e9nyek miatt 2025. j\u00fanius\u00e1ban a Szent Istv\u00e1n Bazilika az al\u00e1bbi napokon m\u00f3dos\u00edtott turisztikai nyitvatart\u00e1ssal dolgozik. K\u00e9rj\u00fck, l\u00e1togat\u00e1s el\u0151tt t\u00e1j\u00e9koz\u00f3djanak. J\u00fanius 3., kedd J\u00fanius 14., szombat J\u00fanius 22., vas\u00e1rnap J\u00fanius 28., szombat<\/p>","protected":false},"author":5,"featured_media":8759,"comment_status":"open","ping_status":"open","sticky":false,"template":"","format":"standard","meta":{"_price":"","_stock":"","_tribe_ticket_header":"","_tribe_default_ticket_provider":"","_tribe_ticket_capacity":"0","_ticket_start_date":"","_ticket_end_date":"","_tribe_ticket_show_description":"","_tribe_ticket_show_not_going":false,"_tribe_ticket_use_global_stock":"","_tribe_ticket_global_stock_level":"","_global_stock_mode":"","_global_stock_cap":"","_tribe_rsvp_for_event":"","_tribe_ticket_going_count":"","_tribe_ticket_not_going_count":"","_tribe_tickets_list":"[]","_tribe_ticket_has_attendee_info_fields":false,"footnotes":""},"categories":[17],"tags":[],"class_list":["post-8753","post","type-post","status-publish","format-standard","has-post-thumbnail","hentry","category-informacio"],"_links":{"self":[{"href":"https:\/\/bazilikabudapest.hu\/en\/wp-json\/wp\/v2\/posts\/8753","targetHints":{"allow":["GET"]}}],"collection":[{"href":"https:\/\/bazilikabudapest.hu\/en\/wp-json\/wp\/v2\/posts"}],"about":[{"href":"https:\/\/bazilikabudapest.hu\/en\/wp-json\/wp\/v2\/types\/post"}],"author":[{"embeddable":true,"href":"https:\/\/bazilikabudapest.hu\/en\/wp-json\/wp\/v2\/users\/5"}],"replies":[{"embeddable":true,"href":"https:\/\/bazilikabudapest.hu\/en\/wp-json\/wp\/v2\/comments?post=8753"}],"version-history":[{"count":4,"href":"https:\/\/bazilikabudapest.hu\/en\/wp-json\/wp\/v2\/posts\/8753\/revisions"}],"predecessor-version":[{"id":9113,"href":"https:\/\/bazilikabudapest.hu\/en\/wp-json\/wp\/v2\/posts\/8753\/revisions\/9113"}],"wp:featuredmedia":[{"embeddable":true,"href":"https:\/\/bazilikabudapest.hu\/en\/wp-json\/wp\/v2\/media\/8759"}],"wp:attachment":[{"href":"https:\/\/bazilikabudapest.hu\/en\/wp-json\/wp\/v2\/media?parent=8753"}],"wp:term":[{"taxonomy":"category","embeddable":true,"href":"https:\/\/bazilikabudapest.hu\/en\/wp-json\/wp\/v2\/categories?post=8753"},{"taxonomy":"post_tag","embeddable":true,"href":"https:\/\/bazilikabudapest.hu\/en\/wp-json\/wp\/v2\/tags?post=8753"}],"curies":[{"name":"wp","href":"https:\/\/api.w.org\/{rel}","templated":true}]}}