{"id":8763,"date":"2025-05-31T12:47:45","date_gmt":"2025-05-31T10:47:45","guid":{"rendered":"https:\/\/bazilikabudapest.hu\/?p=8763"},"modified":"2025-05-31T12:47:45","modified_gmt":"2025-05-31T10:47:45","slug":"mkpk-tagjai-halaado-szentmiset-mutatnak-be-xiv-leo-papa-megvalasztasaert","status":"publish","type":"post","link":"https:\/\/bazilikabudapest.hu\/en\/2025\/05\/31\/mkpk-tagjai-halaado-szentmiset-mutatnak-be-xiv-leo-papa-megvalasztasaert\/","title":{"rendered":"MKPK tagjai h\u00e1laad\u00f3 szentmis\u00e9t mutatnak be XIV. Le\u00f3 p\u00e1pa megv\u00e1laszt\u00e1s\u00e1\u00e9rt"},"content":{"rendered":"<p class=\"has-text-align-center\">Magyar Katolikus P\u00fcsp\u00f6ki Konferencia tagjai Erd\u0151 P\u00e9ter b\u00edboros, pr\u00edm\u00e1s vezet\u00e9s\u00e9vel h\u00e1laad\u00f3 szentmis\u00e9t mutatnak be XIV. Le\u00f3 p\u00e1pa megv\u00e1laszt\u00e1s\u00e1\u00e9rt j\u00fanius 3-\u00e1n, kedden 18 \u00f3rakor a budapesti Szent Istv\u00e1n-bazilik\u00e1ban.<\/p>\n\n\n\n<p class=\"has-text-align-center\"><br><\/p>\n\n\n<div class=\"wp-block-image\">\n<figure class=\"aligncenter size-full\"><img fetchpriority=\"high\" decoding=\"async\" width=\"500\" height=\"261\" src=\"https:\/\/bazilikabudapest.hu\/wp-content\/uploads\/2025\/05\/leo-pp.jpg\" alt=\"\" class=\"wp-image-8764\" srcset=\"https:\/\/bazilikabudapest.hu\/wp-content\/uploads\/2025\/05\/leo-pp.jpg 500w, https:\/\/bazilikabudapest.hu\/wp-content\/uploads\/2025\/05\/leo-pp-300x157.jpg 300w, https:\/\/bazilikabudapest.hu\/wp-content\/uploads\/2025\/05\/leo-pp-18x9.jpg 18w, https:\/\/bazilikabudapest.hu\/wp-content\/uploads\/2025\/05\/leo-pp-415x217.jpg 415w, https:\/\/bazilikabudapest.hu\/wp-content\/uploads\/2025\/05\/leo-pp-250x131.jpg 250w\" sizes=\"(max-width: 500px) 100vw, 500px\" \/><\/figure>\n<\/div>","protected":false},"excerpt":{"rendered":"<p>Magyar Katolikus P\u00fcsp\u00f6ki Konferencia tagjai Erd\u0151 P\u00e9ter b\u00edboros, pr\u00edm\u00e1s vezet\u00e9s\u00e9vel h\u00e1laad\u00f3 szentmis\u00e9t mutatnak be XIV. Le\u00f3 p\u00e1pa megv\u00e1laszt\u00e1s\u00e1\u00e9rt j\u00fanius 3-\u00e1n, kedden 18 \u00f3rakor a budapesti Szent Istv\u00e1n-bazilik\u00e1ban.<\/p>","protected":false},"author":6,"featured_media":8764,"comment_status":"closed","ping_status":"closed","sticky":false,"template":"","format":"standard","meta":{"_price":"","_stock":"","_tribe_ticket_header":"","_tribe_default_ticket_provider":"","_tribe_ticket_capacity":"0","_ticket_start_date":"","_ticket_end_date":"","_tribe_ticket_show_description":"","_tribe_ticket_show_not_going":false,"_tribe_ticket_use_global_stock":"","_tribe_ticket_global_stock_level":"","_global_stock_mode":"","_global_stock_cap":"","_tribe_rsvp_for_event":"","_tribe_ticket_going_count":"","_tribe_ticket_not_going_count":"","_tribe_tickets_list":"[]","_tribe_ticket_has_attendee_info_fields":false,"footnotes":""},"categories":[17],"tags":[],"class_list":["post-8763","post","type-post","status-publish","format-standard","has-post-thumbnail","hentry","category-informacio"],"_links":{"self":[{"href":"https:\/\/bazilikabudapest.hu\/en\/wp-json\/wp\/v2\/posts\/8763","targetHints":{"allow":["GET"]}}],"collection":[{"href":"https:\/\/bazilikabudapest.hu\/en\/wp-json\/wp\/v2\/posts"}],"about":[{"href":"https:\/\/bazilikabudapest.hu\/en\/wp-json\/wp\/v2\/types\/post"}],"author":[{"embeddable":true,"href":"https:\/\/bazilikabudapest.hu\/en\/wp-json\/wp\/v2\/users\/6"}],"replies":[{"embeddable":true,"href":"https:\/\/bazilikabudapest.hu\/en\/wp-json\/wp\/v2\/comments?post=8763"}],"version-history":[{"count":1,"href":"https:\/\/bazilikabudapest.hu\/en\/wp-json\/wp\/v2\/posts\/8763\/revisions"}],"predecessor-version":[{"id":8765,"href":"https:\/\/bazilikabudapest.hu\/en\/wp-json\/wp\/v2\/posts\/8763\/revisions\/8765"}],"wp:featuredmedia":[{"embeddable":true,"href":"https:\/\/bazilikabudapest.hu\/en\/wp-json\/wp\/v2\/media\/8764"}],"wp:attachment":[{"href":"https:\/\/bazilikabudapest.hu\/en\/wp-json\/wp\/v2\/media?parent=8763"}],"wp:term":[{"taxonomy":"category","embeddable":true,"href":"https:\/\/bazilikabudapest.hu\/en\/wp-json\/wp\/v2\/categories?post=8763"},{"taxonomy":"post_tag","embeddable":true,"href":"https:\/\/bazilikabudapest.hu\/en\/wp-json\/wp\/v2\/tags?post=8763"}],"curies":[{"name":"wp","href":"https:\/\/api.w.org\/{rel}","templated":true}]}}