{"id":8946,"date":"2025-06-17T15:48:10","date_gmt":"2025-06-17T13:48:10","guid":{"rendered":"https:\/\/bazilikabudapest.hu\/?p=8946"},"modified":"2025-06-17T15:49:26","modified_gmt":"2025-06-17T13:49:26","slug":"ima-a-bekeert-3","status":"publish","type":"post","link":"https:\/\/bazilikabudapest.hu\/en\/2025\/06\/17\/ima-a-bekeert-3\/","title":{"rendered":"Ima a B\u00e9k\u00e9\u00e9rt"},"content":{"rendered":"<p>Mindenkit szeretettel v\u00e1runk szombaton, j\u00fanius 21-\u00e9n, 19 \u00f3r\u00e1t\u00f3l a Szent Istv\u00e1n Bazilik\u00e1ban, az im\u00e1t vezeti Dr. Kov\u00e1cs Zolt\u00e1n mariol\u00f3gus professzor atya.<\/p>\n\n\n<div class=\"wp-block-image\">\n<figure class=\"aligncenter size-full\"><img fetchpriority=\"high\" decoding=\"async\" width=\"1448\" height=\"2048\" src=\"https:\/\/bazilikabudapest.hu\/wp-content\/uploads\/2025\/06\/506756645_750964907604525_7291460292290076587_n.jpg\" alt=\"\" class=\"wp-image-8947\" srcset=\"https:\/\/bazilikabudapest.hu\/wp-content\/uploads\/2025\/06\/506756645_750964907604525_7291460292290076587_n.jpg 1448w, https:\/\/bazilikabudapest.hu\/wp-content\/uploads\/2025\/06\/506756645_750964907604525_7291460292290076587_n-212x300.jpg 212w, https:\/\/bazilikabudapest.hu\/wp-content\/uploads\/2025\/06\/506756645_750964907604525_7291460292290076587_n-724x1024.jpg 724w, https:\/\/bazilikabudapest.hu\/wp-content\/uploads\/2025\/06\/506756645_750964907604525_7291460292290076587_n-768x1086.jpg 768w, https:\/\/bazilikabudapest.hu\/wp-content\/uploads\/2025\/06\/506756645_750964907604525_7291460292290076587_n-1086x1536.jpg 1086w, https:\/\/bazilikabudapest.hu\/wp-content\/uploads\/2025\/06\/506756645_750964907604525_7291460292290076587_n-8x12.jpg 8w, https:\/\/bazilikabudapest.hu\/wp-content\/uploads\/2025\/06\/506756645_750964907604525_7291460292290076587_n-415x587.jpg 415w, https:\/\/bazilikabudapest.hu\/wp-content\/uploads\/2025\/06\/506756645_750964907604525_7291460292290076587_n-650x919.jpg 650w, https:\/\/bazilikabudapest.hu\/wp-content\/uploads\/2025\/06\/506756645_750964907604525_7291460292290076587_n-250x354.jpg 250w\" sizes=\"(max-width: 1448px) 100vw, 1448px\" \/><\/figure>\n<\/div>","protected":false},"excerpt":{"rendered":"<p>Mindenkit szeretettel v\u00e1runk szombaton, j\u00fanius 21-\u00e9n, 19 \u00f3r\u00e1t\u00f3l a Szent Istv\u00e1n Bazilik\u00e1ban, az im\u00e1t vezeti Dr. Kov\u00e1cs Zolt\u00e1n mariol\u00f3gus professzor atya.<\/p>","protected":false},"author":6,"featured_media":8947,"comment_status":"closed","ping_status":"closed","sticky":false,"template":"","format":"standard","meta":{"_price":"","_stock":"","_tribe_ticket_header":"","_tribe_default_ticket_provider":"","_tribe_ticket_capacity":"0","_ticket_start_date":"","_ticket_end_date":"","_tribe_ticket_show_description":"","_tribe_ticket_show_not_going":false,"_tribe_ticket_use_global_stock":"","_tribe_ticket_global_stock_level":"","_global_stock_mode":"","_global_stock_cap":"","_tribe_rsvp_for_event":"","_tribe_ticket_going_count":"","_tribe_ticket_not_going_count":"","_tribe_tickets_list":"[]","_tribe_ticket_has_attendee_info_fields":false,"footnotes":""},"categories":[17],"tags":[],"class_list":["post-8946","post","type-post","status-publish","format-standard","has-post-thumbnail","hentry","category-informacio"],"_links":{"self":[{"href":"https:\/\/bazilikabudapest.hu\/en\/wp-json\/wp\/v2\/posts\/8946","targetHints":{"allow":["GET"]}}],"collection":[{"href":"https:\/\/bazilikabudapest.hu\/en\/wp-json\/wp\/v2\/posts"}],"about":[{"href":"https:\/\/bazilikabudapest.hu\/en\/wp-json\/wp\/v2\/types\/post"}],"author":[{"embeddable":true,"href":"https:\/\/bazilikabudapest.hu\/en\/wp-json\/wp\/v2\/users\/6"}],"replies":[{"embeddable":true,"href":"https:\/\/bazilikabudapest.hu\/en\/wp-json\/wp\/v2\/comments?post=8946"}],"version-history":[{"count":2,"href":"https:\/\/bazilikabudapest.hu\/en\/wp-json\/wp\/v2\/posts\/8946\/revisions"}],"predecessor-version":[{"id":8949,"href":"https:\/\/bazilikabudapest.hu\/en\/wp-json\/wp\/v2\/posts\/8946\/revisions\/8949"}],"wp:featuredmedia":[{"embeddable":true,"href":"https:\/\/bazilikabudapest.hu\/en\/wp-json\/wp\/v2\/media\/8947"}],"wp:attachment":[{"href":"https:\/\/bazilikabudapest.hu\/en\/wp-json\/wp\/v2\/media?parent=8946"}],"wp:term":[{"taxonomy":"category","embeddable":true,"href":"https:\/\/bazilikabudapest.hu\/en\/wp-json\/wp\/v2\/categories?post=8946"},{"taxonomy":"post_tag","embeddable":true,"href":"https:\/\/bazilikabudapest.hu\/en\/wp-json\/wp\/v2\/tags?post=8946"}],"curies":[{"name":"wp","href":"https:\/\/api.w.org\/{rel}","templated":true}]}}