{"id":9055,"date":"2025-07-21T11:10:19","date_gmt":"2025-07-21T09:10:19","guid":{"rendered":"https:\/\/bazilikabudapest.hu\/?p=9055"},"modified":"2025-07-21T11:10:19","modified_gmt":"2025-07-21T09:10:19","slug":"ugyeleti-rend-a-plebania-hivatalban","status":"publish","type":"post","link":"https:\/\/bazilikabudapest.hu\/en\/2025\/07\/21\/ugyeleti-rend-a-plebania-hivatalban\/","title":{"rendered":"\u00dcgyeleti rend a Pl\u00e9b\u00e1nia Hivatalban"},"content":{"rendered":"<p>A Pl\u00e9b\u00e1nia Hivatal j\u00falius 21. \u00e9s augusztus 3. k\u00f6z\u00f6tt \u00fcgyeleti rend szerint m\u0171k\u00f6dik. Ebben az id\u0151szakban a hivatal csak keddenk\u00e9nt 10:00\u201312:00 \u00f3ra k\u00f6z\u00f6tt lesz nyitva. Ezen fel\u00fcl hivatali \u00fcgyek int\u00e9z\u00e9s\u00e9re lehet\u0151s\u00e9g van a Kegyeleti Iroda nyitvatart\u00e1si idej\u00e9ben is, amely ez id\u0151 alatt v\u00e1ltozatlan rendben m\u0171k\u00f6dik, illetve a\u00a0<a href=\"mailto:hivatal@basilica.hu\" target=\"_blank\" rel=\"noreferrer noopener\">hivatal@basilica.hu<\/a>\u00a0email c\u00edmen is el\u00e9rhet\u0151ek vagyunk.\u00a0 Meg\u00e9rt\u00e9s\u00fcket k\u00f6sz\u00f6nj\u00fck!&#8221;<\/p>\n\n\n<div class=\"wp-block-image\">\n<figure class=\"aligncenter size-full is-resized\"><img fetchpriority=\"high\" decoding=\"async\" width=\"275\" height=\"183\" src=\"https:\/\/bazilikabudapest.hu\/wp-content\/uploads\/2025\/07\/ugyeleti-rend-2.jpeg\" alt=\"\" class=\"wp-image-9056\" style=\"width:398px;height:auto\"\/><\/figure>\n<\/div>","protected":false},"excerpt":{"rendered":"<p>A Pl\u00e9b\u00e1nia Hivatal j\u00falius 21. \u00e9s augusztus 3. k\u00f6z\u00f6tt \u00fcgyeleti rend szerint m\u0171k\u00f6dik. Ebben az id\u0151szakban a hivatal csak keddenk\u00e9nt 10:00\u201312:00 \u00f3ra k\u00f6z\u00f6tt lesz nyitva. Ezen fel\u00fcl hivatali \u00fcgyek int\u00e9z\u00e9s\u00e9re lehet\u0151s\u00e9g van a Kegyeleti Iroda nyitvatart\u00e1si idej\u00e9ben is, amely ez id\u0151 alatt v\u00e1ltozatlan rendben m\u0171k\u00f6dik, illetve a\u00a0hivatal@basilica.hu\u00a0email c\u00edmen is el\u00e9rhet\u0151ek vagyunk.\u00a0 Meg\u00e9rt\u00e9s\u00fcket k\u00f6sz\u00f6nj\u00fck!&#8221;<\/p>","protected":false},"author":6,"featured_media":9056,"comment_status":"closed","ping_status":"","sticky":false,"template":"","format":"standard","meta":{"_price":"","_stock":"","_tribe_ticket_header":"","_tribe_default_ticket_provider":"","_tribe_ticket_capacity":"0","_ticket_start_date":"","_ticket_end_date":"","_tribe_ticket_show_description":"","_tribe_ticket_show_not_going":false,"_tribe_ticket_use_global_stock":"","_tribe_ticket_global_stock_level":"","_global_stock_mode":"","_global_stock_cap":"","_tribe_rsvp_for_event":"","_tribe_ticket_going_count":"","_tribe_ticket_not_going_count":"","_tribe_tickets_list":"[]","_tribe_ticket_has_attendee_info_fields":false,"footnotes":""},"categories":[17],"tags":[],"class_list":["post-9055","post","type-post","status-publish","format-standard","has-post-thumbnail","hentry","category-informacio"],"_links":{"self":[{"href":"https:\/\/bazilikabudapest.hu\/en\/wp-json\/wp\/v2\/posts\/9055","targetHints":{"allow":["GET"]}}],"collection":[{"href":"https:\/\/bazilikabudapest.hu\/en\/wp-json\/wp\/v2\/posts"}],"about":[{"href":"https:\/\/bazilikabudapest.hu\/en\/wp-json\/wp\/v2\/types\/post"}],"author":[{"embeddable":true,"href":"https:\/\/bazilikabudapest.hu\/en\/wp-json\/wp\/v2\/users\/6"}],"replies":[{"embeddable":true,"href":"https:\/\/bazilikabudapest.hu\/en\/wp-json\/wp\/v2\/comments?post=9055"}],"version-history":[{"count":1,"href":"https:\/\/bazilikabudapest.hu\/en\/wp-json\/wp\/v2\/posts\/9055\/revisions"}],"predecessor-version":[{"id":9057,"href":"https:\/\/bazilikabudapest.hu\/en\/wp-json\/wp\/v2\/posts\/9055\/revisions\/9057"}],"wp:featuredmedia":[{"embeddable":true,"href":"https:\/\/bazilikabudapest.hu\/en\/wp-json\/wp\/v2\/media\/9056"}],"wp:attachment":[{"href":"https:\/\/bazilikabudapest.hu\/en\/wp-json\/wp\/v2\/media?parent=9055"}],"wp:term":[{"taxonomy":"category","embeddable":true,"href":"https:\/\/bazilikabudapest.hu\/en\/wp-json\/wp\/v2\/categories?post=9055"},{"taxonomy":"post_tag","embeddable":true,"href":"https:\/\/bazilikabudapest.hu\/en\/wp-json\/wp\/v2\/tags?post=9055"}],"curies":[{"name":"wp","href":"https:\/\/api.w.org\/{rel}","templated":true}]}}