{"id":9063,"date":"2025-07-22T12:53:38","date_gmt":"2025-07-22T10:53:38","guid":{"rendered":"https:\/\/bazilikabudapest.hu\/?p=9063"},"modified":"2025-07-22T12:53:38","modified_gmt":"2025-07-22T10:53:38","slug":"ima-es-engesztelo-virrasztas-hazankert","status":"publish","type":"post","link":"https:\/\/bazilikabudapest.hu\/en\/2025\/07\/22\/ima-es-engesztelo-virrasztas-hazankert\/","title":{"rendered":"Ima \u00e9s engesztel\u0151 virraszt\u00e1s haz\u00e1nk\u00e9rt"},"content":{"rendered":"<p>A budapesti Szent Istv\u00e1n Bazilik\u00e1ban ima \u00e9s engesztel\u0151 virraszt\u00e1s lesz haz\u00e1nk\u00e9rt, magyars\u00e1g lelki meg\u00fajul\u00e1s\u00e1\u00e9rt 2025. augusztus 14-\u00e9n cs\u00fct\u00f6rt\u00f6k\u00f6n este 8 \u00f3r\u00e1t\u00f3l p\u00e9ntek reggel 5 \u00f3r\u00e1ig. \u00c9jf\u00e9lkor szentmis\u00e9vel k\u00f6sz\u00f6ntj\u00fck a menybe f\u00f6lvett Boldogs\u00e1gos Any\u00e1t. Mindenkit szeretettel v\u00e1runk. <\/p>\n\n\n\n<figure class=\"wp-block-image size-large\"><img fetchpriority=\"high\" decoding=\"async\" width=\"724\" height=\"1024\" src=\"https:\/\/bazilikabudapest.hu\/wp-content\/uploads\/2025\/07\/0-724x1024.jpg\" alt=\"\" class=\"wp-image-9064\" srcset=\"https:\/\/bazilikabudapest.hu\/wp-content\/uploads\/2025\/07\/0-724x1024.jpg 724w, https:\/\/bazilikabudapest.hu\/wp-content\/uploads\/2025\/07\/0-212x300.jpg 212w, https:\/\/bazilikabudapest.hu\/wp-content\/uploads\/2025\/07\/0-768x1086.jpg 768w, https:\/\/bazilikabudapest.hu\/wp-content\/uploads\/2025\/07\/0-1086x1536.jpg 1086w, https:\/\/bazilikabudapest.hu\/wp-content\/uploads\/2025\/07\/0-8x12.jpg 8w, https:\/\/bazilikabudapest.hu\/wp-content\/uploads\/2025\/07\/0-415x587.jpg 415w, https:\/\/bazilikabudapest.hu\/wp-content\/uploads\/2025\/07\/0-650x919.jpg 650w, https:\/\/bazilikabudapest.hu\/wp-content\/uploads\/2025\/07\/0-250x354.jpg 250w, https:\/\/bazilikabudapest.hu\/wp-content\/uploads\/2025\/07\/0.jpg 1190w\" sizes=\"(max-width: 724px) 100vw, 724px\" \/><\/figure>","protected":false},"excerpt":{"rendered":"<p>A budapesti Szent Istv\u00e1n Bazilik\u00e1ban ima \u00e9s engesztel\u0151 virraszt\u00e1s lesz haz\u00e1nk\u00e9rt, magyars\u00e1g lelki meg\u00fajul\u00e1s\u00e1\u00e9rt 2025. augusztus 14-\u00e9n cs\u00fct\u00f6rt\u00f6k\u00f6n este 8 \u00f3r\u00e1t\u00f3l p\u00e9ntek reggel 5 \u00f3r\u00e1ig. \u00c9jf\u00e9lkor szentmis\u00e9vel k\u00f6sz\u00f6ntj\u00fck a menybe f\u00f6lvett Boldogs\u00e1gos Any\u00e1t. Mindenkit szeretettel v\u00e1runk.<\/p>","protected":false},"author":6,"featured_media":9067,"comment_status":"closed","ping_status":"","sticky":false,"template":"","format":"standard","meta":{"_price":"","_stock":"","_tribe_ticket_header":"","_tribe_default_ticket_provider":"","_tribe_ticket_capacity":"0","_ticket_start_date":"","_ticket_end_date":"","_tribe_ticket_show_description":"","_tribe_ticket_show_not_going":false,"_tribe_ticket_use_global_stock":"","_tribe_ticket_global_stock_level":"","_global_stock_mode":"","_global_stock_cap":"","_tribe_rsvp_for_event":"","_tribe_ticket_going_count":"","_tribe_ticket_not_going_count":"","_tribe_tickets_list":"[]","_tribe_ticket_has_attendee_info_fields":false,"footnotes":""},"categories":[17],"tags":[],"class_list":["post-9063","post","type-post","status-publish","format-standard","has-post-thumbnail","hentry","category-informacio"],"_links":{"self":[{"href":"https:\/\/bazilikabudapest.hu\/en\/wp-json\/wp\/v2\/posts\/9063","targetHints":{"allow":["GET"]}}],"collection":[{"href":"https:\/\/bazilikabudapest.hu\/en\/wp-json\/wp\/v2\/posts"}],"about":[{"href":"https:\/\/bazilikabudapest.hu\/en\/wp-json\/wp\/v2\/types\/post"}],"author":[{"embeddable":true,"href":"https:\/\/bazilikabudapest.hu\/en\/wp-json\/wp\/v2\/users\/6"}],"replies":[{"embeddable":true,"href":"https:\/\/bazilikabudapest.hu\/en\/wp-json\/wp\/v2\/comments?post=9063"}],"version-history":[{"count":2,"href":"https:\/\/bazilikabudapest.hu\/en\/wp-json\/wp\/v2\/posts\/9063\/revisions"}],"predecessor-version":[{"id":9066,"href":"https:\/\/bazilikabudapest.hu\/en\/wp-json\/wp\/v2\/posts\/9063\/revisions\/9066"}],"wp:featuredmedia":[{"embeddable":true,"href":"https:\/\/bazilikabudapest.hu\/en\/wp-json\/wp\/v2\/media\/9067"}],"wp:attachment":[{"href":"https:\/\/bazilikabudapest.hu\/en\/wp-json\/wp\/v2\/media?parent=9063"}],"wp:term":[{"taxonomy":"category","embeddable":true,"href":"https:\/\/bazilikabudapest.hu\/en\/wp-json\/wp\/v2\/categories?post=9063"},{"taxonomy":"post_tag","embeddable":true,"href":"https:\/\/bazilikabudapest.hu\/en\/wp-json\/wp\/v2\/tags?post=9063"}],"curies":[{"name":"wp","href":"https:\/\/api.w.org\/{rel}","templated":true}]}}