{"id":9071,"date":"2025-07-23T13:02:03","date_gmt":"2025-07-23T11:02:03","guid":{"rendered":"https:\/\/bazilikabudapest.hu\/?p=9071"},"modified":"2025-07-23T13:02:03","modified_gmt":"2025-07-23T11:02:03","slug":"adjunk-halat-kozosen-szent-istvan-unnepen","status":"publish","type":"post","link":"https:\/\/bazilikabudapest.hu\/en\/2025\/07\/23\/adjunk-halat-kozosen-szent-istvan-unnepen\/","title":{"rendered":"Adjunk H\u00e1l\u00e1t K\u00f6z\u00f6sen Szent Istv\u00e1n \u00dcnnep\u00e9n!"},"content":{"rendered":"<p>2025. augusztus 20-\u00e1n d\u00e9lel\u0151tt 10 \u00f3rakor a Szent Jobb \u00fcnnep\u00e9lyes elhelyez\u00e9se a Bazilika szent\u00e9ly\u00e9ben ahol \u00fcnnepi szentmis\u00e9t mutat be Mohos G\u00e1bor p\u00fcsp\u00f6k, pl\u00e9b\u00e1nos. <\/p>\n\n\n\n<p>A Szent Istv\u00e1n Bazilik\u00e1t \u00e9s a Szent Istv\u00e1n teret 13-\u00f3rakor bez\u00e1rj\u00e1k. 15-\u00f3r\u00e1t\u00f3l nyitj\u00e1k meg a bel\u00e9ptet\u00e9si kapukat a 17-\u00f3rai szentmis\u00e9re \u00e9s k\u00f6rmenetre.<\/p>\n\n\n\n<p>17-\u00f3r\u00e1t\u00f3l a Szent Istv\u00e1n-bazilika el\u0151tti t\u00e9ren \u00fcnnepi szentmis\u00e9t mutat be Erd\u0151  P\u00e9ter b\u00edboros, pr\u00edm\u00e1s, \u00e9rsek a Magyar Katolikus P\u00fcsp\u00f6ki Konferencia tagjaival. Szentbesz\u00e9det mond Marton Zsolt v\u00e1ci megy\u00e9sp\u00fcsp\u00f6k. A szentmise a hagyom\u00e1nyos Szent Jobb k\u00f6rmenettel z\u00e1rul. Mindenkit szeretettel h\u00edvunk \u00e9s v\u00e1runk. \u00dcnnepelj\u00fcnk egy\u00fctt a 80 \u00e9ve hazat\u00e9rt Szent Jobb jelenl\u00e9t\u00e9ben. <\/p>\n\n\n<div class=\"wp-block-image\">\n<figure class=\"aligncenter size-large\"><img fetchpriority=\"high\" decoding=\"async\" width=\"724\" height=\"1024\" src=\"https:\/\/bazilikabudapest.hu\/wp-content\/uploads\/2025\/07\/0-1-724x1024.jpg\" alt=\"\" class=\"wp-image-9072\" srcset=\"https:\/\/bazilikabudapest.hu\/wp-content\/uploads\/2025\/07\/0-1-724x1024.jpg 724w, https:\/\/bazilikabudapest.hu\/wp-content\/uploads\/2025\/07\/0-1-212x300.jpg 212w, https:\/\/bazilikabudapest.hu\/wp-content\/uploads\/2025\/07\/0-1-768x1086.jpg 768w, https:\/\/bazilikabudapest.hu\/wp-content\/uploads\/2025\/07\/0-1-1086x1536.jpg 1086w, https:\/\/bazilikabudapest.hu\/wp-content\/uploads\/2025\/07\/0-1-8x12.jpg 8w, https:\/\/bazilikabudapest.hu\/wp-content\/uploads\/2025\/07\/0-1-415x587.jpg 415w, https:\/\/bazilikabudapest.hu\/wp-content\/uploads\/2025\/07\/0-1-650x919.jpg 650w, https:\/\/bazilikabudapest.hu\/wp-content\/uploads\/2025\/07\/0-1-250x354.jpg 250w, https:\/\/bazilikabudapest.hu\/wp-content\/uploads\/2025\/07\/0-1.jpg 1190w\" sizes=\"(max-width: 724px) 100vw, 724px\" \/><\/figure>\n<\/div>","protected":false},"excerpt":{"rendered":"<p>2025. augusztus 20-\u00e1n d\u00e9lel\u0151tt 10 \u00f3rakor a Szent Jobb \u00fcnnep\u00e9lyes elhelyez\u00e9se a Bazilika szent\u00e9ly\u00e9ben ahol \u00fcnnepi szentmis\u00e9t mutat be Mohos G\u00e1bor p\u00fcsp\u00f6k, pl\u00e9b\u00e1nos. A Szent Istv\u00e1n Bazilik\u00e1t \u00e9s a Szent Istv\u00e1n teret 13-\u00f3rakor bez\u00e1rj\u00e1k. 15-\u00f3r\u00e1t\u00f3l nyitj\u00e1k meg a bel\u00e9ptet\u00e9si kapukat a 17-\u00f3rai szentmis\u00e9re \u00e9s k\u00f6rmenetre. 17-\u00f3r\u00e1t\u00f3l a Szent Istv\u00e1n-bazilika el\u0151tti t\u00e9ren \u00fcnnepi szentmis\u00e9t mutat be Erd\u0151 P\u00e9ter b\u00edboros, pr\u00edm\u00e1s, \u00e9rsek a Magyar Katolikus P\u00fcsp\u00f6ki Konferencia tagjaival. Szentbesz\u00e9det mond Marton Zsolt v\u00e1ci megy\u00e9sp\u00fcsp\u00f6k. A szentmise a hagyom\u00e1nyos Szent Jobb k\u00f6rmenettel z\u00e1rul. Mindenkit szeretettel h\u00edvunk \u00e9s v\u00e1runk. \u00dcnnepelj\u00fcnk egy\u00fctt a 80 \u00e9ve&#8230;<\/p>","protected":false},"author":6,"featured_media":9072,"comment_status":"closed","ping_status":"","sticky":false,"template":"","format":"standard","meta":{"_price":"","_stock":"","_tribe_ticket_header":"","_tribe_default_ticket_provider":"","_tribe_ticket_capacity":"0","_ticket_start_date":"","_ticket_end_date":"","_tribe_ticket_show_description":"","_tribe_ticket_show_not_going":false,"_tribe_ticket_use_global_stock":"","_tribe_ticket_global_stock_level":"","_global_stock_mode":"","_global_stock_cap":"","_tribe_rsvp_for_event":"","_tribe_ticket_going_count":"","_tribe_ticket_not_going_count":"","_tribe_tickets_list":"[]","_tribe_ticket_has_attendee_info_fields":false,"footnotes":"[]"},"categories":[17],"tags":[],"class_list":["post-9071","post","type-post","status-publish","format-standard","has-post-thumbnail","hentry","category-informacio"],"_links":{"self":[{"href":"https:\/\/bazilikabudapest.hu\/en\/wp-json\/wp\/v2\/posts\/9071","targetHints":{"allow":["GET"]}}],"collection":[{"href":"https:\/\/bazilikabudapest.hu\/en\/wp-json\/wp\/v2\/posts"}],"about":[{"href":"https:\/\/bazilikabudapest.hu\/en\/wp-json\/wp\/v2\/types\/post"}],"author":[{"embeddable":true,"href":"https:\/\/bazilikabudapest.hu\/en\/wp-json\/wp\/v2\/users\/6"}],"replies":[{"embeddable":true,"href":"https:\/\/bazilikabudapest.hu\/en\/wp-json\/wp\/v2\/comments?post=9071"}],"version-history":[{"count":1,"href":"https:\/\/bazilikabudapest.hu\/en\/wp-json\/wp\/v2\/posts\/9071\/revisions"}],"predecessor-version":[{"id":9073,"href":"https:\/\/bazilikabudapest.hu\/en\/wp-json\/wp\/v2\/posts\/9071\/revisions\/9073"}],"wp:featuredmedia":[{"embeddable":true,"href":"https:\/\/bazilikabudapest.hu\/en\/wp-json\/wp\/v2\/media\/9072"}],"wp:attachment":[{"href":"https:\/\/bazilikabudapest.hu\/en\/wp-json\/wp\/v2\/media?parent=9071"}],"wp:term":[{"taxonomy":"category","embeddable":true,"href":"https:\/\/bazilikabudapest.hu\/en\/wp-json\/wp\/v2\/categories?post=9071"},{"taxonomy":"post_tag","embeddable":true,"href":"https:\/\/bazilikabudapest.hu\/en\/wp-json\/wp\/v2\/tags?post=9071"}],"curies":[{"name":"wp","href":"https:\/\/api.w.org\/{rel}","templated":true}]}}