{"id":9129,"date":"2025-09-08T06:37:56","date_gmt":"2025-09-08T04:37:56","guid":{"rendered":"https:\/\/bazilikabudapest.hu\/?p=9129"},"modified":"2025-09-08T06:37:56","modified_gmt":"2025-09-08T04:37:56","slug":"bazilika-hirdetese","status":"publish","type":"post","link":"https:\/\/bazilikabudapest.hu\/en\/2025\/09\/08\/bazilika-hirdetese\/","title":{"rendered":"Bazilika hirdet\u00e9se"},"content":{"rendered":"<p><strong>\u00c9vk\u00f6zi 23. vas\u00e1rnapon,<\/strong><\/p>\n\n\n\n<p><strong>\u00a0 2025. szeptember 7-\u00e9n<\/strong><\/p>\n\n\n\n<ol class=\"wp-block-list\">\n<li>A h\u00e9ten h\u00e9tf\u0151n <strong>szeptember 8-\u00e1n Sz\u0171z M\u00e1ria sz\u00fclet\u00e9se, Kisboldogasszonynak \u00fcnnepe lesz<\/strong>. Reggel 7 \u00e9s este 18 \u00f3rakor mondunk szentmis\u00e9t \u00e9s k\u00f6sz\u00f6ntj\u00fck a Boldogs\u00e1gos Sz\u0171z M\u00e1ri\u00e1t. P\u00e9nteken szeptember 12-\u00e9n <strong>Sz\u0171z M\u00e1ria szent nev\u00e9nek eml\u00e9knapja<\/strong>, szombaton szeptember 13-\u00e1n <strong>Aranysz\u00e1j\u00fa <\/strong>(Krizosztomosz)<strong> Szent J\u00e1nos p\u00fcsp\u00f6k \u00e9s egyh\u00e1ztan\u00edt\u00f3 eml\u00e9knapja<\/strong>, j\u00f6v\u0151 vas\u00e1rnap, szeptember 14-\u00e9n a <strong>Szentkereszt Felmagasztal\u00e1s\u00e1nak <\/strong>nagy \u00fcnnep\u00e9t \u00fclj\u00fck.<\/li>\n\n\n\n<li>Szeptember 13-\u00e1n szombaton tartj\u00e1k a Szent Istv\u00e1n t\u00e9ren a Nemzeti \u00c9rt\u00e9kek napj\u00e1t ennek keret\u00e9n bel\u00fcl itt a Bazilik\u00e1ban \u00f6kumenikus term\u00e9nymeg\u00e1ld\u00e1sra ker\u00fcl sor d\u00e9lel\u0151tt 10:00 \u00f3rakor.<\/li>\n\n\n\n<li>Szeptember 10-\u00e9n, szerd\u00e1n indul p\u00fcsp\u00f6k atya <strong>feln\u0151ttek sz\u00e1m\u00e1ra sz\u00f3l\u00f3 hittan\u00f3r\u00e1ja<\/strong> a M\u00e1ria k\u00e1poln\u00e1ban, \u00e9s ezt k\u00f6vet\u0151en minden szerd\u00e1n 19-\u00f3rai kezdettel. Mindenkit szeretettel v\u00e1runk.<\/li>\n\n\n\n<li>\u00d6r\u00f6mmel hirdetj\u00fck a kedves h\u00edveknek, hogy befejez\u0151d\u00f6tt templomunk nagyorgon\u00e1j\u00e1nak fel\u00faj\u00edt\u00e1sa, melyet szeptember 27-\u00e9n szombaton, az esti 18-\u00f3rai szentmise el\u0151tt szentel\u00fcnk meg. Szeretettel h\u00edvjuk a testv\u00e9reket az orgonaszentel\u00e9sre, a szentmis\u00e9re \u00e9s az ezt k\u00f6vet\u0151 \u00fcnnepi koncertre!<\/li>\n<\/ol>\n\n\n\n<ul class=\"wp-block-list\">\n<li><strong>Feln\u0151tt katekumen\u00e1tus indul <\/strong>mindazon feln\u0151ttek sz\u00e1m\u00e1ra, akik m\u00e9g nem r\u00e9szes\u00fcltek a kereszts\u00e9g szents\u00e9g\u00e9ben vagy meg vannak keresztelve, de els\u0151\u00e1ldoz\u00f3k vagy b\u00e9rm\u00e1lkoz\u00f3k m\u00e9g nem voltak. A felk\u00e9sz\u00edt\u00e9s p\u00e9ntekenk\u00e9nt az esti mise ut\u00e1n 19 \u00f3rakor kezd\u0151dik.<\/li>\n<\/ul>\n\n\n\n<p>A legels\u0151 alkalom szeptember 19-\u00e9n p\u00e9nteken lesz. Jelentkezni a pl\u00e9b\u00e1niahivatalban&nbsp; vagy a pl\u00e9b\u00e1nia e-mail c\u00edm\u00e9n (<a href=\"mailto:hivatal@basilica.hu\">hivatal@basilica.hu<\/a>) lehet.<\/p>\n\n\n\n<ul class=\"wp-block-list\">\n<li><strong>B\u00e9rm\u00e1lkoz\u00e1si felk\u00e9sz\u00edt\u00e9st is hirdet\u00fcnk K\u00f6z\u00e9piskol\u00e1sok r\u00e9sz\u00e9re<\/strong>. Azok jelentkez\u00e9s\u00e9t is nagy szeretettel v\u00e1rjuk, akik m\u00e9g nem keresztelkedtek meg vagy nem els\u0151\u00e1ldoztak.<br>Szombatonk\u00e9nt k\u00e9thetente lesznek a felk\u00e9sz\u00edt\u0151 alkalmak\u00a0 14:30-kor.<\/li>\n<\/ul>\n\n\n\n<p>A legels\u0151 alkalomra szeptember 20-\u00e1n ker\u00fcl sor. Erre az felk\u00e9sz\u00edt\u00e9sre szint\u00e9n \u00e9rdekl\u0151dni \u00e9s jelentkezni a pl\u00e9b\u00e1ni\u00e1n szem\u00e9lyesen vagy telefonon a +36 1 3172859-es sz\u00e1mon vagy a&nbsp;hivatal E-mail c\u00edmen is lehet:&nbsp;<a href=\"mailto:hivatal@basilica.hu\">hivatal@basilica.hu<\/a>&nbsp;<\/p>","protected":false},"excerpt":{"rendered":"<p>\u00c9vk\u00f6zi 23. vas\u00e1rnapon, \u00a0 2025. szeptember 7-\u00e9n A legels\u0151 alkalom szeptember 19-\u00e9n p\u00e9nteken lesz. Jelentkezni a pl\u00e9b\u00e1niahivatalban&nbsp; vagy a pl\u00e9b\u00e1nia e-mail c\u00edm\u00e9n (hivatal@basilica.hu) lehet. A legels\u0151 alkalomra szeptember 20-\u00e1n ker\u00fcl sor. Erre az felk\u00e9sz\u00edt\u00e9sre szint\u00e9n \u00e9rdekl\u0151dni \u00e9s jelentkezni a pl\u00e9b\u00e1ni\u00e1n szem\u00e9lyesen vagy telefonon a +36 1 3172859-es sz\u00e1mon vagy a&nbsp;hivatal E-mail c\u00edmen is lehet:&nbsp;hivatal@basilica.hu&nbsp;<\/p>","protected":false},"author":6,"featured_media":0,"comment_status":"closed","ping_status":"","sticky":false,"template":"","format":"standard","meta":{"_price":"","_stock":"","_tribe_ticket_header":"","_tribe_default_ticket_provider":"","_tribe_ticket_capacity":"0","_ticket_start_date":"","_ticket_end_date":"","_tribe_ticket_show_description":"","_tribe_ticket_show_not_going":false,"_tribe_ticket_use_global_stock":"","_tribe_ticket_global_stock_level":"","_global_stock_mode":"","_global_stock_cap":"","_tribe_rsvp_for_event":"","_tribe_ticket_going_count":"","_tribe_ticket_not_going_count":"","_tribe_tickets_list":"[]","_tribe_ticket_has_attendee_info_fields":false,"footnotes":""},"categories":[17],"tags":[],"class_list":["post-9129","post","type-post","status-publish","format-standard","hentry","category-informacio"],"_links":{"self":[{"href":"https:\/\/bazilikabudapest.hu\/en\/wp-json\/wp\/v2\/posts\/9129","targetHints":{"allow":["GET"]}}],"collection":[{"href":"https:\/\/bazilikabudapest.hu\/en\/wp-json\/wp\/v2\/posts"}],"about":[{"href":"https:\/\/bazilikabudapest.hu\/en\/wp-json\/wp\/v2\/types\/post"}],"author":[{"embeddable":true,"href":"https:\/\/bazilikabudapest.hu\/en\/wp-json\/wp\/v2\/users\/6"}],"replies":[{"embeddable":true,"href":"https:\/\/bazilikabudapest.hu\/en\/wp-json\/wp\/v2\/comments?post=9129"}],"version-history":[{"count":1,"href":"https:\/\/bazilikabudapest.hu\/en\/wp-json\/wp\/v2\/posts\/9129\/revisions"}],"predecessor-version":[{"id":9130,"href":"https:\/\/bazilikabudapest.hu\/en\/wp-json\/wp\/v2\/posts\/9129\/revisions\/9130"}],"wp:attachment":[{"href":"https:\/\/bazilikabudapest.hu\/en\/wp-json\/wp\/v2\/media?parent=9129"}],"wp:term":[{"taxonomy":"category","embeddable":true,"href":"https:\/\/bazilikabudapest.hu\/en\/wp-json\/wp\/v2\/categories?post=9129"},{"taxonomy":"post_tag","embeddable":true,"href":"https:\/\/bazilikabudapest.hu\/en\/wp-json\/wp\/v2\/tags?post=9129"}],"curies":[{"name":"wp","href":"https:\/\/api.w.org\/{rel}","templated":true}]}}